{"id":3381,"date":"2023-09-12T08:59:07","date_gmt":"2023-09-12T08:59:07","guid":{"rendered":"https:\/\/blogs.hoy.es\/moterosdehoy\/?p=3381"},"modified":"2023-09-12T09:18:13","modified_gmt":"2023-09-12T09:18:13","slug":"xvii-concentracion-buitres-leonaos","status":"publish","type":"post","link":"https:\/\/blogs.hoy.es\/moterosdehoy\/2023\/09\/12\/xvii-concentracion-buitres-leonaos\/","title":{"rendered":"XVII Concentraci\u00f3n Buitres Leonaos"},"content":{"rendered":"<h3>Bajo el nombre de &#8220;XVII Concentraci\u00f3n Extremarock&#8221; en su cartel, nuevamente el moto club &#8220;Buitres Leonaos&#8221; realizar\u00e1 su tradicional concentraci\u00f3n motera, la XVII Concentraci\u00f3n Internacional Motera Buitres Leonaos, esta edici\u00f3n con cambios.<\/h3>\n<div id=\"attachment_3384\" style=\"width: 222px\" class=\"wp-caption alignleft\"><a href=\"https:\/\/static-blogs.hoy.es\/wp-content\/uploads\/sites\/45\/2023\/09\/Buitres-Leonaos-2023_.jpg\"><img aria-describedby=\"caption-attachment-3384\" loading=\"lazy\" class=\"size-medium wp-image-3384\" src=\"https:\/\/static-blogs.hoy.es\/wp-content\/uploads\/sites\/45\/2023\/09\/Buitres-Leonaos-2023_-212x300.jpg\" alt=\"\" width=\"212\" height=\"300\" srcset=\"https:\/\/static-blogs.hoy.es\/wp-content\/uploads\/sites\/45\/2023\/09\/Buitres-Leonaos-2023_-212x300.jpg 212w, https:\/\/static-blogs.hoy.es\/wp-content\/uploads\/sites\/45\/2023\/09\/Buitres-Leonaos-2023_-768x1086.jpg 768w, https:\/\/static-blogs.hoy.es\/wp-content\/uploads\/sites\/45\/2023\/09\/Buitres-Leonaos-2023_-724x1024.jpg 724w, https:\/\/static-blogs.hoy.es\/wp-content\/uploads\/sites\/45\/2023\/09\/Buitres-Leonaos-2023_.jpg 1131w\" sizes=\"(max-width: 212px) 100vw, 212px\" \/><\/a><p id=\"caption-attachment-3384\" class=\"wp-caption-text\">Cartel del evento<\/p><\/div>\n<p>Tras una lucha contrarreloj para poder realizar el evento, dado que no ten\u00edan disponible los enclaves de ediciones anteriores, han optado por desviar la concentraci\u00f3n a <a href=\"https:\/\/www.malpartidadecaceres.es\/\" rel=\"external nofollow\">Malpartida de C\u00e1ceres<\/a>. Dicha poblaci\u00f3n ya hab\u00eda recibido la visita de la concentraci\u00f3n en sus rutas, y daba a entender que las motos eran bien recibidas.<\/p>\n<p>Tendr\u00e1 lugar <strong>desde el jueves 14 al domingo 17 de septiembre<\/strong>, con zona de acampada disponible para los inscritos en el paraje de San Isidro, de la localidad de Malpartida de C\u00e1ceres (C\u00e1ceres).<\/p>\n<p>Sin faltar por supuesto buena m\u00fasica en directo, rutas, regalos y stands, que hacen de la concentraci\u00f3n un c\u00famulo de reclamo a moteros de muy diversos lugares.<\/p>\n<p>Para esta edici\u00f3n los dos primeros asistentes acuden de nuestro vecino Portugal, concretamente dos residentes de Set\u00fabal (Celine y Filipe, cada uno con su moto), que a su vez pertenecen al <a href=\"https:\/\/www.facebook.com\/motoclubedesetubal\" rel=\"external nofollow\">Moto Clube de Set\u00fabal<\/a>, y que ya est\u00e1n esperando la apertura de puertas del evento. Est\u00e1 claro que a\u00f1o tras a\u00f1o tiene m\u00e1s adeptos y acuden de lugares m\u00e1s dispares.<\/p>\n<p>Es una pena que las dos capitales de provincia de Extremadura entiendan las motos como una molestia y traten de evitar todos los eventos moteros dentro de la ciudad. Sin llegar a pensar en el turismo que ello atrae, hoteles, desayunos, comidas y cenas en restaurantes, alg\u00fan paso por taller no esperado, surtidores de gasolinera, cafeter\u00edas, comprar alg\u00fan detalle t\u00edpico para el recuerdo&#8230; parece que todo eso no importa, pero dej\u00e9monos de palabras sensibleras y llamadas de atenci\u00f3n. Ya est\u00e1 organizado el evento de Buitres. Para esta edici\u00f3n tienes una <strong>inscripci\u00f3n de 35 euros<\/strong>, con la que recibir\u00e1s muchos tickets de consumiciones, cenas, comidas, regalos&#8230;<\/p>\n<p>Recuerda que un evento de motos siempre es un buen lugar para hacer amigos moteros, \u00bfy c\u00f3mo no? para volver a ver a los que ya tienes. \u00a1Nos vemos en Buitres!<\/p>\n<p>Saludos y r\u00e1fagas.<\/p>\n<!-- AddThis Advanced Settings generic via filter on the_content --><!-- AddThis Share Buttons generic via filter on the_content -->","protected":false},"excerpt":{"rendered":"<p>Bajo el nombre de &#8220;XVII Concentraci\u00f3n Extremarock&#8221; en su cartel, nuevamente el moto club &#8220;Buitres Leonaos&#8221; realizar\u00e1 su tradicional concentraci\u00f3n motera, la XVII Concentraci\u00f3n Internacional Motera Buitres Leonaos, esta edici\u00f3n con cambios. Tras una lucha contrarreloj para poder realizar el evento, dado que no ten\u00edan disponible los enclaves de ediciones anteriores, han optado por desviar [&hellip;]<!-- AddThis Advanced Settings generic via filter on get_the_excerpt --><!-- AddThis Share Buttons generic via filter on get_the_excerpt --><\/p>\n","protected":false},"author":49,"featured_media":0,"comment_status":"open","ping_status":"closed","sticky":false,"template":"","format":"standard","meta":[],"categories":[5,9,13,1],"tags":[1512,120,126,1528,1171,622,664],"_links":{"self":[{"href":"https:\/\/blogs.hoy.es\/moterosdehoy\/wp-json\/wp\/v2\/posts\/3381"}],"collection":[{"href":"https:\/\/blogs.hoy.es\/moterosdehoy\/wp-json\/wp\/v2\/posts"}],"about":[{"href":"https:\/\/blogs.hoy.es\/moterosdehoy\/wp-json\/wp\/v2\/types\/post"}],"author":[{"embeddable":true,"href":"https:\/\/blogs.hoy.es\/moterosdehoy\/wp-json\/wp\/v2\/users\/49"}],"replies":[{"embeddable":true,"href":"https:\/\/blogs.hoy.es\/moterosdehoy\/wp-json\/wp\/v2\/comments?post=3381"}],"version-history":[{"count":4,"href":"https:\/\/blogs.hoy.es\/moterosdehoy\/wp-json\/wp\/v2\/posts\/3381\/revisions"}],"predecessor-version":[{"id":3387,"href":"https:\/\/blogs.hoy.es\/moterosdehoy\/wp-json\/wp\/v2\/posts\/3381\/revisions\/3387"}],"wp:attachment":[{"href":"https:\/\/blogs.hoy.es\/moterosdehoy\/wp-json\/wp\/v2\/media?parent=3381"}],"wp:term":[{"taxonomy":"category","embeddable":true,"href":"https:\/\/blogs.hoy.es\/moterosdehoy\/wp-json\/wp\/v2\/categories?post=3381"},{"taxonomy":"post_tag","embeddable":true,"href":"https:\/\/blogs.hoy.es\/moterosdehoy\/wp-json\/wp\/v2\/tags?post=3381"}],"curies":[{"name":"wp","href":"https:\/\/api.w.org\/{rel}","templated":true}]}}