{"id":3396,"date":"2023-09-19T16:52:19","date_gmt":"2023-09-19T16:52:19","guid":{"rendered":"https:\/\/blogs.hoy.es\/moterosdehoy\/?p=3396"},"modified":"2023-09-19T17:02:02","modified_gmt":"2023-09-19T17:02:02","slug":"vii-quedada-motera-arturo-barroso-plata","status":"publish","type":"post","link":"https:\/\/blogs.hoy.es\/moterosdehoy\/2023\/09\/19\/vii-quedada-motera-arturo-barroso-plata\/","title":{"rendered":"VII Quedada motera &#8220;Arturo Barroso Plata&#8221;"},"content":{"rendered":"<h3>Por s\u00e9ptima vez consecutiva sin contar el par\u00f3n de la pandemia tendr\u00e1 lugar un evento en <a href=\"https:\/\/es.wikipedia.org\/wiki\/Villar_del_Rey\" rel=\"external nofollow\">Villar del Rey<\/a> (Badajoz) con motivo de homenajear a Arturo Barroso Plata.<\/h3>\n<p>Son muchos los motivos para organizar un evento motero: dar continuidad a un evento, cargar las arcas de un local, dar representaci\u00f3n a una asociaci\u00f3n, una localidad que le gustan los motociclistas, recordar a alguien querido&#8230; \u00e9ste \u00faltimo es el que nos lleva a la &#8220;<a href=\"https:\/\/www.facebook.com\/profile.php?id=100087952629492\" rel=\"external nofollow\">VII Quedada motera en Villar del Rey<\/a>, con la intenci\u00f3n de no dejar en el olvido a Arturo, pues ahora les gu\u00eda desde el cielo.<\/p>\n<p><a href=\"https:\/\/static-blogs.hoy.es\/wp-content\/uploads\/sites\/45\/2023\/09\/Villar-del-Rey-2023.jpg\"><img loading=\"lazy\" class=\"alignleft size-medium wp-image-3397\" src=\"https:\/\/static-blogs.hoy.es\/wp-content\/uploads\/sites\/45\/2023\/09\/Villar-del-Rey-2023-214x300.jpg\" alt=\"\" width=\"214\" height=\"300\" srcset=\"https:\/\/static-blogs.hoy.es\/wp-content\/uploads\/sites\/45\/2023\/09\/Villar-del-Rey-2023-214x300.jpg 214w, https:\/\/static-blogs.hoy.es\/wp-content\/uploads\/sites\/45\/2023\/09\/Villar-del-Rey-2023-768x1076.jpg 768w, https:\/\/static-blogs.hoy.es\/wp-content\/uploads\/sites\/45\/2023\/09\/Villar-del-Rey-2023-731x1024.jpg 731w\" sizes=\"(max-width: 214px) 100vw, 214px\" \/><\/a>Como todo buen evento en su cartel tiene marcado horarios y todo lo necesario para estar al tanto.<\/p>\n<p><strong>El punto de encuentro ser\u00e1 desde las 10 horas, en el recinto ferial de Villar del Rey<\/strong>.<\/p>\n<p>11h, inicio de ruta, Comarca de los Bald\u00edos, Sierra de San Pedro, Embalse Pe\u00f1a del \u00c1guila.<\/p>\n<p>12:30h, vuelta al recinto ferial, con DJ, comida, emotivos homenajes, sorteos, exhibici\u00f3n a cargo de &#8220;Paulo Martinho Freestyle&#8221;.<\/p>\n<p>Un evento que a\u00f1o tras a\u00f1o igual que suma colaboradores suma adeptos, para los que no conozcan el evento, el recinto ferial de Villar del Rey est\u00e1 fenomenal para la organizaci\u00f3n de un evento de \u00e9stas caracter\u00edsticas y adem\u00e1s con una amplia explanada para estacionar las motos junto a la puerta, lo que siempre es de agradecer.<\/p>\n<p>Seguro que una vez m\u00e1s se unir\u00e1n muchos amigos para pasar el d\u00eda y un a\u00f1o m\u00e1s surgir\u00e1n nuevas amistades.<\/p>\n<p>Aprovecho para dar las gracias al Ayto. de Villar del Rey por su apoyo al evento y como no, a la organizaci\u00f3n.<\/p>\n<p>Saludos y r\u00e1fagas.<\/p>\n<!-- AddThis Advanced Settings generic via filter on the_content --><!-- AddThis Share Buttons generic via filter on the_content -->","protected":false},"excerpt":{"rendered":"<p>Por s\u00e9ptima vez consecutiva sin contar el par\u00f3n de la pandemia tendr\u00e1 lugar un evento en Villar del Rey (Badajoz) con motivo de homenajear a Arturo Barroso Plata. Son muchos los motivos para organizar un evento motero: dar continuidad a un evento, cargar las arcas de un local, dar representaci\u00f3n a una asociaci\u00f3n, una localidad [&hellip;]<!-- AddThis Advanced Settings generic via filter on get_the_excerpt --><!-- AddThis Share Buttons generic via filter on get_the_excerpt --><\/p>\n","protected":false},"author":49,"featured_media":0,"comment_status":"open","ping_status":"closed","sticky":false,"template":"","format":"standard","meta":[],"categories":[5,9,13,1],"tags":[1531,1488,618,622,664,1532],"_links":{"self":[{"href":"https:\/\/blogs.hoy.es\/moterosdehoy\/wp-json\/wp\/v2\/posts\/3396"}],"collection":[{"href":"https:\/\/blogs.hoy.es\/moterosdehoy\/wp-json\/wp\/v2\/posts"}],"about":[{"href":"https:\/\/blogs.hoy.es\/moterosdehoy\/wp-json\/wp\/v2\/types\/post"}],"author":[{"embeddable":true,"href":"https:\/\/blogs.hoy.es\/moterosdehoy\/wp-json\/wp\/v2\/users\/49"}],"replies":[{"embeddable":true,"href":"https:\/\/blogs.hoy.es\/moterosdehoy\/wp-json\/wp\/v2\/comments?post=3396"}],"version-history":[{"count":4,"href":"https:\/\/blogs.hoy.es\/moterosdehoy\/wp-json\/wp\/v2\/posts\/3396\/revisions"}],"predecessor-version":[{"id":3401,"href":"https:\/\/blogs.hoy.es\/moterosdehoy\/wp-json\/wp\/v2\/posts\/3396\/revisions\/3401"}],"wp:attachment":[{"href":"https:\/\/blogs.hoy.es\/moterosdehoy\/wp-json\/wp\/v2\/media?parent=3396"}],"wp:term":[{"taxonomy":"category","embeddable":true,"href":"https:\/\/blogs.hoy.es\/moterosdehoy\/wp-json\/wp\/v2\/categories?post=3396"},{"taxonomy":"post_tag","embeddable":true,"href":"https:\/\/blogs.hoy.es\/moterosdehoy\/wp-json\/wp\/v2\/tags?post=3396"}],"curies":[{"name":"wp","href":"https:\/\/api.w.org\/{rel}","templated":true}]}}