{"id":3405,"date":"2023-09-20T19:07:22","date_gmt":"2023-09-20T19:07:22","guid":{"rendered":"https:\/\/blogs.hoy.es\/moterosdehoy\/?p=3405"},"modified":"2023-09-20T19:09:34","modified_gmt":"2023-09-20T19:09:34","slug":"xiii-ruta-motera-ciudad-de-trujillo","status":"publish","type":"post","link":"https:\/\/blogs.hoy.es\/moterosdehoy\/2023\/09\/20\/xiii-ruta-motera-ciudad-de-trujillo\/","title":{"rendered":"XIII Ruta motera Ciudad de Trujillo"},"content":{"rendered":"<h3>Los d\u00edas 23 y 24 de septiembre tendremos en Trujillo (C\u00e1ceres) la &#8220;XIII Ruta motera Ciudad de Trujillo&#8221;.<\/h3>\n<p>Un buen evento motero en el que el plato fuerte es disfrutar de las rutas y sus paisajes, teniendo una ruta en la tarde del s\u00e1bado y otra en la ma\u00f1ana del domingo, como no, con fiesta en la noche del s\u00e1bado, en esta ocasi\u00f3n del DJ Juan Pedro Masa.<\/p>\n<div id=\"attachment_3406\" style=\"width: 221px\" class=\"wp-caption alignleft\"><a href=\"https:\/\/static-blogs.hoy.es\/wp-content\/uploads\/sites\/45\/2023\/09\/Turgalium_2023.jpg\"><img aria-describedby=\"caption-attachment-3406\" loading=\"lazy\" class=\"size-medium wp-image-3406\" src=\"https:\/\/static-blogs.hoy.es\/wp-content\/uploads\/sites\/45\/2023\/09\/Turgalium_2023-211x300.jpg\" alt=\"\" width=\"211\" height=\"300\" srcset=\"https:\/\/static-blogs.hoy.es\/wp-content\/uploads\/sites\/45\/2023\/09\/Turgalium_2023-211x300.jpg 211w, https:\/\/static-blogs.hoy.es\/wp-content\/uploads\/sites\/45\/2023\/09\/Turgalium_2023-768x1094.jpg 768w, https:\/\/static-blogs.hoy.es\/wp-content\/uploads\/sites\/45\/2023\/09\/Turgalium_2023-719x1024.jpg 719w, https:\/\/static-blogs.hoy.es\/wp-content\/uploads\/sites\/45\/2023\/09\/Turgalium_2023.jpg 1123w\" sizes=\"(max-width: 211px) 100vw, 211px\" \/><\/a><p id=\"caption-attachment-3406\" class=\"wp-caption-text\">Cartel del evento<\/p><\/div>\n<p>Todo dar\u00e1 comienzo con apertura de inscripciones a las 18 horas del d\u00eda 23, en el &#8220;Bar Polo&#8221;, sito en la C\/. Marqu\u00e9s de Albayda, 5, <a href=\"https:\/\/es.wikipedia.org\/wiki\/Trujillo_(Espa%C3%B1a)\" rel=\"external nofollow\">Trujillo<\/a>.<\/p>\n<p>En el cartel del evento est\u00e1n disponibles tanto los horarios, como localidades por las que pasar\u00e1n las rutas, men\u00fas y precios.<\/p>\n<p>Para los que no conozcan la &#8220;Insigne y muy heroica&#8221; localidad de <a href=\"https:\/\/www.trujillo.es\/\" rel=\"external nofollow\">Trujillo<\/a>, t\u00edtulo concedido por la <a href=\"https:\/\/www.juntaex.es\/\" rel=\"external nofollow\">Junta de Extremadura<\/a> en el a\u00f1o 1997, ser\u00e1 un buen momento para ir a conocerla, y los que ya la conocen de disfrutar de ella, sus monumentos y su entorno.<\/p>\n<p><a href=\"https:\/\/www.facebook.com\/moteroshoy\" rel=\"external nofollow\">Saludos y r\u00e1fagas<\/a>.<\/p>\n<!-- AddThis Advanced Settings generic via filter on the_content --><!-- AddThis Share Buttons generic via filter on the_content -->","protected":false},"excerpt":{"rendered":"<p>Los d\u00edas 23 y 24 de septiembre tendremos en Trujillo (C\u00e1ceres) la &#8220;XIII Ruta motera Ciudad de Trujillo&#8221;. Un buen evento motero en el que el plato fuerte es disfrutar de las rutas y sus paisajes, teniendo una ruta en la tarde del s\u00e1bado y otra en la ma\u00f1ana del domingo, como no, con fiesta [&hellip;]<!-- AddThis Advanced Settings generic via filter on get_the_excerpt --><!-- AddThis Share Buttons generic via filter on get_the_excerpt --><\/p>\n","protected":false},"author":49,"featured_media":0,"comment_status":"open","ping_status":"closed","sticky":false,"template":"","format":"standard","meta":[],"categories":[5,9,13,1],"tags":[1488,622,664,1230,1123],"_links":{"self":[{"href":"https:\/\/blogs.hoy.es\/moterosdehoy\/wp-json\/wp\/v2\/posts\/3405"}],"collection":[{"href":"https:\/\/blogs.hoy.es\/moterosdehoy\/wp-json\/wp\/v2\/posts"}],"about":[{"href":"https:\/\/blogs.hoy.es\/moterosdehoy\/wp-json\/wp\/v2\/types\/post"}],"author":[{"embeddable":true,"href":"https:\/\/blogs.hoy.es\/moterosdehoy\/wp-json\/wp\/v2\/users\/49"}],"replies":[{"embeddable":true,"href":"https:\/\/blogs.hoy.es\/moterosdehoy\/wp-json\/wp\/v2\/comments?post=3405"}],"version-history":[{"count":3,"href":"https:\/\/blogs.hoy.es\/moterosdehoy\/wp-json\/wp\/v2\/posts\/3405\/revisions"}],"predecessor-version":[{"id":3409,"href":"https:\/\/blogs.hoy.es\/moterosdehoy\/wp-json\/wp\/v2\/posts\/3405\/revisions\/3409"}],"wp:attachment":[{"href":"https:\/\/blogs.hoy.es\/moterosdehoy\/wp-json\/wp\/v2\/media?parent=3405"}],"wp:term":[{"taxonomy":"category","embeddable":true,"href":"https:\/\/blogs.hoy.es\/moterosdehoy\/wp-json\/wp\/v2\/categories?post=3405"},{"taxonomy":"post_tag","embeddable":true,"href":"https:\/\/blogs.hoy.es\/moterosdehoy\/wp-json\/wp\/v2\/tags?post=3405"}],"curies":[{"name":"wp","href":"https:\/\/api.w.org\/{rel}","templated":true}]}}