{"id":3411,"date":"2023-09-30T11:59:44","date_gmt":"2023-09-30T11:59:44","guid":{"rendered":"https:\/\/blogs.hoy.es\/moterosdehoy\/?p=3411"},"modified":"2023-09-30T12:00:28","modified_gmt":"2023-09-30T12:00:28","slug":"iii-ruta-motera-el-refugio-en-badajoz","status":"publish","type":"post","link":"https:\/\/blogs.hoy.es\/moterosdehoy\/2023\/09\/30\/iii-ruta-motera-el-refugio-en-badajoz\/","title":{"rendered":"III Ruta Motera El Refugio en Badajoz"},"content":{"rendered":"<p>Nuestro querido \u201cPub Refugio\u201d nos ha preparado su tercera ruta motera.<\/p>\n<p>El Pub Refugio en Badajoz est\u00e1 regentado por \u201cEstefi\u201d buena motera que traslada su pasi\u00f3n a su local, con decoraci\u00f3n, m\u00fasica, ambiente\u2026 motero.<\/p>\n<p><a href=\"https:\/\/static-blogs.hoy.es\/wp-content\/uploads\/sites\/45\/2023\/09\/III-Ruta-motera-Refugio.jpg\"><img loading=\"lazy\" class=\"alignleft size-medium wp-image-3412\" src=\"https:\/\/static-blogs.hoy.es\/wp-content\/uploads\/sites\/45\/2023\/09\/III-Ruta-motera-Refugio-213x300.jpg\" alt=\"\" width=\"213\" height=\"300\" srcset=\"https:\/\/static-blogs.hoy.es\/wp-content\/uploads\/sites\/45\/2023\/09\/III-Ruta-motera-Refugio-213x300.jpg 213w, https:\/\/static-blogs.hoy.es\/wp-content\/uploads\/sites\/45\/2023\/09\/III-Ruta-motera-Refugio-768x1081.jpg 768w, https:\/\/static-blogs.hoy.es\/wp-content\/uploads\/sites\/45\/2023\/09\/III-Ruta-motera-Refugio-728x1024.jpg 728w, https:\/\/static-blogs.hoy.es\/wp-content\/uploads\/sites\/45\/2023\/09\/III-Ruta-motera-Refugio.jpg 1137w\" sizes=\"(max-width: 213px) 100vw, 213px\" \/><\/a>Por tercer a\u00f1o consecutivo realizar\u00e1 una ruta. El punto de encuentro ser\u00e1 a las 10 horas, en el <a href=\"https:\/\/www.google.es\/maps\/place\/Mes%C3%B3n+El+Chozo+Extreme%C3%B1o\/@38.8871571,-6.9819479,17z\/data=!3m1!4b1!4m6!3m5!1s0xd16e431379ea439:0xc3c11d4a38a5b1!8m2!3d38.887153!4d-6.979373!16s%2Fg%2F11c5h29f00?entry=ttu\" rel=\"external nofollow\">Mes\u00f3n Chozo Extreme\u00f1o<\/a>. En \u00e9sta ocasi\u00f3n la ruta iniciar\u00e1 a las 10:30h y pasar\u00e1 por Barcarrota, Alconchel (localidad en la que tendr\u00e1n una parada para tomar un refrigerio), Olivenza y, finalizando en Badajoz, con hora prevista de llegada sobre las 14 horas para convivencia, picoteo y buena m\u00fasica.<\/p>\n<p>Con una inscripci\u00f3n de 6\u20ac obtendr\u00e1s una chapa conmemorativa, ticket para participar en los sorteos y una consumici\u00f3n (cerveza o tinto de verano).<\/p>\n<p>Las inscripciones ya se encuentran a la venta en el propio local \u201c<a href=\"https:\/\/www.facebook.com\/people\/El-Refugio-Badajoz\/100063612750965\/?locale=es_ES\" rel=\"external nofollow\">Pub Refugio<\/a>\u201d, en C\/. Rafael Lucenqui, n\u00famero 6, de Badajoz, donde tambi\u00e9n podr\u00e1s obtenerlas el mismo d\u00eda del evento pero para evitar colas es preferible llevarla de antemano.<\/p>\n<p>Nos vemos en el Refu, seguro que ser\u00e1 un buen d\u00eda motero.<\/p>\n<p><a href=\"https:\/\/www.facebook.com\/moteroshoy\/\" rel=\"external nofollow\">Saludos y r\u00e1fagas<\/a>.<\/p>\n<!-- AddThis Advanced Settings generic via filter on the_content --><!-- AddThis Share Buttons generic via filter on the_content -->","protected":false},"excerpt":{"rendered":"<p>Nuestro querido \u201cPub Refugio\u201d nos ha preparado su tercera ruta motera. El Pub Refugio en Badajoz est\u00e1 regentado por \u201cEstefi\u201d buena motera que traslada su pasi\u00f3n a su local, con decoraci\u00f3n, m\u00fasica, ambiente\u2026 motero. Por tercer a\u00f1o consecutivo realizar\u00e1 una ruta. El punto de encuentro ser\u00e1 a las 10 horas, en el Mes\u00f3n Chozo Extreme\u00f1o. [&hellip;]<!-- AddThis Advanced Settings generic via filter on get_the_excerpt --><!-- AddThis Share Buttons generic via filter on get_the_excerpt --><\/p>\n","protected":false},"author":49,"featured_media":0,"comment_status":"open","ping_status":"closed","sticky":false,"template":"","format":"standard","meta":[],"categories":[9,13,1],"tags":[87,1295,622,1293,1241],"_links":{"self":[{"href":"https:\/\/blogs.hoy.es\/moterosdehoy\/wp-json\/wp\/v2\/posts\/3411"}],"collection":[{"href":"https:\/\/blogs.hoy.es\/moterosdehoy\/wp-json\/wp\/v2\/posts"}],"about":[{"href":"https:\/\/blogs.hoy.es\/moterosdehoy\/wp-json\/wp\/v2\/types\/post"}],"author":[{"embeddable":true,"href":"https:\/\/blogs.hoy.es\/moterosdehoy\/wp-json\/wp\/v2\/users\/49"}],"replies":[{"embeddable":true,"href":"https:\/\/blogs.hoy.es\/moterosdehoy\/wp-json\/wp\/v2\/comments?post=3411"}],"version-history":[{"count":2,"href":"https:\/\/blogs.hoy.es\/moterosdehoy\/wp-json\/wp\/v2\/posts\/3411\/revisions"}],"predecessor-version":[{"id":3414,"href":"https:\/\/blogs.hoy.es\/moterosdehoy\/wp-json\/wp\/v2\/posts\/3411\/revisions\/3414"}],"wp:attachment":[{"href":"https:\/\/blogs.hoy.es\/moterosdehoy\/wp-json\/wp\/v2\/media?parent=3411"}],"wp:term":[{"taxonomy":"category","embeddable":true,"href":"https:\/\/blogs.hoy.es\/moterosdehoy\/wp-json\/wp\/v2\/categories?post=3411"},{"taxonomy":"post_tag","embeddable":true,"href":"https:\/\/blogs.hoy.es\/moterosdehoy\/wp-json\/wp\/v2\/tags?post=3411"}],"curies":[{"name":"wp","href":"https:\/\/api.w.org\/{rel}","templated":true}]}}