{"id":3416,"date":"2023-10-10T20:45:15","date_gmt":"2023-10-10T20:45:15","guid":{"rendered":"https:\/\/blogs.hoy.es\/moterosdehoy\/?p=3416"},"modified":"2023-10-10T20:45:15","modified_gmt":"2023-10-10T20:45:15","slug":"5o-festival-motero-callejeando-food-fest-en-badajoz","status":"publish","type":"post","link":"https:\/\/blogs.hoy.es\/moterosdehoy\/2023\/10\/10\/5o-festival-motero-callejeando-food-fest-en-badajoz\/","title":{"rendered":"5\u00ba Festival Motero Callejeando Food Fest en Badajoz"},"content":{"rendered":"<h3>Comienza la quinta edici\u00f3n del Festival Callejeando Food Fest en\u00a0<a href=\"https:\/\/www.aytobadajoz.es\/es\/ayto\/portada\" rel=\"external nofollow\">Badajoz<\/a>.<\/h3>\n<p><a href=\"https:\/\/static-blogs.hoy.es\/wp-content\/uploads\/sites\/45\/2023\/10\/Food-Fest-Badajoz-2023.jpg\"><img loading=\"lazy\" class=\"alignleft size-medium wp-image-3420\" src=\"https:\/\/static-blogs.hoy.es\/wp-content\/uploads\/sites\/45\/2023\/10\/Food-Fest-Badajoz-2023-300x300.jpg\" alt=\"\" width=\"300\" height=\"300\" srcset=\"https:\/\/static-blogs.hoy.es\/wp-content\/uploads\/sites\/45\/2023\/10\/Food-Fest-Badajoz-2023-300x300.jpg 300w, https:\/\/static-blogs.hoy.es\/wp-content\/uploads\/sites\/45\/2023\/10\/Food-Fest-Badajoz-2023-150x150.jpg 150w, https:\/\/static-blogs.hoy.es\/wp-content\/uploads\/sites\/45\/2023\/10\/Food-Fest-Badajoz-2023-768x768.jpg 768w, https:\/\/static-blogs.hoy.es\/wp-content\/uploads\/sites\/45\/2023\/10\/Food-Fest-Badajoz-2023-1024x1024.jpg 1024w, https:\/\/static-blogs.hoy.es\/wp-content\/uploads\/sites\/45\/2023\/10\/Food-Fest-Badajoz-2023.jpg 1239w\" sizes=\"(max-width: 300px) 100vw, 300px\" \/><\/a>En esta ocasi\u00f3n tendr\u00e1 lugar <strong>del mi\u00e9rcoles d\u00eda 11 al domingo 15 de octubre<\/strong> de 2023, vi\u00e9ndose alargado por encontrarse la festividad del Pilar en jueves, pero para los moteros contin\u00faa como en ediciones anteriores pues finalizar\u00e1 con una concentraci\u00f3n motera.<\/p>\n<p>Callejeando Food Fest son varios d\u00edas con actuaciones musicales, danza, juegos, y diversas actividades para disfrutar en el Auditorio Municipal Ricardo Carapeto, como no, rodeado de veh\u00edculos\u00a0<a href=\"https:\/\/www.google.com\/search?q=food+truck&amp;rlz=1C1GCEA_enES994ES994&amp;sxsrf=ALiCzsZM7LUXAsGboif04OeUECKmvA3oug:1664828464173&amp;source=lnms&amp;tbm=isch&amp;sa=X&amp;ved=2ahUKEwjR39-p8cT6AhVb_rsIHVuHAPcQ_AUoAXoECAIQAw&amp;biw=1366&amp;bih=657&amp;dpr=1\">Food Truck<\/a>, cada uno de ellos especializado en un tipo de comida, recetas mexicanas, venezolanas, peruanas, extreme\u00f1as, orientales, bocadillos de autor, con gran oferta gastron\u00f3mica internacional. Todo ello con entrada libre.<\/p>\n<p>El <strong>domingo 15 de octubre<\/strong> habr\u00e1 ruta motera, para finalizar en el Auditorio Municipal y disfrutar del Callejando Food Fest. Todos los a\u00f1os se realiza alguna sorpresa, en esta ocasi\u00f3n habr\u00e1 varias:<\/p>\n<ul>\n<li>Una en la ruta, en la que\u00a0<strong>acompa\u00f1aremos al autob\u00fas de las <a href=\"https:\/\/www.hoy.es\/deportes\/futbol\/liga-primera\/badajoz-prepara-acoger-300-penas-atletico-madrid-20231003142840-nt.html\" rel=\"external nofollow\">leyendas colchoneras<\/a><\/strong>\u00a0que acuden a Badajoz para realizar un partido amistoso contra veteranos del Badajoz, lo que tendr\u00e1 lugar en la Ciudad Deportiva del Viejo Vivero a las 12:00h. Ser\u00e1 un encuentro ben\u00e9fico a favor de <a href=\"https:\/\/elaextremadura.org\/\" rel=\"external nofollow\">ELA Extremadura<\/a>. Motivo por el que se adelanta la hora del desayuno e inicio de ruta.<\/li>\n<li>Otra en Elvas,<strong> en la Pra\u00e7a da Rep\u00fablica\u00a0<\/strong><strong>de Elvas con bienvenida de la C\u00e2mara Municipal<\/strong>.<\/li>\n<li>Para finalizar, mejor <strong>pasa por el Auditorio Ricardo Carapeto al medio d\u00eda<\/strong> para vivir una buena experiencia.<\/li>\n<\/ul>\n<p><strong>El evento motero comenzar\u00e1 el domingo a las 09:30h en la Plaza Alta<\/strong>, donde se estacionar\u00e1n las motocicletas para acceder a desayunar en la &#8220;<a href=\"http:\/\/www.churreria-aaaaa.com\/\" rel=\"external nofollow\">Churrer\u00eda aAaaa<\/a>&#8221; y estar\u00e1n disponibles unas inscripciones de un euro, que te permitir\u00e1n acceder a descuentos y sorteos en el recinto del Auditorio Ricardo Carapeto.<\/p>\n<p>A las 10:25h, comenzar\u00e1 una ruta para ir a encontrarnos con el autob\u00fas del Atl\u00e9tico de Madrid, y acompa\u00f1arlo hasta el Viejo Vivero.<\/p>\n<p>Sobre las 11:10h, reanudar\u00e1 la ruta para salir de Espa\u00f1a por la frontera de El Lopo, continuando por Campo Maior, Santa Eulalia, S\u00e3o Vicente, y realizando una parada en la Pra\u00e7a da Rep\u00fablica de <a href=\"https:\/\/www.cm-elvas.pt\/\" rel=\"external nofollow\">Elvas<\/a>. Lugar donde se prev\u00e9\u00a0 disfrutar de la ciudad entre las 12 y las 13 horas.<\/p>\n<p>Tras alg\u00fan refrigerio, sobre las 13 horas, reanudar\u00e1 la ruta hacia el Auditorio Ricardo Carapeto, de <a href=\"https:\/\/www.aytobadajoz.es\/es\/ayto\/portada\" rel=\"external nofollow\">Badajoz<\/a>, donde llegaremos sobre las 13:30h.<\/p>\n<p>A las 14:00h, la &#8220;<a href=\"https:\/\/www.facebook.com\/moteroshoy\" rel=\"external nofollow\">Asociaci\u00f3n Moteros de Hoy<\/a>&#8221; dar\u00e1 agradecimientos y realizar\u00e1 un acto motero sobre el escenario, amenizado con m\u00fasica y sorteos, por supuesto rodeado de la comida de los Food Trucks.<\/p>\n<p>Frente a la entrada al Auditorio Ricardo Carapeto se instalar\u00e1 un peque\u00f1o stand, con venta de art\u00edculos de la <a href=\"https:\/\/www.moterosdehoy.es\/\" rel=\"external nofollow\">Asociaci\u00f3n Moteros de Hoy<\/a>, adem\u00e1s de parches y pegatinas para dar visibilidad a\u00a0<a href=\"https:\/\/elaextremadura.org\/\" rel=\"external nofollow\">ELA Extremadura<\/a>, pues varios grupos moteros se han unido para apoyarles y darles visibilidad.<\/p>\n<p>Que no te lo cuenten, pasa y disfruta de buen ambiente, y por supuesto a probar la comida de los Food Truck.<\/p>\n<p>Saludos y r\u00e1fagas.<\/p>\n<!-- AddThis Advanced Settings generic via filter on the_content --><!-- AddThis Share Buttons generic via filter on the_content -->","protected":false},"excerpt":{"rendered":"<p>Comienza la quinta edici\u00f3n del Festival Callejeando Food Fest en\u00a0Badajoz. En esta ocasi\u00f3n tendr\u00e1 lugar del mi\u00e9rcoles d\u00eda 11 al domingo 15 de octubre de 2023, vi\u00e9ndose alargado por encontrarse la festividad del Pilar en jueves, pero para los moteros contin\u00faa como en ediciones anteriores pues finalizar\u00e1 con una concentraci\u00f3n motera. Callejeando Food Fest son [&hellip;]<!-- AddThis Advanced Settings generic via filter on get_the_excerpt --><!-- AddThis Share Buttons generic via filter on get_the_excerpt --><\/p>\n","protected":false},"author":49,"featured_media":0,"comment_status":"open","ping_status":"closed","sticky":false,"template":"","format":"standard","meta":[],"categories":[9,13,1],"tags":[87,1447,1383,622],"_links":{"self":[{"href":"https:\/\/blogs.hoy.es\/moterosdehoy\/wp-json\/wp\/v2\/posts\/3416"}],"collection":[{"href":"https:\/\/blogs.hoy.es\/moterosdehoy\/wp-json\/wp\/v2\/posts"}],"about":[{"href":"https:\/\/blogs.hoy.es\/moterosdehoy\/wp-json\/wp\/v2\/types\/post"}],"author":[{"embeddable":true,"href":"https:\/\/blogs.hoy.es\/moterosdehoy\/wp-json\/wp\/v2\/users\/49"}],"replies":[{"embeddable":true,"href":"https:\/\/blogs.hoy.es\/moterosdehoy\/wp-json\/wp\/v2\/comments?post=3416"}],"version-history":[{"count":5,"href":"https:\/\/blogs.hoy.es\/moterosdehoy\/wp-json\/wp\/v2\/posts\/3416\/revisions"}],"predecessor-version":[{"id":3422,"href":"https:\/\/blogs.hoy.es\/moterosdehoy\/wp-json\/wp\/v2\/posts\/3416\/revisions\/3422"}],"wp:attachment":[{"href":"https:\/\/blogs.hoy.es\/moterosdehoy\/wp-json\/wp\/v2\/media?parent=3416"}],"wp:term":[{"taxonomy":"category","embeddable":true,"href":"https:\/\/blogs.hoy.es\/moterosdehoy\/wp-json\/wp\/v2\/categories?post=3416"},{"taxonomy":"post_tag","embeddable":true,"href":"https:\/\/blogs.hoy.es\/moterosdehoy\/wp-json\/wp\/v2\/tags?post=3416"}],"curies":[{"name":"wp","href":"https:\/\/api.w.org\/{rel}","templated":true}]}}