{"id":3424,"date":"2023-10-18T21:22:57","date_gmt":"2023-10-18T21:22:57","guid":{"rendered":"https:\/\/blogs.hoy.es\/moterosdehoy\/?p=3424"},"modified":"2023-10-19T15:32:47","modified_gmt":"2023-10-19T15:32:47","slug":"moteros-de-hoy-mc","status":"publish","type":"post","link":"https:\/\/blogs.hoy.es\/moterosdehoy\/2023\/10\/18\/moteros-de-hoy-mc\/","title":{"rendered":"Moteros de Hoy MC"},"content":{"rendered":"<h3>El domingo d\u00eda 15 de octubre de 2023, la Asociaci\u00f3n Moteros de Hoy, que hasta ese d\u00eda ten\u00eda varias configuraciones, Asociaci\u00f3n, Custom Club, y GANG, dio un paso m\u00e1s, desapareciendo el GANG para convertirse en MC.<\/h3>\n<div id=\"attachment_3426\" style=\"width: 310px\" class=\"wp-caption alignleft\"><a href=\"https:\/\/static-blogs.hoy.es\/wp-content\/uploads\/sites\/45\/2023\/10\/MC-MDH.jpg\"><img aria-describedby=\"caption-attachment-3426\" loading=\"lazy\" class=\"wp-image-3426 size-medium\" src=\"https:\/\/static-blogs.hoy.es\/wp-content\/uploads\/sites\/45\/2023\/10\/MC-MDH-300x133.jpg\" alt=\"\" width=\"300\" height=\"133\" srcset=\"https:\/\/static-blogs.hoy.es\/wp-content\/uploads\/sites\/45\/2023\/10\/MC-MDH-300x133.jpg 300w, https:\/\/static-blogs.hoy.es\/wp-content\/uploads\/sites\/45\/2023\/10\/MC-MDH-768x341.jpg 768w, https:\/\/static-blogs.hoy.es\/wp-content\/uploads\/sites\/45\/2023\/10\/MC-MDH-1024x454.jpg 1024w\" sizes=\"(max-width: 300px) 100vw, 300px\" \/><\/a><p id=\"caption-attachment-3426\" class=\"wp-caption-text\">Miembros del MC MDH en su inauguraci\u00f3n<\/p><\/div>\n<p>Moteros de Hoy surgi\u00f3 con el presente blog, cuando escrib\u00ed el primer post el 23 de mayo de 2012, en aquel momento no ten\u00eda pensado fundar ning\u00fan tipo de Club o asociaci\u00f3n, por entonces llevaba m\u00e1s de 30 a\u00f1os andando con motos, solo o con amigos, pero no me llamaba la atenci\u00f3n tener reglas para andar en moto.<\/p>\n<p>A los pocos meses con muchos seguidores se quiso hacer un gran evento motero en <a href=\"https:\/\/www.aytobadajoz.es\/es\/ayto\/portada\" rel=\"external nofollow\">Badajoz<\/a> y el Ayuntamiento indic\u00f3 que en lugar de hacerlo como persona f\u00edsica deber\u00eda ser como persona jur\u00eddica bajo la figura de \u201cAsociaci\u00f3n\u201d, dando nacimiento a la \u201cAsociaci\u00f3n Moteros de Hoy\u201d. Tras cuatro a\u00f1os y tener varios asociados todos ellos con motocicletas estilo custom, se decidi\u00f3 crear dentro de la asociaci\u00f3n el <a href=\"https:\/\/www.facebook.com\/CustomClubMDH\/\" rel=\"external nofollow\">Custom Club<\/a>. Cinco a\u00f1os despu\u00e9s, se valor\u00f3 la idea de formalizar un <a href=\"https:\/\/www.facebook.com\/moterosdehoymc\/\" rel=\"external nofollow\"><strong>MC<\/strong><\/a> (moto club). Comienzan los problemas \u00bfQu\u00e9 lado elegir?, para llegar a ello y que nadie se diera por sorprendido se decidi\u00f3 estar un tiempo intermedio como GANG, de ese modo sus miembros ya rodaban con los parches tripartitos en la espalda y se marcaron dos a\u00f1os para mostrar su intenci\u00f3n de cambio. Tiempo que se utilizar\u00eda para rodar e indicar el objetivo, son muchos los lugares donde ir y muchos los eventos, poco a poco continuaremos d\u00e1ndonos a conocer. Regresando a donde nos aprecian y simplemente no yendo donde no nos quieran.<\/p>\n<p>Que nadie se lleve a enga\u00f1o, el dar el paso a MC no es por reivindicar territorios, ni obligar a otros clubes que tengan que seguir nuestras reglas. Nuestras reglas son para nosotros y procuramos no molestar a nadie, quien pueda pensar que vamos en su contra est\u00e1 totalmente equivocado.<\/p>\n<p>Esos dos a\u00f1os pasaron y el pasado 15 de octubre el GANG desapareci\u00f3, dando paso al <strong>MC MDH<\/strong>, o <a href=\"https:\/\/www.facebook.com\/moterosdehoymc\/\" rel=\"external nofollow\"><strong>Moteros de Hoy MC<\/strong><\/a><strong>, <\/strong>con dos cap\u00edtulos <strong>&#8220;N\u00f3madas&#8221; y &#8220;Badajoz&#8221;<\/strong>, siendo este \u00faltimo el cap\u00edtulo madre. Para ello se aprovech\u00f3 el evento del \u201cCallejeando Food Fest Badajoz 2023\u201d, en el que, por quinto a\u00f1o consecutivo, la asociaci\u00f3n Moteros de Hoy organiz\u00f3 una ruta para terminar en el Auditorio Municipal Ricardo Carapeto, de Badajoz, lugar donde se ubicaba el evento.\u00a0<a href=\"https:\/\/static-blogs.hoy.es\/wp-content\/uploads\/sites\/45\/2023\/10\/Plaza-Alta-MDH.jpg\"><img loading=\"lazy\" class=\"alignright wp-image-3427 size-thumbnail\" src=\"https:\/\/static-blogs.hoy.es\/wp-content\/uploads\/sites\/45\/2023\/10\/Plaza-Alta-MDH-150x150.jpg\" alt=\"\" width=\"150\" height=\"150\" \/><\/a><\/p>\n<p>Fue un gran d\u00eda, para comenzar desayuno en un lugar emblem\u00e1tico de la ciudad, la Plaza Alta, donde asistieron unas cien motocicletas, de muchas partes de nuestro pa\u00eds y nuestro vecino Portugal. Al iniciar la ruta tuvimos el honor de escoltar al autob\u00fas de las leyendas del Atl\u00e9tico de Madrid, que visitaron Badajoz para jugar un partido amistoso con las leyendas del Badajoz. Todo ello por una buena causa, pues lo recaudado fue destinado a \u201cELA Extremadura\u201d.<\/p>\n<p><a href=\"https:\/\/static-blogs.hoy.es\/wp-content\/uploads\/sites\/45\/2023\/10\/Atleti-en-Badajoz-MDH.jpg\"><img loading=\"lazy\" class=\"alignleft wp-image-3428 size-thumbnail\" src=\"https:\/\/static-blogs.hoy.es\/wp-content\/uploads\/sites\/45\/2023\/10\/Atleti-en-Badajoz-MDH-150x150.jpg\" alt=\"\" width=\"150\" height=\"150\" \/><\/a>Al continuar la ruta, pasada por el \u201cJardim Municipal de Campo Maior\u201d y parada en la Pla\u00e7a da Rep\u00fablica de Elvas, donde nos recibi\u00f3 el Sr. Claudio Monteiro en representaci\u00f3n de la <a href=\"https:\/\/www.cm-elvas.pt\/\" rel=\"external nofollow\">C\u00e2mara Municipal de Elvas<\/a>.<\/p>\n<p>Para finalizar nos recibi\u00f3 en el Auditorio Municipal Ricardo Carapeto de Badajoz el Ilmo. Sr. Alcalde de Badajoz, D. Ignacio Gragera, un gran honor del que estamos agradecidos. Dando paso finalmente a la entrega de los nuevos chalecos del club y siendo \u00e9stos bendecidos por el sacerdote D. Casimiro Mu\u00f1oz Murillo, que adem\u00e1s de sacerdote es motero.<\/p>\n\n\t\t<style type=\"text\/css\">\n\t\t\t#gallery-1 {\n\t\t\t\tmargin: auto;\n\t\t\t}\n\t\t\t#gallery-1 .gallery-item {\n\t\t\t\tfloat: left;\n\t\t\t\tmargin-top: 10px;\n\t\t\t\ttext-align: center;\n\t\t\t\twidth: 25%;\n\t\t\t}\n\t\t\t#gallery-1 img {\n\t\t\t\tborder: 2px solid #cfcfcf;\n\t\t\t}\n\t\t\t#gallery-1 .gallery-caption {\n\t\t\t\tmargin-left: 0;\n\t\t\t}\n\t\t\t\/* see gallery_shortcode() in wp-includes\/media.php *\/\n\t\t<\/style>\n\t\t<div id='gallery-1' class='gallery galleryid-3424 gallery-columns-4 gallery-size-thumbnail'><dl class='gallery-item'>\n\t\t\t<dt class='gallery-icon landscape'>\n\t\t\t\t<a href=\"https:\/\/blogs.hoy.es\/moterosdehoy\/2023\/10\/18\/moteros-de-hoy-mc\/elvas-1\/\"><img width=\"150\" height=\"150\" src=\"https:\/\/static-blogs.hoy.es\/wp-content\/uploads\/sites\/45\/2023\/10\/Elvas-1-150x150.jpg\" class=\"attachment-thumbnail size-thumbnail\" alt=\"\" loading=\"lazy\" \/><\/a>\n\t\t\t<\/dt><\/dl><dl class='gallery-item'>\n\t\t\t<dt class='gallery-icon landscape'>\n\t\t\t\t<a href=\"https:\/\/blogs.hoy.es\/moterosdehoy\/2023\/10\/18\/moteros-de-hoy-mc\/2-elvas-2\/\"><img width=\"150\" height=\"150\" src=\"https:\/\/static-blogs.hoy.es\/wp-content\/uploads\/sites\/45\/2023\/10\/2-Elvas-2-150x150.jpg\" class=\"attachment-thumbnail size-thumbnail\" alt=\"\" loading=\"lazy\" \/><\/a>\n\t\t\t<\/dt><\/dl><dl class='gallery-item'>\n\t\t\t<dt class='gallery-icon landscape'>\n\t\t\t\t<a href=\"https:\/\/blogs.hoy.es\/moterosdehoy\/2023\/10\/18\/moteros-de-hoy-mc\/2-elvas-3\/\"><img width=\"150\" height=\"150\" src=\"https:\/\/static-blogs.hoy.es\/wp-content\/uploads\/sites\/45\/2023\/10\/2-Elvas-3-150x150.jpg\" class=\"attachment-thumbnail size-thumbnail\" alt=\"\" loading=\"lazy\" \/><\/a>\n\t\t\t<\/dt><\/dl><dl class='gallery-item'>\n\t\t\t<dt class='gallery-icon landscape'>\n\t\t\t\t<a href=\"https:\/\/blogs.hoy.es\/moterosdehoy\/2023\/10\/18\/moteros-de-hoy-mc\/3-elvas-1\/\"><img width=\"150\" height=\"150\" src=\"https:\/\/static-blogs.hoy.es\/wp-content\/uploads\/sites\/45\/2023\/10\/3-Elvas-1-150x150.jpg\" class=\"attachment-thumbnail size-thumbnail\" alt=\"\" loading=\"lazy\" aria-describedby=\"gallery-1-3429\" \/><\/a>\n\t\t\t<\/dt>\n\t\t\t\t<dd class='wp-caption-text gallery-caption' id='gallery-1-3429'>\n\t\t\t\tIm\u00e1genes de la parada en Elvas (Portugal)\n\t\t\t\t<\/dd><\/dl><br style=\"clear: both\" \/>\n\t\t<\/div>\n\n<p>Como coment\u00e9 en p\u00e1rrafos anteriores, todo un gran d\u00eda, en el que como fundador y Presidente de la asociaci\u00f3n Moteros de Hoy me siento muy orgulloso. Dando las gracias tanto en mi nombre como en el de toda la asociaci\u00f3n a los que pudieron compartir tan gran momento con nosotros.<\/p>\n\n\t\t<style type=\"text\/css\">\n\t\t\t#gallery-2 {\n\t\t\t\tmargin: auto;\n\t\t\t}\n\t\t\t#gallery-2 .gallery-item {\n\t\t\t\tfloat: left;\n\t\t\t\tmargin-top: 10px;\n\t\t\t\ttext-align: center;\n\t\t\t\twidth: 25%;\n\t\t\t}\n\t\t\t#gallery-2 img {\n\t\t\t\tborder: 2px solid #cfcfcf;\n\t\t\t}\n\t\t\t#gallery-2 .gallery-caption {\n\t\t\t\tmargin-left: 0;\n\t\t\t}\n\t\t\t\/* see gallery_shortcode() in wp-includes\/media.php *\/\n\t\t<\/style>\n\t\t<div id='gallery-2' class='gallery galleryid-3424 gallery-columns-4 gallery-size-thumbnail'><dl class='gallery-item'>\n\t\t\t<dt class='gallery-icon portrait'>\n\t\t\t\t<a href=\"https:\/\/blogs.hoy.es\/moterosdehoy\/2023\/10\/18\/moteros-de-hoy-mc\/3-badajoz\/\"><img width=\"150\" height=\"150\" src=\"https:\/\/static-blogs.hoy.es\/wp-content\/uploads\/sites\/45\/2023\/10\/3-Badajoz-150x150.jpg\" class=\"attachment-thumbnail size-thumbnail\" alt=\"\" loading=\"lazy\" aria-describedby=\"gallery-2-3433\" \/><\/a>\n\t\t\t<\/dt>\n\t\t\t\t<dd class='wp-caption-text gallery-caption' id='gallery-2-3433'>\n\t\t\t\tIm\u00e1genes en el escenario del Food Fest en el Auditorio Municipal Ricardo Carapeto, de Badajoz\n\t\t\t\t<\/dd><\/dl><dl class='gallery-item'>\n\t\t\t<dt class='gallery-icon landscape'>\n\t\t\t\t<a href=\"https:\/\/blogs.hoy.es\/moterosdehoy\/2023\/10\/18\/moteros-de-hoy-mc\/4-badajoz\/\"><img width=\"150\" height=\"150\" src=\"https:\/\/static-blogs.hoy.es\/wp-content\/uploads\/sites\/45\/2023\/10\/4-Badajoz-150x150.jpg\" class=\"attachment-thumbnail size-thumbnail\" alt=\"\" loading=\"lazy\" \/><\/a>\n\t\t\t<\/dt><\/dl><dl class='gallery-item'>\n\t\t\t<dt class='gallery-icon landscape'>\n\t\t\t\t<a href=\"https:\/\/blogs.hoy.es\/moterosdehoy\/2023\/10\/18\/moteros-de-hoy-mc\/4-badajoz-3\/\"><img width=\"150\" height=\"150\" src=\"https:\/\/static-blogs.hoy.es\/wp-content\/uploads\/sites\/45\/2023\/10\/4-Badajoz-3-150x150.jpg\" class=\"attachment-thumbnail size-thumbnail\" alt=\"\" loading=\"lazy\" \/><\/a>\n\t\t\t<\/dt><\/dl><dl class='gallery-item'>\n\t\t\t<dt class='gallery-icon landscape'>\n\t\t\t\t<a href=\"https:\/\/blogs.hoy.es\/moterosdehoy\/2023\/10\/18\/moteros-de-hoy-mc\/4-badajoz-2\/\"><img width=\"150\" height=\"150\" src=\"https:\/\/static-blogs.hoy.es\/wp-content\/uploads\/sites\/45\/2023\/10\/4-Badajoz-2-150x150.jpg\" class=\"attachment-thumbnail size-thumbnail\" alt=\"\" loading=\"lazy\" \/><\/a>\n\t\t\t<\/dt><\/dl><br style=\"clear: both\" \/>\n\t\t<\/div>\n\n<p>Sabemos que muchos no han podido acompa\u00f1arnos, hay infinidad de eventos y todos tenemos compromisos, habr\u00e1 muchas ocasiones de celebrarlo.<\/p>\n<p><a href=\"https:\/\/www.facebook.com\/moterosdehoy\/\" rel=\"external nofollow\">Saludos y r\u00e1fagas<\/a>.<\/p>\n<!-- AddThis Advanced Settings generic via filter on the_content --><!-- AddThis Share Buttons generic via filter on the_content -->","protected":false},"excerpt":{"rendered":"<p>El domingo d\u00eda 15 de octubre de 2023, la Asociaci\u00f3n Moteros de Hoy, que hasta ese d\u00eda ten\u00eda varias configuraciones, Asociaci\u00f3n, Custom Club, y GANG, dio un paso m\u00e1s, desapareciendo el GANG para convertirse en MC. Moteros de Hoy surgi\u00f3 con el presente blog, cuando escrib\u00ed el primer post el 23 de mayo de 2012, [&hellip;]<!-- AddThis Advanced Settings generic via filter on get_the_excerpt --><!-- AddThis Share Buttons generic via filter on get_the_excerpt --><\/p>\n","protected":false},"author":49,"featured_media":0,"comment_status":"open","ping_status":"closed","sticky":false,"template":"","format":"standard","meta":[],"categories":[9,13,1],"tags":[1534,87,1535,1222,622],"_links":{"self":[{"href":"https:\/\/blogs.hoy.es\/moterosdehoy\/wp-json\/wp\/v2\/posts\/3424"}],"collection":[{"href":"https:\/\/blogs.hoy.es\/moterosdehoy\/wp-json\/wp\/v2\/posts"}],"about":[{"href":"https:\/\/blogs.hoy.es\/moterosdehoy\/wp-json\/wp\/v2\/types\/post"}],"author":[{"embeddable":true,"href":"https:\/\/blogs.hoy.es\/moterosdehoy\/wp-json\/wp\/v2\/users\/49"}],"replies":[{"embeddable":true,"href":"https:\/\/blogs.hoy.es\/moterosdehoy\/wp-json\/wp\/v2\/comments?post=3424"}],"version-history":[{"count":5,"href":"https:\/\/blogs.hoy.es\/moterosdehoy\/wp-json\/wp\/v2\/posts\/3424\/revisions"}],"predecessor-version":[{"id":3441,"href":"https:\/\/blogs.hoy.es\/moterosdehoy\/wp-json\/wp\/v2\/posts\/3424\/revisions\/3441"}],"wp:attachment":[{"href":"https:\/\/blogs.hoy.es\/moterosdehoy\/wp-json\/wp\/v2\/media?parent=3424"}],"wp:term":[{"taxonomy":"category","embeddable":true,"href":"https:\/\/blogs.hoy.es\/moterosdehoy\/wp-json\/wp\/v2\/categories?post=3424"},{"taxonomy":"post_tag","embeddable":true,"href":"https:\/\/blogs.hoy.es\/moterosdehoy\/wp-json\/wp\/v2\/tags?post=3424"}],"curies":[{"name":"wp","href":"https:\/\/api.w.org\/{rel}","templated":true}]}}