{"id":344,"date":"2012-09-15T20:33:43","date_gmt":"2012-09-15T20:33:43","guid":{"rendered":"http:\/\/blogs.hoy.es\/moterosdehoy\/?p=344"},"modified":"2012-09-15T20:33:43","modified_gmt":"2012-09-15T20:33:43","slug":"fotos-del-iii-encuentro-moteros-motoristas-merida","status":"publish","type":"post","link":"https:\/\/blogs.hoy.es\/moterosdehoy\/2012\/09\/15\/fotos-del-iii-encuentro-moteros-motoristas-merida\/","title":{"rendered":"Fotos del III Encuentro Moteros-Motoristas (M\u00e9rida)"},"content":{"rendered":"<p style=\"text-align: justify;\">\u00a0 \u00a0 \u00c9ste fin de semana se celebr\u00f3 el <a title=\"III Encuentro Moteros-Motoristas\" href=\"https:\/\/blogs.hoy.es\/moterosdehoy\/2012\/08\/27\/iii-encuentro-moteros-motoristas-en-merida\/\" target=\"_blank\">III Encuentro de Moteros-Motoristas<\/a> en M\u00e9rida, y a pesar de que tambi\u00e9n se not\u00f3 la crisis en cuanto inscritos fue un \u00e9xito en cuanto a aceptaci\u00f3n, como al buen desarrollo y organizaci\u00f3n.<\/p>\n<p style=\"text-align: justify;\">\u00a0 \u00a0 Aqu\u00ed os dejo unas fotos, entre ellas de alguna de las tandas en que se dividi\u00f3 el curso de conducci\u00f3n en las pistas de la <a title=\"Escuela de Tr\u00e1fico de la Guardia Civil\" href=\"http:\/\/www.guardiacivil.es\/es\/institucional\/serguacivil\/centensenan\/trafico\/index.html\" target=\"_blank\" rel=\"external nofollow\">Escuela de Tr\u00e1fico<\/a>, las tres \u00faltimas fotos corresponden al domingo.<\/p>\n\n<p style=\"text-align: justify;\"><strong>\u00a0 \u00a0 Saludos y r\u00e1fagas.<\/strong><\/p>\n<!-- AddThis Advanced Settings generic via filter on the_content --><!-- AddThis Share Buttons generic via filter on the_content -->","protected":false},"excerpt":{"rendered":"<p>\u00a0 \u00a0 \u00c9ste fin de semana se celebr\u00f3 el III Encuentro de Moteros-Motoristas en M\u00e9rida, y a pesar de que tambi\u00e9n se not\u00f3 la crisis en cuanto inscritos fue un \u00e9xito en cuanto a aceptaci\u00f3n, como al buen desarrollo y organizaci\u00f3n. \u00a0 \u00a0 Aqu\u00ed os dejo unas fotos, entre ellas de alguna de las tandas [&hellip;]<!-- AddThis Advanced Settings generic via filter on get_the_excerpt --><!-- AddThis Share Buttons generic via filter on get_the_excerpt --><\/p>\n","protected":false},"author":49,"featured_media":0,"comment_status":"open","ping_status":"closed","sticky":false,"template":"","format":"standard","meta":[],"categories":[7,13],"tags":[238,504,622,624,639,641],"_links":{"self":[{"href":"https:\/\/blogs.hoy.es\/moterosdehoy\/wp-json\/wp\/v2\/posts\/344"}],"collection":[{"href":"https:\/\/blogs.hoy.es\/moterosdehoy\/wp-json\/wp\/v2\/posts"}],"about":[{"href":"https:\/\/blogs.hoy.es\/moterosdehoy\/wp-json\/wp\/v2\/types\/post"}],"author":[{"embeddable":true,"href":"https:\/\/blogs.hoy.es\/moterosdehoy\/wp-json\/wp\/v2\/users\/49"}],"replies":[{"embeddable":true,"href":"https:\/\/blogs.hoy.es\/moterosdehoy\/wp-json\/wp\/v2\/comments?post=344"}],"version-history":[{"count":0,"href":"https:\/\/blogs.hoy.es\/moterosdehoy\/wp-json\/wp\/v2\/posts\/344\/revisions"}],"wp:attachment":[{"href":"https:\/\/blogs.hoy.es\/moterosdehoy\/wp-json\/wp\/v2\/media?parent=344"}],"wp:term":[{"taxonomy":"category","embeddable":true,"href":"https:\/\/blogs.hoy.es\/moterosdehoy\/wp-json\/wp\/v2\/categories?post=344"},{"taxonomy":"post_tag","embeddable":true,"href":"https:\/\/blogs.hoy.es\/moterosdehoy\/wp-json\/wp\/v2\/tags?post=344"}],"curies":[{"name":"wp","href":"https:\/\/api.w.org\/{rel}","templated":true}]}}