{"id":3447,"date":"2023-11-26T10:14:15","date_gmt":"2023-11-26T10:14:15","guid":{"rendered":"https:\/\/blogs.hoy.es\/moterosdehoy\/?p=3447"},"modified":"2023-11-26T10:55:43","modified_gmt":"2023-11-26T10:55:43","slug":"ruta-de-las-luces-2023-elvas-badajoz","status":"publish","type":"post","link":"https:\/\/blogs.hoy.es\/moterosdehoy\/2023\/11\/26\/ruta-de-las-luces-2023-elvas-badajoz\/","title":{"rendered":"Ruta de las luces 2023 Elvas-Badajoz"},"content":{"rendered":"<h3>Se aproxima la Navidad y con ello ya se empiezan a adornar la ciudades, una vez m\u00e1s, realizaremos una ruta para ver la decoraci\u00f3n Navide\u00f1a, como innovaci\u00f3n, deseando participar en el proyecto <a href=\"https:\/\/eurobec.eu\/es\/a-eurocidade\/o-que-e-a-eurocidade\/\" rel=\"external nofollow\">EUROBEC<\/a>.<\/h3>\n<p>Estamos acabando noviembre y ya se est\u00e1n colocando los adornos navide\u00f1os en nuestras ciudades, ya mismo se encender\u00e1n y, el amor y la solidaridad aparecer\u00e1 por todas las esquinas.<\/p>\n<p><a href=\"https:\/\/static-blogs.hoy.es\/wp-content\/uploads\/sites\/45\/2023\/11\/Ruta-de-las-luces-2023-portugu\u00e9s-y-espa\u00f1ol.jpg\"><img loading=\"lazy\" class=\"alignleft size-medium wp-image-3448\" src=\"https:\/\/static-blogs.hoy.es\/wp-content\/uploads\/sites\/45\/2023\/11\/Ruta-de-las-luces-2023-portugu\u00e9s-y-espa\u00f1ol-300x213.jpg\" alt=\"\" width=\"300\" height=\"213\" srcset=\"https:\/\/static-blogs.hoy.es\/wp-content\/uploads\/sites\/45\/2023\/11\/Ruta-de-las-luces-2023-portugu\u00e9s-y-espa\u00f1ol-300x213.jpg 300w, https:\/\/static-blogs.hoy.es\/wp-content\/uploads\/sites\/45\/2023\/11\/Ruta-de-las-luces-2023-portugu\u00e9s-y-espa\u00f1ol.jpg 697w\" sizes=\"(max-width: 300px) 100vw, 300px\" \/><\/a>Moteros de Hoy de nuevo realizar\u00e1 una ruta para ver la decoraci\u00f3n navide\u00f1a. En \u00e9sta ocasi\u00f3n y dado que en la Plaza Alta se encontrar\u00e1n puestos, se ha optado por visitar los belenes y dioramas del Museo Luis de Morales por personal de la asociaci\u00f3n y personas que mostraron su inter\u00e9s, sin hacerlo m\u00e1s extensivo. Ese d\u00eda tendremos la comida de Navidad de la asociaci\u00f3n y para las cinco de la tarde ya estaremos preparados para recibir a todos los que quieran participar.<\/p>\n<p><strong>A las 17:00h<\/strong>, estaremos en <a href=\"https:\/\/www.carnivorarestaurante.es\/\" rel=\"external nofollow\">restaurante Carn\u00edvora<\/a>\u00a0(pr\u00f3ximo a Av. de Elvas y puente de la Universidad) para recibir a todos los que quieran participar en la ruta de la luces. <strong>Se visitar\u00e1 Elvas y Badajoz<\/strong>, para ver tanto su decoraci\u00f3n navide\u00f1a, como sus puestos.<\/p>\n<p>A las 17:40h, se partir\u00e1 hacia Elvas. A la entrada de Elvas nos estar\u00e1n esperando varios grupos motard de Portugal, para realizar una ruta por su ciudad, posteriormente estaremos un par de horas por la Pla\u00e7a de la Rep\u00fablica y alrededores, sobre las 20h tomaremos con ellos algo y a las 21h salimos hacia Badajoz.<\/p>\n<p><strong>21h, salida de Elvas a Badajoz<\/strong>, para realizar una ruta por ciudad en la que podamos ver los adornos navide\u00f1os, realizando una breve parada en la Plaza de Espa\u00f1a, para fotograf\u00eda de grupo junto al \u00e1rbol de Navidad, continuando la ruta para estacionar en la zona de la Plaza de San At\u00f3n. Visitando tanto dicha Plaza como el Paseo de San Francisco, lugar donde se encontrar\u00e1n puestos navide\u00f1os, se podr\u00e1 tomar un chocolate caliente y unos churros, o incluso unas casta\u00f1as asadas.<\/p>\n<p>El recorrido se puede ver alterado a cambios de \u00faltima hora, pero el punto de encuentro a las 17 horas en el restaurante Carn\u00edvoras se mantendr\u00e1.<\/p>\n<p>Seguro que ser\u00e1 una buena ruta de buenos encuentros entre moteros espa\u00f1oles y portugueses, en realidad somos hermanos pues todos disfrutamos de nuestra Pen\u00ednsula Ib\u00e9rica.<\/p>\n<p>La idea de englobar la visita de Elvas y Badajoz, es por mostrarnos interesados en el proyecto <a href=\"https:\/\/es.wikipedia.org\/wiki\/Eurociudad_Badajoz-Elvas-Campomayor\" rel=\"external nofollow\">Eurociudad Badajoz-Elvas-Campo Maior<\/a>, en \u00e9sta ocasi\u00f3n solo visitamos Elvas y Badajoz, pronto estaremos por Campo Mayor.<\/p>\n<p>Las horas expuestas son horario espa\u00f1ol, dado que la entrada figura en espa\u00f1ol. En la imagen de los carteles aparecen en el primero los horarios en portugu\u00e9s y en el segundo en espa\u00f1ol.<\/p>\n<p>Esta edici\u00f3n ser\u00e1 especial, dado que para la <strong>IX Ben\u00e7\u00e3o de Capacetes de F\u00e1tima<\/strong> figuramos como uno de los diez clubes de la organizaci\u00f3n (primer club internacional), y a d\u00eda de hoy tenemos la bandera en nuestro poder. El d\u00eda 2 de diciembre, se har\u00e1 entrega de la bandera en Elvas al siguiente club que la tendr\u00e1 otro mes, <a href=\"https:\/\/www.facebook.com\/MotardsRadicalClub\" rel=\"external nofollow\">Matuzas Ponte de Sor<\/a><\/p>\n<p>Nos vemos en la ruta de las luces, y <strong>recuerda llevar un gorro de Pap\u00e1 Noel<\/strong>, que con un poco de cinta adhesiva se puede pegar sobre el casco.<\/p>\n<p>Saludos y r\u00e1fagas.<\/p>\n<!-- AddThis Advanced Settings generic via filter on the_content --><!-- AddThis Share Buttons generic via filter on the_content -->","protected":false},"excerpt":{"rendered":"<p>Se aproxima la Navidad y con ello ya se empiezan a adornar la ciudades, una vez m\u00e1s, realizaremos una ruta para ver la decoraci\u00f3n Navide\u00f1a, como innovaci\u00f3n, deseando participar en el proyecto EUROBEC. Estamos acabando noviembre y ya se est\u00e1n colocando los adornos navide\u00f1os en nuestras ciudades, ya mismo se encender\u00e1n y, el amor y [&hellip;]<!-- AddThis Advanced Settings generic via filter on get_the_excerpt --><!-- AddThis Share Buttons generic via filter on get_the_excerpt --><\/p>\n","protected":false},"author":49,"featured_media":0,"comment_status":"open","ping_status":"closed","sticky":false,"template":"","format":"standard","meta":[],"categories":[9,13,1],"tags":[87,1540,1542,1543,1538,1539,619,622,1541],"_links":{"self":[{"href":"https:\/\/blogs.hoy.es\/moterosdehoy\/wp-json\/wp\/v2\/posts\/3447"}],"collection":[{"href":"https:\/\/blogs.hoy.es\/moterosdehoy\/wp-json\/wp\/v2\/posts"}],"about":[{"href":"https:\/\/blogs.hoy.es\/moterosdehoy\/wp-json\/wp\/v2\/types\/post"}],"author":[{"embeddable":true,"href":"https:\/\/blogs.hoy.es\/moterosdehoy\/wp-json\/wp\/v2\/users\/49"}],"replies":[{"embeddable":true,"href":"https:\/\/blogs.hoy.es\/moterosdehoy\/wp-json\/wp\/v2\/comments?post=3447"}],"version-history":[{"count":3,"href":"https:\/\/blogs.hoy.es\/moterosdehoy\/wp-json\/wp\/v2\/posts\/3447\/revisions"}],"predecessor-version":[{"id":3451,"href":"https:\/\/blogs.hoy.es\/moterosdehoy\/wp-json\/wp\/v2\/posts\/3447\/revisions\/3451"}],"wp:attachment":[{"href":"https:\/\/blogs.hoy.es\/moterosdehoy\/wp-json\/wp\/v2\/media?parent=3447"}],"wp:term":[{"taxonomy":"category","embeddable":true,"href":"https:\/\/blogs.hoy.es\/moterosdehoy\/wp-json\/wp\/v2\/categories?post=3447"},{"taxonomy":"post_tag","embeddable":true,"href":"https:\/\/blogs.hoy.es\/moterosdehoy\/wp-json\/wp\/v2\/tags?post=3447"}],"curies":[{"name":"wp","href":"https:\/\/api.w.org\/{rel}","templated":true}]}}