{"id":3463,"date":"2023-12-19T20:37:19","date_gmt":"2023-12-19T20:37:19","guid":{"rendered":"https:\/\/blogs.hoy.es\/moterosdehoy\/?p=3463"},"modified":"2023-12-19T20:37:19","modified_gmt":"2023-12-19T20:37:19","slug":"ruta-en-moto-por-el-casco-antiguo-de-badajoz","status":"publish","type":"post","link":"https:\/\/blogs.hoy.es\/moterosdehoy\/2023\/12\/19\/ruta-en-moto-por-el-casco-antiguo-de-badajoz\/","title":{"rendered":"Ruta en moto por el casco antiguo de Badajoz"},"content":{"rendered":"<h3>La Fundaci\u00f3n CB e YMCA, quieren dar visibilidad al casco antiguo de Badajoz y que mejor forma que llenarlo de motos.<\/h3>\n<p><a href=\"https:\/\/static-blogs.hoy.es\/wp-content\/uploads\/sites\/45\/2023\/12\/Ruta-por-el-casco-antiguo-de-Badajoz.jpg\"><img loading=\"lazy\" class=\"alignleft size-medium wp-image-3464\" src=\"https:\/\/static-blogs.hoy.es\/wp-content\/uploads\/sites\/45\/2023\/12\/Ruta-por-el-casco-antiguo-de-Badajoz-212x300.jpg\" alt=\"\" width=\"212\" height=\"300\" srcset=\"https:\/\/static-blogs.hoy.es\/wp-content\/uploads\/sites\/45\/2023\/12\/Ruta-por-el-casco-antiguo-de-Badajoz-212x300.jpg 212w, https:\/\/static-blogs.hoy.es\/wp-content\/uploads\/sites\/45\/2023\/12\/Ruta-por-el-casco-antiguo-de-Badajoz-768x1087.jpg 768w, https:\/\/static-blogs.hoy.es\/wp-content\/uploads\/sites\/45\/2023\/12\/Ruta-por-el-casco-antiguo-de-Badajoz-723x1024.jpg 723w, https:\/\/static-blogs.hoy.es\/wp-content\/uploads\/sites\/45\/2023\/12\/Ruta-por-el-casco-antiguo-de-Badajoz.jpg 1130w\" sizes=\"(max-width: 212px) 100vw, 212px\" \/><\/a><a href=\"https:\/\/www.moterosdehoy.es\/\" rel=\"external nofollow\">Moteros de Hoy<\/a> en colaboraci\u00f3n con <a href=\"https:\/\/fundacioncb.es\/accion-social-actividades\/\" rel=\"external nofollow\">Fundaci\u00f3n CB<\/a> e <a href=\"https:\/\/www.ymca.es\/\" rel=\"external nofollow\">YMCA<\/a> pretendemos que esta actividad sea una celebraci\u00f3n motorizada que recorrer\u00e1 el centro de la ciudad, realizando fotograf\u00edas de lugares emblem\u00e1ticos de la ciudad y que puedan inundar las redes sociales.<\/p>\n<p>La <strong>inscripci\u00f3n<\/strong> costar\u00e1 una cantidad simb\u00f3lica de <strong>UN EURO,<\/strong>\u00a0cuya recaudaci\u00f3n ser\u00e1 destinada \u00edntegramente a acci\u00f3n social. La actividad consiste en una ruta ben\u00e9fica en moto, en la que los motoristas llevaremos tem\u00e1tica navide\u00f1a en el atuendo, adem\u00e1s de prendas que visibilicen a los patrocinadores del programa.<\/p>\n<p>El punto de encuentro ser\u00e1 desde las 9:30 horas en el &#8220;Bar Puerta Triana&#8221;, en C\/. Juan Carlos I, de Badajoz, donde los primeros cien asistentes tendr\u00e1n desayuno gratis (caf\u00e9 con tostada o caf\u00e9 con migas), para tener previsi\u00f3n de asistentes solicitan que te inscribas en el siguiente <a href=\"https:\/\/docs.google.com\/forms\/d\/1YEzB6W8k0nUW2D2vIMerosQFfdFL98wIJ54YQnmhSf4\/edit\">formulario<\/a>:<\/p>\n<p>https:\/\/docs.google.com\/forms\/d\/1YEzB6W8k0nUW2D2vIMerosQFfdFL98wIJ54YQnmhSf4\/edit<\/p>\n<p><strong>Desarrollo de la actividad:<\/strong><\/p>\n<p>Fecha: 23 de diciembre del 2023<\/p>\n<p>Lugares a visitar: -Plaza Minayo \u2013 Puerta Palma \u2013San Francisco -P-Plaza San Andr\u00e9s -Plaza Espa\u00f1a -Plaza Alta<\/p>\n<ul>\n<li>9:30 Recepci\u00f3n de participantes y desayuno en el Bar Puerta Triana<\/li>\n<li>11:00 Inicio de la ruta:\u00a0-Plaza Minayo \u2013 Puerta Palma -Alcazaba -Plaza San Andres -Plaza Espa\u00f1a -Plaza Alta<\/li>\n<li>14:00h Fin de la ruta y foto de grupo en la Plaza Alta<\/li>\n<li>14:30h Barrilada con m\u00fasica en la calle (altavoz port\u00e1til autoamplificado) Fin de ruta.<\/li>\n<li>15:00h Entrega simb\u00f3lica de los fondos recaudados en la sede de Fundaci\u00f3n CB en calle Montesinos.<\/li>\n<\/ul>\n<p>\u201cTEJIENDO REDES: Programa de atenci\u00f3n integral a la poblaci\u00f3n del barrio casco antiguo&#8221; financiado por Fundaci\u00f3n CB y por la \u201cIniciativa de Fondos y Planes Solidarios del Grupo Financiero de Ibercaja Banco \u00abTu Dinero con coraz\u00f3n\u00bb\u201d<\/p>\n<p>Recuerda que es una causa ben\u00e9fica \u00bfTe lo vas a perder?<\/p>\n<p>Saludos y r\u00e1fagas.<\/p>\n<!-- AddThis Advanced Settings generic via filter on the_content --><!-- AddThis Share Buttons generic via filter on the_content -->","protected":false},"excerpt":{"rendered":"<p>La Fundaci\u00f3n CB e YMCA, quieren dar visibilidad al casco antiguo de Badajoz y que mejor forma que llenarlo de motos. Moteros de Hoy en colaboraci\u00f3n con Fundaci\u00f3n CB e YMCA pretendemos que esta actividad sea una celebraci\u00f3n motorizada que recorrer\u00e1 el centro de la ciudad, realizando fotograf\u00edas de lugares emblem\u00e1ticos de la ciudad y [&hellip;]<!-- AddThis Advanced Settings generic via filter on get_the_excerpt --><!-- AddThis Share Buttons generic via filter on get_the_excerpt --><\/p>\n","protected":false},"author":49,"featured_media":0,"comment_status":"open","ping_status":"closed","sticky":false,"template":"","format":"standard","meta":[],"categories":[9,13,1],"tags":[87,1548,1546,622,1241,1547],"_links":{"self":[{"href":"https:\/\/blogs.hoy.es\/moterosdehoy\/wp-json\/wp\/v2\/posts\/3463"}],"collection":[{"href":"https:\/\/blogs.hoy.es\/moterosdehoy\/wp-json\/wp\/v2\/posts"}],"about":[{"href":"https:\/\/blogs.hoy.es\/moterosdehoy\/wp-json\/wp\/v2\/types\/post"}],"author":[{"embeddable":true,"href":"https:\/\/blogs.hoy.es\/moterosdehoy\/wp-json\/wp\/v2\/users\/49"}],"replies":[{"embeddable":true,"href":"https:\/\/blogs.hoy.es\/moterosdehoy\/wp-json\/wp\/v2\/comments?post=3463"}],"version-history":[{"count":1,"href":"https:\/\/blogs.hoy.es\/moterosdehoy\/wp-json\/wp\/v2\/posts\/3463\/revisions"}],"predecessor-version":[{"id":3465,"href":"https:\/\/blogs.hoy.es\/moterosdehoy\/wp-json\/wp\/v2\/posts\/3463\/revisions\/3465"}],"wp:attachment":[{"href":"https:\/\/blogs.hoy.es\/moterosdehoy\/wp-json\/wp\/v2\/media?parent=3463"}],"wp:term":[{"taxonomy":"category","embeddable":true,"href":"https:\/\/blogs.hoy.es\/moterosdehoy\/wp-json\/wp\/v2\/categories?post=3463"},{"taxonomy":"post_tag","embeddable":true,"href":"https:\/\/blogs.hoy.es\/moterosdehoy\/wp-json\/wp\/v2\/tags?post=3463"}],"curies":[{"name":"wp","href":"https:\/\/api.w.org\/{rel}","templated":true}]}}