{"id":3474,"date":"2024-03-11T21:20:39","date_gmt":"2024-03-11T21:20:39","guid":{"rendered":"https:\/\/blogs.hoy.es\/moterosdehoy\/?p=3474"},"modified":"2024-03-11T21:20:39","modified_gmt":"2024-03-11T21:20:39","slug":"ii-concentracion-de-motos-sobf","status":"publish","type":"post","link":"https:\/\/blogs.hoy.es\/moterosdehoy\/2024\/03\/11\/ii-concentracion-de-motos-sobf\/","title":{"rendered":"II concentraci\u00f3n de motos SOBF"},"content":{"rendered":"<h3>Los d\u00edas 16 y 17 de marzo tendremos en Montijo (Badajoz) la segunda concentraci\u00f3n motera <a href=\"https:\/\/www.facebook.com\/profile.php?id=100075729173742\" rel=\"external nofollow\">Sons of birrafr\u00eda<\/a> (SOBF).<\/h3>\n<p>Ya han iniciado los preparativos, y tras el \u00e9xito de la edici\u00f3n anterior est\u00e1 claro que ser\u00e1 un gran fin de semana motero. Merchandising, conciertos, rutas, sorteos, tattoos, atracciones infantiles, exhibici\u00f3n motera, zona de acampada, barras&#8230; y por supuesto cerveza fr\u00eda.<\/p>\n<p><a href=\"https:\/\/static-blogs.hoy.es\/wp-content\/uploads\/sites\/45\/2024\/03\/SOBF-2024.jpg\"><img loading=\"lazy\" class=\"alignleft size-medium wp-image-3475\" src=\"https:\/\/static-blogs.hoy.es\/wp-content\/uploads\/sites\/45\/2024\/03\/SOBF-2024-203x300.jpg\" alt=\"\" width=\"203\" height=\"300\" srcset=\"https:\/\/static-blogs.hoy.es\/wp-content\/uploads\/sites\/45\/2024\/03\/SOBF-2024-203x300.jpg 203w, https:\/\/static-blogs.hoy.es\/wp-content\/uploads\/sites\/45\/2024\/03\/SOBF-2024-768x1136.jpg 768w, https:\/\/static-blogs.hoy.es\/wp-content\/uploads\/sites\/45\/2024\/03\/SOBF-2024-692x1024.jpg 692w, https:\/\/static-blogs.hoy.es\/wp-content\/uploads\/sites\/45\/2024\/03\/SOBF-2024.jpg 1065w\" sizes=\"(max-width: 203px) 100vw, 203px\" \/><\/a>Si a\u00fan no dispones de la <a href=\"https:\/\/www.cronocheck.com\/ii-concentracion-motera-sons-of-birrafria?fbclid=IwAR26nPS-1G2YLQLCbnKAxM4toeSL2egVamhzii8BrYTluQDM-i5jZHtq8U0\" rel=\"external nofollow\">inscripci\u00f3n<\/a> sigues a tiempo, pero no quedan muchas, las hay de dos tipos: la normal de 15 euros y otra reducida a 10 \u20ac para los socios.<\/p>\n<p>Aunque en el cartel figuran las fechas del 16 y 17 de marzo, tendr\u00e1s disponible la zona de acampada, con barras y m\u00fasica desde las 20 horas del viernes d\u00eda 15.<\/p>\n<p>Tanto para el s\u00e1bado como para el domingo abrir\u00e1n sus puertas a las 9 de la ma\u00f1ana, con un mont\u00f3n de actividades.<\/p>\n<p>\u00bfEl lugar del evento? si pudiste ir a la edici\u00f3n anterior ya sabes donde es, en caso contrario no te preocupes, seg\u00fan te adentres en la localidad te los encontraras, por si acaso necesitas la direcci\u00f3n: Carretera de la Estaci\u00f3n, 8, <a href=\"https:\/\/es.wikipedia.org\/wiki\/Montijo_(Espa%C3%B1a)\" rel=\"external nofollow\">Montijo<\/a>.<\/p>\n<p>Para saber lo que obtendr\u00e1s con la inscripci\u00f3n <a href=\"https:\/\/www.facebook.com\/photo\/?fbid=413144921219810&amp;set=pcb.413145007886468\" rel=\"external nofollow\">Clic aqu\u00ed<\/a>. Tambi\u00e9n puedes ver todo el <a href=\"https:\/\/www.facebook.com\/photo\/?fbid=413144971219805&amp;set=pcb.413145007886468\" rel=\"external nofollow\">programa<\/a>.<\/p>\n<p>Que no te lo cuenten, aprovecha y disfruta de un buen fin de semana motero.<\/p>\n<p>Saludos y r\u00e1fagas.<\/p>\n<!-- AddThis Advanced Settings generic via filter on the_content --><!-- AddThis Share Buttons generic via filter on the_content -->","protected":false},"excerpt":{"rendered":"<p>Los d\u00edas 16 y 17 de marzo tendremos en Montijo (Badajoz) la segunda concentraci\u00f3n motera Sons of birrafr\u00eda (SOBF). Ya han iniciado los preparativos, y tras el \u00e9xito de la edici\u00f3n anterior est\u00e1 claro que ser\u00e1 un gran fin de semana motero. Merchandising, conciertos, rutas, sorteos, tattoos, atracciones infantiles, exhibici\u00f3n motera, zona de acampada, barras&#8230; [&hellip;]<!-- AddThis Advanced Settings generic via filter on get_the_excerpt --><!-- AddThis Share Buttons generic via filter on get_the_excerpt --><\/p>\n","protected":false},"author":49,"featured_media":0,"comment_status":"open","ping_status":"closed","sticky":false,"template":"","format":"standard","meta":[],"categories":[9,13,1],"tags":[194,1290,622,1511,1470],"_links":{"self":[{"href":"https:\/\/blogs.hoy.es\/moterosdehoy\/wp-json\/wp\/v2\/posts\/3474"}],"collection":[{"href":"https:\/\/blogs.hoy.es\/moterosdehoy\/wp-json\/wp\/v2\/posts"}],"about":[{"href":"https:\/\/blogs.hoy.es\/moterosdehoy\/wp-json\/wp\/v2\/types\/post"}],"author":[{"embeddable":true,"href":"https:\/\/blogs.hoy.es\/moterosdehoy\/wp-json\/wp\/v2\/users\/49"}],"replies":[{"embeddable":true,"href":"https:\/\/blogs.hoy.es\/moterosdehoy\/wp-json\/wp\/v2\/comments?post=3474"}],"version-history":[{"count":1,"href":"https:\/\/blogs.hoy.es\/moterosdehoy\/wp-json\/wp\/v2\/posts\/3474\/revisions"}],"predecessor-version":[{"id":3476,"href":"https:\/\/blogs.hoy.es\/moterosdehoy\/wp-json\/wp\/v2\/posts\/3474\/revisions\/3476"}],"wp:attachment":[{"href":"https:\/\/blogs.hoy.es\/moterosdehoy\/wp-json\/wp\/v2\/media?parent=3474"}],"wp:term":[{"taxonomy":"category","embeddable":true,"href":"https:\/\/blogs.hoy.es\/moterosdehoy\/wp-json\/wp\/v2\/categories?post=3474"},{"taxonomy":"post_tag","embeddable":true,"href":"https:\/\/blogs.hoy.es\/moterosdehoy\/wp-json\/wp\/v2\/tags?post=3474"}],"curies":[{"name":"wp","href":"https:\/\/api.w.org\/{rel}","templated":true}]}}