{"id":3482,"date":"2024-04-17T16:46:23","date_gmt":"2024-04-17T16:46:23","guid":{"rendered":"https:\/\/blogs.hoy.es\/moterosdehoy\/?p=3482"},"modified":"2024-04-17T16:46:23","modified_gmt":"2024-04-17T16:46:23","slug":"vii-concentracion-motera-almendral","status":"publish","type":"post","link":"https:\/\/blogs.hoy.es\/moterosdehoy\/2024\/04\/17\/vii-concentracion-motera-almendral\/","title":{"rendered":"VII Concentraci\u00f3n motera Almendral"},"content":{"rendered":"<h3>Llega la s\u00e9ptima edici\u00f3n de la concentraci\u00f3n motera en <a href=\"https:\/\/es.wikipedia.org\/wiki\/Almendral\" rel=\"external nofollow\">Almendral<\/a> (Badajoz), tendr\u00e1 lugar el 21 de abril 2024.<\/h3>\n<div id=\"attachment_3483\" style=\"width: 310px\" class=\"wp-caption alignleft\"><a href=\"https:\/\/static-blogs.hoy.es\/wp-content\/uploads\/sites\/45\/2024\/04\/Almendral-2024.jpg\"><img aria-describedby=\"caption-attachment-3483\" loading=\"lazy\" class=\"size-medium wp-image-3483\" src=\"https:\/\/static-blogs.hoy.es\/wp-content\/uploads\/sites\/45\/2024\/04\/Almendral-2024-300x225.jpg\" alt=\"\" width=\"300\" height=\"225\" srcset=\"https:\/\/static-blogs.hoy.es\/wp-content\/uploads\/sites\/45\/2024\/04\/Almendral-2024-300x225.jpg 300w, https:\/\/static-blogs.hoy.es\/wp-content\/uploads\/sites\/45\/2024\/04\/Almendral-2024-768x576.jpg 768w, https:\/\/static-blogs.hoy.es\/wp-content\/uploads\/sites\/45\/2024\/04\/Almendral-2024-1024x768.jpg 1024w, https:\/\/static-blogs.hoy.es\/wp-content\/uploads\/sites\/45\/2024\/04\/Almendral-2024.jpg 1080w\" sizes=\"(max-width: 300px) 100vw, 300px\" \/><\/a><p id=\"caption-attachment-3483\" class=\"wp-caption-text\">Cartel del evento<\/p><\/div>\n<p>De la mano de la &#8220;Pe\u00f1a motera y San Isidro Labrador&#8221;,\u00a0 sumado a la colaboraci\u00f3n del <a href=\"https:\/\/almendral.es\/\" rel=\"external nofollow\">Ayuntamiento de Almendral<\/a> nos llega un a\u00f1o m\u00e1s su concentraci\u00f3n motera. Es caracter\u00edstico tener dos rutas, una de campo y otra de carretera, pero un mismo punto de salida y regreso, pues el caso es que cada cual disfrute de la moto del modo que m\u00e1s le guste, al final todos somos moteros.<\/p>\n<p><strong>El punto de encuentro ser\u00e1 a las 10 horas en la Plaza Grande<\/strong>, de Almendral. Lugar desde donde partir\u00e1n ambas rutas, y lugar donde finalizar\u00e1n ambas.<\/p>\n<p>La concentraci\u00f3n tiene una inscripci\u00f3n de 10\u20ac, con la que ofrecen:<\/p>\n<ul>\n<li>Desayuno<\/li>\n<li>Paella<\/li>\n<li>Panceta<\/li>\n<li>Bebidas<\/li>\n<li>Gazpacho<\/li>\n<li>Sorteo de regalos<\/li>\n<\/ul>\n<p>En definitiva una buena forma de pasar el domingo si te gustan las motos. Seguro que como en ediciones anteriores entre todos llenamos la Plaza Grande.<\/p>\n<p>\u00bfTe lo vas a perder?<\/p>\n<p>Saludos y r\u00e1fagas.<\/p>\n<!-- AddThis Advanced Settings generic via filter on the_content --><!-- AddThis Share Buttons generic via filter on the_content -->","protected":false},"excerpt":{"rendered":"<p>Llega la s\u00e9ptima edici\u00f3n de la concentraci\u00f3n motera en Almendral (Badajoz), tendr\u00e1 lugar el 21 de abril 2024. De la mano de la &#8220;Pe\u00f1a motera y San Isidro Labrador&#8221;,\u00a0 sumado a la colaboraci\u00f3n del Ayuntamiento de Almendral nos llega un a\u00f1o m\u00e1s su concentraci\u00f3n motera. Es caracter\u00edstico tener dos rutas, una de campo y otra [&hellip;]<!-- AddThis Advanced Settings generic via filter on get_the_excerpt --><!-- AddThis Share Buttons generic via filter on get_the_excerpt --><\/p>\n","protected":false},"author":49,"featured_media":0,"comment_status":"open","ping_status":"closed","sticky":false,"template":"","format":"standard","meta":[],"categories":[9,13,1],"tags":[1058,1553,194,622],"_links":{"self":[{"href":"https:\/\/blogs.hoy.es\/moterosdehoy\/wp-json\/wp\/v2\/posts\/3482"}],"collection":[{"href":"https:\/\/blogs.hoy.es\/moterosdehoy\/wp-json\/wp\/v2\/posts"}],"about":[{"href":"https:\/\/blogs.hoy.es\/moterosdehoy\/wp-json\/wp\/v2\/types\/post"}],"author":[{"embeddable":true,"href":"https:\/\/blogs.hoy.es\/moterosdehoy\/wp-json\/wp\/v2\/users\/49"}],"replies":[{"embeddable":true,"href":"https:\/\/blogs.hoy.es\/moterosdehoy\/wp-json\/wp\/v2\/comments?post=3482"}],"version-history":[{"count":2,"href":"https:\/\/blogs.hoy.es\/moterosdehoy\/wp-json\/wp\/v2\/posts\/3482\/revisions"}],"predecessor-version":[{"id":3485,"href":"https:\/\/blogs.hoy.es\/moterosdehoy\/wp-json\/wp\/v2\/posts\/3482\/revisions\/3485"}],"wp:attachment":[{"href":"https:\/\/blogs.hoy.es\/moterosdehoy\/wp-json\/wp\/v2\/media?parent=3482"}],"wp:term":[{"taxonomy":"category","embeddable":true,"href":"https:\/\/blogs.hoy.es\/moterosdehoy\/wp-json\/wp\/v2\/categories?post=3482"},{"taxonomy":"post_tag","embeddable":true,"href":"https:\/\/blogs.hoy.es\/moterosdehoy\/wp-json\/wp\/v2\/tags?post=3482"}],"curies":[{"name":"wp","href":"https:\/\/api.w.org\/{rel}","templated":true}]}}