{"id":3487,"date":"2024-04-27T22:22:25","date_gmt":"2024-04-27T22:22:25","guid":{"rendered":"https:\/\/blogs.hoy.es\/moterosdehoy\/?p=3487"},"modified":"2024-04-30T17:59:57","modified_gmt":"2024-04-30T17:59:57","slug":"despedida-motera-en-badajoz-2","status":"publish","type":"post","link":"https:\/\/blogs.hoy.es\/moterosdehoy\/2024\/04\/27\/despedida-motera-en-badajoz-2\/","title":{"rendered":"Despedida motera en Badajoz"},"content":{"rendered":"<h3>Ayer, s\u00e1bado 27 de abril de 2024, nos ha dejado nuestro conocido y bien querido hermano motard &#8220;RAM\u00d3N MON&#8221; Ram\u00f3n Arcas Pozo.<\/h3>\n<p><a href=\"https:\/\/static-blogs.hoy.es\/wp-content\/uploads\/sites\/45\/2024\/04\/Ramon-Mon.jpg\"><img loading=\"lazy\" class=\"alignleft size-medium wp-image-3488\" src=\"https:\/\/static-blogs.hoy.es\/wp-content\/uploads\/sites\/45\/2024\/04\/Ramon-Mon-300x300.jpg\" alt=\"\" width=\"300\" height=\"300\" srcset=\"https:\/\/static-blogs.hoy.es\/wp-content\/uploads\/sites\/45\/2024\/04\/Ramon-Mon-300x300.jpg 300w, https:\/\/static-blogs.hoy.es\/wp-content\/uploads\/sites\/45\/2024\/04\/Ramon-Mon-150x150.jpg 150w, https:\/\/static-blogs.hoy.es\/wp-content\/uploads\/sites\/45\/2024\/04\/Ramon-Mon.jpg 540w\" sizes=\"(max-width: 300px) 100vw, 300px\" \/><\/a>Tras una larga lucha contra el c\u00e1ncer, del que ya hab\u00eda ganado una batalla, y varios meses de sufrimiento, por fin ha conseguido descansar. Es duro ver a un amigo que se te va. Es duro cuando tiene un accidente y no te has podido despedir, pero verlo sufrir creo que llega a ser peor.<\/p>\n<p>En las \u00faltimas semanas no he tenido fuerzas de acompa\u00f1arlo, \u00bfmal por mi parte?, desde mi punto de vista solo quiero tener buenos recuerdos de \u00e9l y verlo sufrir no ayuda nada. Hace tres semanas fue la \u00faltima vez que fui a verlo, ese d\u00eda, cog\u00ed la moto y me fui a ver a todos los amigos que pude, necesitaba olvidar, compartir mi dolor. El viernes pasado sab\u00eda que estaba muy mal, no pude ir a verlo, le envi\u00e9 mensajes, fotos, y me desped\u00ed de \u00e9l, &#8220;no pude ir a verlo&#8221;, &#8220;pero me desped\u00ed de \u00e9l&#8221;. No es un adi\u00f3s, simplemente que no lo puedo ver f\u00edsicamente, pero se que seguir\u00e1 ah\u00ed, en alg\u00fan lugar, en las rutas, en las fiestas. \u00a1No lo olvidar\u00e9!<\/p>\n<p>Estaba buscando una foto en la que estuviera con su moto, pero creo que si ten\u00eda esa en su perfil de Facebook ser\u00e1 porque le gustaba.<\/p>\n<p>Hoy, d\u00eda<strong> 28 de abril<\/strong>, lo llevar\u00e1n al Tanatorio Puente Real, de Badajoz, no se sabe a\u00fan cuando podr\u00e1 ser el funeral, ojal\u00e1 pueda descansar de una vez cuanto antes mejor. <strong>A las 13 horas, nos juntaremos muchos moteros para hacerle un homenaje en el propio tanatorio.<\/strong> Por favor, si puedes \u00fanete.<\/p>\n<p>Ram\u00f3n Mon, no estaba en ning\u00fan club, ni asociaci\u00f3n motera, pero se llevaba bien con todos. Ma\u00f1ana no es un d\u00eda de clubes, es un d\u00eda de despedir a un amigo. Eso no quiere decir que all\u00ed no hayan chalecos, por supuesto los habr\u00e1, pero el los aceptaba a todos y as\u00ed debe de ser.<\/p>\n<p>Desde el mundo de las dos ruedas, queremos sumarnos al dolor de la familia y hacerles saber que era y seguir\u00e1 siendo muy querido entre nosotros.<\/p>\n<p>Si le pregunt\u00e1ramos \u00bfC\u00f3mo quieres que te recordemos? estoy seguro que dir\u00eda, feliz, con mi moto, la perra de mi novia y Cati. Seguro que ser\u00edan sus palabras, y seguro que ser\u00edan por ese orden, <strong><a href=\"https:\/\/vm.tiktok.com\/ZGe9Ks4G7\/\" rel=\"external nofollow\">os dejo un v\u00eddeo que lo refleja<\/a><\/strong>.<\/p>\n<p>R\u00e1fagas al cielo MON. \u00a1Te queremos, y lo sabes!<\/p>\n<p>Saludos y r\u00e1fagas.<\/p>\n<!-- AddThis Advanced Settings generic via filter on the_content --><!-- AddThis Share Buttons generic via filter on the_content -->","protected":false},"excerpt":{"rendered":"<p>Ayer, s\u00e1bado 27 de abril de 2024, nos ha dejado nuestro conocido y bien querido hermano motard &#8220;RAM\u00d3N MON&#8221; Ram\u00f3n Arcas Pozo. Tras una larga lucha contra el c\u00e1ncer, del que ya hab\u00eda ganado una batalla, y varios meses de sufrimiento, por fin ha conseguido descansar. Es duro ver a un amigo que se te [&hellip;]<!-- AddThis Advanced Settings generic via filter on get_the_excerpt --><!-- AddThis Share Buttons generic via filter on get_the_excerpt --><\/p>\n","protected":false},"author":49,"featured_media":0,"comment_status":"open","ping_status":"closed","sticky":false,"template":"","format":"standard","meta":[],"categories":[9,13,1],"tags":[87,1555,622,1554],"_links":{"self":[{"href":"https:\/\/blogs.hoy.es\/moterosdehoy\/wp-json\/wp\/v2\/posts\/3487"}],"collection":[{"href":"https:\/\/blogs.hoy.es\/moterosdehoy\/wp-json\/wp\/v2\/posts"}],"about":[{"href":"https:\/\/blogs.hoy.es\/moterosdehoy\/wp-json\/wp\/v2\/types\/post"}],"author":[{"embeddable":true,"href":"https:\/\/blogs.hoy.es\/moterosdehoy\/wp-json\/wp\/v2\/users\/49"}],"replies":[{"embeddable":true,"href":"https:\/\/blogs.hoy.es\/moterosdehoy\/wp-json\/wp\/v2\/comments?post=3487"}],"version-history":[{"count":5,"href":"https:\/\/blogs.hoy.es\/moterosdehoy\/wp-json\/wp\/v2\/posts\/3487\/revisions"}],"predecessor-version":[{"id":3494,"href":"https:\/\/blogs.hoy.es\/moterosdehoy\/wp-json\/wp\/v2\/posts\/3487\/revisions\/3494"}],"wp:attachment":[{"href":"https:\/\/blogs.hoy.es\/moterosdehoy\/wp-json\/wp\/v2\/media?parent=3487"}],"wp:term":[{"taxonomy":"category","embeddable":true,"href":"https:\/\/blogs.hoy.es\/moterosdehoy\/wp-json\/wp\/v2\/categories?post=3487"},{"taxonomy":"post_tag","embeddable":true,"href":"https:\/\/blogs.hoy.es\/moterosdehoy\/wp-json\/wp\/v2\/tags?post=3487"}],"curies":[{"name":"wp","href":"https:\/\/api.w.org\/{rel}","templated":true}]}}