{"id":3496,"date":"2024-05-07T16:35:06","date_gmt":"2024-05-07T16:35:06","guid":{"rendered":"https:\/\/blogs.hoy.es\/moterosdehoy\/?p=3496"},"modified":"2024-05-07T16:35:06","modified_gmt":"2024-05-07T16:35:06","slug":"motor-pacense-por-la-diversidad","status":"publish","type":"post","link":"https:\/\/blogs.hoy.es\/moterosdehoy\/2024\/05\/07\/motor-pacense-por-la-diversidad\/","title":{"rendered":"Motor pacense por la diversidad"},"content":{"rendered":"<h3>El 12 de mayo tendremos en Badajoz un gran evento solidario y como no, llegado del mundo de las dos ruedas.<\/h3>\n<p><a href=\"https:\/\/static-blogs.hoy.es\/wp-content\/uploads\/sites\/45\/2024\/05\/Motor-pacense-por-la-diversidad.jpg\"><img loading=\"lazy\" class=\"alignleft size-medium wp-image-3497\" src=\"https:\/\/static-blogs.hoy.es\/wp-content\/uploads\/sites\/45\/2024\/05\/Motor-pacense-por-la-diversidad-300x300.jpg\" alt=\"\" width=\"300\" height=\"300\" srcset=\"https:\/\/static-blogs.hoy.es\/wp-content\/uploads\/sites\/45\/2024\/05\/Motor-pacense-por-la-diversidad-300x300.jpg 300w, https:\/\/static-blogs.hoy.es\/wp-content\/uploads\/sites\/45\/2024\/05\/Motor-pacense-por-la-diversidad-150x150.jpg 150w, https:\/\/static-blogs.hoy.es\/wp-content\/uploads\/sites\/45\/2024\/05\/Motor-pacense-por-la-diversidad-768x768.jpg 768w, https:\/\/static-blogs.hoy.es\/wp-content\/uploads\/sites\/45\/2024\/05\/Motor-pacense-por-la-diversidad-1024x1024.jpg 1024w, https:\/\/static-blogs.hoy.es\/wp-content\/uploads\/sites\/45\/2024\/05\/Motor-pacense-por-la-diversidad.jpg 1080w\" sizes=\"(max-width: 300px) 100vw, 300px\" \/><\/a>El club de moteros &#8220;<strong><a href=\"https:\/\/www.facebook.com\/profile.php?id=100094436138701\" rel=\"external nofollow\">Moto Grupo Pacense<\/a><\/strong>&#8220;, recientemente asentado en Badajoz, ha entrado fuerte y quiere hacer eventos solidarios, en esta ocasi\u00f3n se ha unido a la Asociaci\u00f3n Educativa &#8220;<strong><a href=\"https:\/\/www.facebook.com\/profile.php?id=61557610499568\" rel=\"external nofollow\">EDUcc<\/a><\/strong>&#8221; y en colaboraci\u00f3n con &#8220;<strong><a href=\"https:\/\/www.facebook.com\/SteamCenterES\" rel=\"external nofollow\">Steam Center<\/a><\/strong>&#8220;, han organizado un evento para ayudar a j\u00f3venes con discapacidad intelectual.<\/p>\n<p>Ser\u00e1 un evento al que asistir\u00e1n los j\u00f3venes de dicha asociaci\u00f3n a ver con entusiasmo nuestras motos.<\/p>\n<p>Con una inscripci\u00f3n de 10\u20ac que ir\u00e1 integra para el Curso de Adaptaci\u00f3n de Competencias que est\u00e1n realizando, e intentar hacerles m\u00e1s f\u00e1cil su inclusi\u00f3n en la sociedad actual, nos ofrecen: desayuno, una peque\u00f1a ruta de unos 115 km por la comarca y, al finalizar un picoteo y paella para todos los inscritos.<\/p>\n<p>Tienen muy buenas expectativas, y como ellos dicen, tengas moto no no la tengas, y de tenerla sea como sea: <em>\u00a1Te esperamos!<\/em> Continuando con sus palabras: <em>Creemos que es un bonito gesto en el cual esperamos que todos se\u00e1is part\u00edcipes y seguir demostrando el buen hacer y gran coraz\u00f3n que tiene nuestra comunidad motera, \u00a1Os esperamos a todos con mucha ilusi\u00f3n!<\/em><\/p>\n<p>Han creado un <a href=\"https:\/\/www.facebook.com\/events\/951365589766902\" rel=\"external nofollow\">evento en Facebook<\/a>, si quieres m\u00e1s informaci\u00f3n o preguntarles algo en el enlace lo tienes disponible.<\/p>\n<p>Adem\u00e1s, en caso de que no puedas acompa\u00f1arlos, tienen fila cero, por lo que todos tenemos la oportunidad de aportar nuestro granito de arena en el IBAN de la asociaci\u00f3n, estando disponible en el propio cartel del evento.<\/p>\n<p><strong><a href=\"https:\/\/docs.google.com\/forms\/d\/e\/1FAIpQLSfLT9X8ueRmUuJOMtj-uj3w6YKWWLQjrLrDDGA9cZedFUnM1Q\/viewform\">Enlace para la inscripci\u00f3n.<\/a><\/strong><\/p>\n<p>De seguro que ser\u00e1 un gran d\u00eda, \u00bfte lo vas a perder?<\/p>\n<p>Saludos y r\u00e1fagas.<\/p>\n<!-- AddThis Advanced Settings generic via filter on the_content --><!-- AddThis Share Buttons generic via filter on the_content -->","protected":false},"excerpt":{"rendered":"<p>El 12 de mayo tendremos en Badajoz un gran evento solidario y como no, llegado del mundo de las dos ruedas. El club de moteros &#8220;Moto Grupo Pacense&#8220;, recientemente asentado en Badajoz, ha entrado fuerte y quiere hacer eventos solidarios, en esta ocasi\u00f3n se ha unido a la Asociaci\u00f3n Educativa &#8220;EDUcc&#8221; y en colaboraci\u00f3n con [&hellip;]<!-- AddThis Advanced Settings generic via filter on get_the_excerpt --><!-- AddThis Share Buttons generic via filter on get_the_excerpt --><\/p>\n","protected":false},"author":49,"featured_media":0,"comment_status":"open","ping_status":"closed","sticky":false,"template":"","format":"standard","meta":[],"categories":[9,13,1],"tags":[87,1558,622,1556,1557],"_links":{"self":[{"href":"https:\/\/blogs.hoy.es\/moterosdehoy\/wp-json\/wp\/v2\/posts\/3496"}],"collection":[{"href":"https:\/\/blogs.hoy.es\/moterosdehoy\/wp-json\/wp\/v2\/posts"}],"about":[{"href":"https:\/\/blogs.hoy.es\/moterosdehoy\/wp-json\/wp\/v2\/types\/post"}],"author":[{"embeddable":true,"href":"https:\/\/blogs.hoy.es\/moterosdehoy\/wp-json\/wp\/v2\/users\/49"}],"replies":[{"embeddable":true,"href":"https:\/\/blogs.hoy.es\/moterosdehoy\/wp-json\/wp\/v2\/comments?post=3496"}],"version-history":[{"count":1,"href":"https:\/\/blogs.hoy.es\/moterosdehoy\/wp-json\/wp\/v2\/posts\/3496\/revisions"}],"predecessor-version":[{"id":3498,"href":"https:\/\/blogs.hoy.es\/moterosdehoy\/wp-json\/wp\/v2\/posts\/3496\/revisions\/3498"}],"wp:attachment":[{"href":"https:\/\/blogs.hoy.es\/moterosdehoy\/wp-json\/wp\/v2\/media?parent=3496"}],"wp:term":[{"taxonomy":"category","embeddable":true,"href":"https:\/\/blogs.hoy.es\/moterosdehoy\/wp-json\/wp\/v2\/categories?post=3496"},{"taxonomy":"post_tag","embeddable":true,"href":"https:\/\/blogs.hoy.es\/moterosdehoy\/wp-json\/wp\/v2\/tags?post=3496"}],"curies":[{"name":"wp","href":"https:\/\/api.w.org\/{rel}","templated":true}]}}