{"id":3500,"date":"2024-05-16T17:12:28","date_gmt":"2024-05-16T17:12:28","guid":{"rendered":"https:\/\/blogs.hoy.es\/moterosdehoy\/?p=3500"},"modified":"2024-05-16T17:12:28","modified_gmt":"2024-05-16T17:12:28","slug":"xii-aniversario-moteros-de-hoy","status":"publish","type":"post","link":"https:\/\/blogs.hoy.es\/moterosdehoy\/2024\/05\/16\/xii-aniversario-moteros-de-hoy\/","title":{"rendered":"XII Aniversario Moteros de Hoy"},"content":{"rendered":"<h3>El pr\u00f3ximo fin de semana (18 y 19 de mayo) celebraremos el d\u00e9cimo segundo aniversario de MDH (Moteros de Hoy), en \u00e9sta ocasi\u00f3n nos trasladamos a la localidad pacense de Valverde de Legan\u00e9s.<\/h3>\n<p>Estamos a las puertas del &#8220;<em><a href=\"https:\/\/www.facebook.com\/events\/421472040371755\" rel=\"external nofollow\">XII Aniversario MDH<\/a><\/em>&#8220;, ser\u00e1 un fin de semana cargado de motos, amistad, rutas, m\u00fasica y fiesta.<\/p>\n<p><a href=\"https:\/\/static-blogs.hoy.es\/wp-content\/uploads\/sites\/45\/2024\/05\/Cartel-12-aniversario.jpg\"><img loading=\"lazy\" class=\"alignleft size-medium wp-image-3501\" src=\"https:\/\/static-blogs.hoy.es\/wp-content\/uploads\/sites\/45\/2024\/05\/Cartel-12-aniversario-212x300.jpg\" alt=\"\" width=\"212\" height=\"300\" srcset=\"https:\/\/static-blogs.hoy.es\/wp-content\/uploads\/sites\/45\/2024\/05\/Cartel-12-aniversario-212x300.jpg 212w, https:\/\/static-blogs.hoy.es\/wp-content\/uploads\/sites\/45\/2024\/05\/Cartel-12-aniversario-768x1088.jpg 768w, https:\/\/static-blogs.hoy.es\/wp-content\/uploads\/sites\/45\/2024\/05\/Cartel-12-aniversario-723x1024.jpg 723w\" sizes=\"(max-width: 212px) 100vw, 212px\" \/><\/a>Ser\u00e1 un fin de semana un tanto extra\u00f1o, pues comenzaremos en Badajoz, pero el lugar donde se celebrar\u00e1 el evento ser\u00e1 en <a href=\"https:\/\/valverdedeleganes.es\/\" rel=\"external nofollow\">Valverde de Legan\u00e9s<\/a>.<\/p>\n<p>Desde las 09:30h nos reuniremos en la Plaza Reyes Cat\u00f3licos, Badajoz, para desayunar en el &#8220;Bar La Uni\u00f3n&#8221; y poder visitar desde las 10h el monumento de <a href=\"https:\/\/www.aytobadajoz.es\/es\/ayto\/monumentos\/puerta-de-palmas\" rel=\"external nofollow\">Puerta de Palmas<\/a>, antigua puerta de la ciudad, pues acudir\u00e1n muchos moteros de diversos puntos de Espa\u00f1a y Portugal, por lo que agradecer\u00e1n poder visitar el citado monumento.<\/p>\n<p>En el cartel se indicaba que a las 10:40h inicio de ruta motera, saldremos unos minutos despu\u00e9s por dar la posibilidad de tener m\u00e1s tiempo para la visita de Puerta de Palmas.<\/p>\n<p>Sobre las 11:30h llegaremos al <a href=\"https:\/\/eurobec.eu\/locais\/jardim-municipal\/\" rel=\"external nofollow\">Jard\u00edm Municipal de Campo Maior<\/a> (Portugal), unos minutos antes de lo indicado en el cartel dado que se ha modificado la ruta.<\/p>\n<p>Tras una hora de parada para tomar alg\u00fan refrigerio continua la ruta hacia Elvas, Olivenza, y llegada a Valverde de Legan\u00e9s sobre las 13:20h, donde se realizar\u00e1 una parada para comer en la zona denominada &#8220;el llano&#8221; zona centro de la localidad. All\u00ed se permanecer\u00e1 hasta las 17:30h, que continuar\u00e1 la ruta hasta el &#8220;Lounge Bar Monki&#8221; en la piscina municipal de Valverde de Legan\u00e9s.<\/p>\n<p>A las 18:30h se har\u00e1 una presentaci\u00f3n del evento, seguido de juegos moteros con regalos.<\/p>\n<p>20h, presentaci\u00f3n de autoridades, entrega de placas y sorteos.<\/p>\n<p>22h, inician los conciertos. La Grande, <a href=\"https:\/\/www.facebook.com\/CircodePulgasRock\" rel=\"external nofollow\">Circo de Pulgas<\/a>,\u00a0<a href=\"https:\/\/www.facebook.com\/pedromorgadoamaro\" rel=\"external nofollow\">Pedro Amaro<\/a> (folk&amp;blues) y <a href=\"https:\/\/www.facebook.com\/pedromorgadoamaro\" rel=\"external nofollow\">DJ Fonsi<\/a><\/p>\n<p>Para el domingo comenzamos con desayuno en el &#8220;Monki Lounge Bar&#8221; desde las 10h, para iniciar una ruta a las 11h y unirnos a la concentraci\u00f3n motera de Alconchel, tras un breve encuentro sobre las 11:30h la concentraci\u00f3n motera de Alconchel iniciar\u00e1 una ruta por la comarca en la que al pasar por la localidad de T\u00e1liga nosotros realizaremos una parada en el &#8220;Bar Calaco&#8221; para tomar un refrigerio.<\/p>\n<p>A las 13h, continuamos ruta hacia Valverde de Legan\u00e9s, para realizar la comida en el &#8220;<a href=\"https:\/\/www.facebook.com\/Monkiloungebar\" rel=\"external nofollow\">Monki Lounge Bar<\/a>&#8220;, finalizado el pincho\/comida se da por finalizado el evento.<\/p>\n<p>El evento es de entrada libre y est\u00e1 abierto a todas las personas que quieran acudir, sean o no moteras. Si bien, <strong>hay una inscripci\u00f3n de 20 euros para los que quieran acceder al recinto de la acampada<\/strong> y da derecho a diversos tickets de consumiciones y recuerdos del evento, como bolsa de bienvenida. Las inscripciones se estuvieron realizando online, pero ya est\u00e1n cerradas y el modo de poder inscribirse ser\u00e1 en el propio evento. Hay inscripciones limitadas.<\/p>\n<p>\u00bfTe lo vas a perder?<\/p>\n<p>Saludos y r\u00e1fagas.<\/p>\n<!-- AddThis Advanced Settings generic via filter on the_content --><!-- AddThis Share Buttons generic via filter on the_content -->","protected":false},"excerpt":{"rendered":"<p>El pr\u00f3ximo fin de semana (18 y 19 de mayo) celebraremos el d\u00e9cimo segundo aniversario de MDH (Moteros de Hoy), en \u00e9sta ocasi\u00f3n nos trasladamos a la localidad pacense de Valverde de Legan\u00e9s. Estamos a las puertas del &#8220;XII Aniversario MDH&#8220;, ser\u00e1 un fin de semana cargado de motos, amistad, rutas, m\u00fasica y fiesta. Ser\u00e1 [&hellip;]<!-- AddThis Advanced Settings generic via filter on get_the_excerpt --><!-- AddThis Share Buttons generic via filter on get_the_excerpt --><\/p>\n","protected":false},"author":49,"featured_media":0,"comment_status":"open","ping_status":"closed","sticky":false,"template":"","format":"standard","meta":[],"categories":[5,9,13,1],"tags":[1560,622,1559,1561],"_links":{"self":[{"href":"https:\/\/blogs.hoy.es\/moterosdehoy\/wp-json\/wp\/v2\/posts\/3500"}],"collection":[{"href":"https:\/\/blogs.hoy.es\/moterosdehoy\/wp-json\/wp\/v2\/posts"}],"about":[{"href":"https:\/\/blogs.hoy.es\/moterosdehoy\/wp-json\/wp\/v2\/types\/post"}],"author":[{"embeddable":true,"href":"https:\/\/blogs.hoy.es\/moterosdehoy\/wp-json\/wp\/v2\/users\/49"}],"replies":[{"embeddable":true,"href":"https:\/\/blogs.hoy.es\/moterosdehoy\/wp-json\/wp\/v2\/comments?post=3500"}],"version-history":[{"count":1,"href":"https:\/\/blogs.hoy.es\/moterosdehoy\/wp-json\/wp\/v2\/posts\/3500\/revisions"}],"predecessor-version":[{"id":3502,"href":"https:\/\/blogs.hoy.es\/moterosdehoy\/wp-json\/wp\/v2\/posts\/3500\/revisions\/3502"}],"wp:attachment":[{"href":"https:\/\/blogs.hoy.es\/moterosdehoy\/wp-json\/wp\/v2\/media?parent=3500"}],"wp:term":[{"taxonomy":"category","embeddable":true,"href":"https:\/\/blogs.hoy.es\/moterosdehoy\/wp-json\/wp\/v2\/categories?post=3500"},{"taxonomy":"post_tag","embeddable":true,"href":"https:\/\/blogs.hoy.es\/moterosdehoy\/wp-json\/wp\/v2\/tags?post=3500"}],"curies":[{"name":"wp","href":"https:\/\/api.w.org\/{rel}","templated":true}]}}