{"id":3504,"date":"2024-06-01T08:25:50","date_gmt":"2024-06-01T08:25:50","guid":{"rendered":"https:\/\/blogs.hoy.es\/moterosdehoy\/?p=3504"},"modified":"2024-06-01T08:25:50","modified_gmt":"2024-06-01T08:25:50","slug":"vi-concentracion-moraleja-biker","status":"publish","type":"post","link":"https:\/\/blogs.hoy.es\/moterosdehoy\/2024\/06\/01\/vi-concentracion-moraleja-biker\/","title":{"rendered":"VI Concentraci\u00f3n Moraleja Biker"},"content":{"rendered":"<h3>Del 7 al 9 de junio tendremos en Moraleja (C\u00e1ceres) su sexta concentraci\u00f3n motera, por supuesto, de la mano de Moraleja Biker.<\/h3>\n<p>Ya queda poco para que <a href=\"https:\/\/es.wikipedia.org\/wiki\/Moraleja_(C%C3%A1ceres)\" rel=\"external nofollow\">Moraleja<\/a> se vea inundada de motocicletas, los term\u00f3metros marcan buenas temperaturas y eso dar\u00e1 por garantizado que hayan muchas.<\/p>\n<p><a href=\"https:\/\/static-blogs.hoy.es\/wp-content\/uploads\/sites\/45\/2024\/06\/Moraleja-Biker-2024.jpg\"><img loading=\"lazy\" class=\"alignleft size-medium wp-image-3505\" src=\"https:\/\/static-blogs.hoy.es\/wp-content\/uploads\/sites\/45\/2024\/06\/Moraleja-Biker-2024-215x300.jpg\" alt=\"\" width=\"215\" height=\"300\" srcset=\"https:\/\/static-blogs.hoy.es\/wp-content\/uploads\/sites\/45\/2024\/06\/Moraleja-Biker-2024-215x300.jpg 215w, https:\/\/static-blogs.hoy.es\/wp-content\/uploads\/sites\/45\/2024\/06\/Moraleja-Biker-2024-768x1074.jpg 768w, https:\/\/static-blogs.hoy.es\/wp-content\/uploads\/sites\/45\/2024\/06\/Moraleja-Biker-2024-732x1024.jpg 732w, https:\/\/static-blogs.hoy.es\/wp-content\/uploads\/sites\/45\/2024\/06\/Moraleja-Biker-2024.jpg 1144w\" sizes=\"(max-width: 215px) 100vw, 215px\" \/><\/a>Se trata de un fin de semana de fiesta motera, con rutas, conciertos, amistad y buen ambiente. Los conciertos tendr\u00e1n lugar en su Sede, Calle Postureo, 13, de Moraleja, lugar donde tendr\u00e1 cabida la concentraci\u00f3n motera y donde tienen preparada zona de acampada y aparcamiento para autocaravanas. Las rutas, como no, por la sierra. Moraleja se encuentra en un enclave precioso para el mundo de las dos ruedas, con unos paisajes maravillosos.<\/p>\n<p>Dentro de la programaci\u00f3n nos tienen preparado:<\/p>\n<p><strong>VIERNES<\/strong> 7 de junio:<\/p>\n<ul>\n<li>17:00h. Apertura de inscripciones, reencuentros y cena libre.<\/li>\n<li>22:00h. Evento musical por DJ ISRA<\/li>\n<\/ul>\n<p><strong>SABADO<\/strong> 8 de junio:<\/p>\n<ul>\n<li>9:00h. Apertura de inscripciones. Migas para inscritos.<\/li>\n<li>11:00h. Ruta por los pueblos afectados por el incendio de 2023\u00a0 en la Sierra de Gata.<\/li>\n<li>15:00h. Comida en la Sede de Moraleja Biker.<\/li>\n<li>17:00h. Evento musical por OLVIDADOS.<\/li>\n<li>21:00h. Cena para inscritos.<\/li>\n<li>22:00h. Lectura y brindis, homenaje a moteros ca\u00eddos.<\/li>\n<li>23:00h. Evento musical por ALAN NEPA ROCK BAND.<\/li>\n<\/ul>\n<p><strong>DOMINGO<\/strong> 9 de junio:<\/p>\n<ul>\n<li>10:00h. Migas para inscritos.<\/li>\n<li>11:00h. Ruta bar\u00edtima por la localidad.<\/li>\n<li>14:00h. Comida en la Sede de Moraleja Biker.<\/li>\n<li>Tras la comida, sorteos, regalos, despedida y cierre.<\/li>\n<\/ul>\n<p>En definitiva, un buen evento motero que no te puedes perder. En caso de que no te guste el mundo de la acampada en Moraleja hay muchos establecimientos hoteleros, por lo que no tendr\u00e1s problema para pasar la noche.<\/p>\n<p>Tienen una <strong>inscripci\u00f3n de 30\u20ac<\/strong>, si tienes pensado ir te dejo el <a href=\"https:\/\/forms.gle\/7gQAwezKMJScDGza7\" rel=\"external nofollow\"><strong>enlace a la inscripci\u00f3n<\/strong><\/a>.<\/p>\n<p>\u00a1Nos vemos en Moraleja!<\/p>\n<p>Saludos y r\u00e1fagas.<\/p>\n<!-- AddThis Advanced Settings generic via filter on the_content --><!-- AddThis Share Buttons generic via filter on the_content -->","protected":false},"excerpt":{"rendered":"<p>Del 7 al 9 de junio tendremos en Moraleja (C\u00e1ceres) su sexta concentraci\u00f3n motera, por supuesto, de la mano de Moraleja Biker. Ya queda poco para que Moraleja se vea inundada de motocicletas, los term\u00f3metros marcan buenas temperaturas y eso dar\u00e1 por garantizado que hayan muchas. Se trata de un fin de semana de fiesta [&hellip;]<!-- AddThis Advanced Settings generic via filter on get_the_excerpt --><!-- AddThis Share Buttons generic via filter on get_the_excerpt --><\/p>\n","protected":false},"author":49,"featured_media":0,"comment_status":"open","ping_status":"closed","sticky":false,"template":"","format":"standard","meta":[],"categories":[9,13,1],"tags":[194,382,1496,1048,622,664],"_links":{"self":[{"href":"https:\/\/blogs.hoy.es\/moterosdehoy\/wp-json\/wp\/v2\/posts\/3504"}],"collection":[{"href":"https:\/\/blogs.hoy.es\/moterosdehoy\/wp-json\/wp\/v2\/posts"}],"about":[{"href":"https:\/\/blogs.hoy.es\/moterosdehoy\/wp-json\/wp\/v2\/types\/post"}],"author":[{"embeddable":true,"href":"https:\/\/blogs.hoy.es\/moterosdehoy\/wp-json\/wp\/v2\/users\/49"}],"replies":[{"embeddable":true,"href":"https:\/\/blogs.hoy.es\/moterosdehoy\/wp-json\/wp\/v2\/comments?post=3504"}],"version-history":[{"count":1,"href":"https:\/\/blogs.hoy.es\/moterosdehoy\/wp-json\/wp\/v2\/posts\/3504\/revisions"}],"predecessor-version":[{"id":3506,"href":"https:\/\/blogs.hoy.es\/moterosdehoy\/wp-json\/wp\/v2\/posts\/3504\/revisions\/3506"}],"wp:attachment":[{"href":"https:\/\/blogs.hoy.es\/moterosdehoy\/wp-json\/wp\/v2\/media?parent=3504"}],"wp:term":[{"taxonomy":"category","embeddable":true,"href":"https:\/\/blogs.hoy.es\/moterosdehoy\/wp-json\/wp\/v2\/categories?post=3504"},{"taxonomy":"post_tag","embeddable":true,"href":"https:\/\/blogs.hoy.es\/moterosdehoy\/wp-json\/wp\/v2\/tags?post=3504"}],"curies":[{"name":"wp","href":"https:\/\/api.w.org\/{rel}","templated":true}]}}