{"id":3508,"date":"2024-06-15T09:04:11","date_gmt":"2024-06-15T09:04:11","guid":{"rendered":"https:\/\/blogs.hoy.es\/moterosdehoy\/?p=3508"},"modified":"2024-06-15T09:08:49","modified_gmt":"2024-06-15T09:08:49","slug":"los-moteros-inundan-badajoz-con-una-ofrenda-floral","status":"publish","type":"post","link":"https:\/\/blogs.hoy.es\/moterosdehoy\/2024\/06\/15\/los-moteros-inundan-badajoz-con-una-ofrenda-floral\/","title":{"rendered":"Los moteros inundan Badajoz con una ofrenda floral"},"content":{"rendered":"<h3>Hoy y ma\u00f1ana, 15 y 16 de junio, tendr\u00e1 lugar, en Badajoz, la V Ruta-Ofrenda Floral en Extremadura.<\/h3>\n<p>Se trata de la quinta ruta ofrenda floral en <a href=\"https:\/\/es.wikipedia.org\/wiki\/Extremadura\" rel=\"external nofollow\">Extremadura<\/a> y &#8220;III para dar visibilidad a la ELA&#8221;. Los moteros se unen para causas solidarias y en este caso con el lema &#8220;Que cada km sume&#8221;, se trata de sacar a la luz la terrible enfermedad degenerativa denominada Esclerosis Lateral Amiotr\u00f3fica &#8220;ELA&#8221;.<\/p>\n<p>Con fecha 20 de marzo de 2022, cinco asociaciones moteras firmamos el &#8220;I Convenio de colaboraci\u00f3n entre ELA Extremadura, Iniciativa Bikers por la ELA y Grupos moteros extreme\u00f1os&#8221;, por un periodo de cinco a\u00f1os, con la finalidad de dar visibilidad a los enfermos de ELA y a sus familiares.<\/p>\n<p>Para el cumplimiento de los fines del citado Convenio, se encuentra la organizaci\u00f3n, una vez al a\u00f1o, de un gran evento, con la participaci\u00f3n de todos los simpatizantes y amigos de la iniciativa Bikers por la ELA. A su vez, dentro de este encuentro, se realizar\u00e1 una &#8220;Ofrenda Floral&#8221; anual en una localidad de de Extremadura, de modo alterno, entre las provincias de C\u00e1ceres y Badajoz, realiz\u00e1ndose el domingo pr\u00f3ximo al d\u00eda internacional de la ELA, el 21 de junio.<\/p>\n<p>Este a\u00f1o, la organizaci\u00f3n del evento corre a cargo de nuestra asociaci\u00f3n &#8220;Moteros de Hoy&#8221;, uno de los clubes firmantes del convenio y hemos estimado que el lugar m\u00e1s indicado para hacerlo es la Ermita de la Soledad, patrona de nuestra ciudad.<\/p>\n<p><a href=\"https:\/\/static-blogs.hoy.es\/wp-content\/uploads\/sites\/45\/2024\/06\/ELA-2024-Badajoz.jpg\"><img loading=\"lazy\" class=\"alignleft size-medium wp-image-3509\" src=\"https:\/\/static-blogs.hoy.es\/wp-content\/uploads\/sites\/45\/2024\/06\/ELA-2024-Badajoz-300x212.jpg\" alt=\"\" width=\"300\" height=\"212\" srcset=\"https:\/\/static-blogs.hoy.es\/wp-content\/uploads\/sites\/45\/2024\/06\/ELA-2024-Badajoz-300x212.jpg 300w, https:\/\/static-blogs.hoy.es\/wp-content\/uploads\/sites\/45\/2024\/06\/ELA-2024-Badajoz-768x543.jpg 768w, https:\/\/static-blogs.hoy.es\/wp-content\/uploads\/sites\/45\/2024\/06\/ELA-2024-Badajoz-1024x725.jpg 1024w, https:\/\/static-blogs.hoy.es\/wp-content\/uploads\/sites\/45\/2024\/06\/ELA-2024-Badajoz.jpg 1614w\" sizes=\"(max-width: 300px) 100vw, 300px\" \/><\/a>Durante la ma\u00f1ana y el mediod\u00eda de hoy se estar\u00e1n ultimando cosas, para que todo est\u00e9 preparado. Ya para las cinco de la tarde, los moteros se encontrar\u00e1n en la Sede de &#8220;Moteros de Hoy&#8221; sita en la Avenida Antonio Cuellar Gragera, 15, <a href=\"https:\/\/es.wikipedia.org\/wiki\/Badajoz\" rel=\"external nofollow\">Badajoz<\/a>, 06003. O en su defecto si son muchos los asistentes, en los bares frente a la Sede y junto al supermercado &#8220;La Plaza&#8221;.<\/p>\n<p>A las 18 horas, se iniciar\u00e1 una peque\u00f1a ruta por ciudad para visitar a &#8220;Manolo&#8221; afectado de la enfermedad. La \u00fanica finalidad de ese tipo de visitas es intentar que durante un rato, tanto el afectado como sus familiares, que en muchas ocasiones lo pasan incluso peor que el propio afectado, por la impotencia de saber que no pueden hacer nada para remediarlo; se olviden, si es posible, de la circunstancia en que viven.<\/p>\n<p>La visita ser\u00e1 breve, como mucho para las 19h, los moteros continuaremos con el programa de la V edici\u00f3n Ruta-Ofrenda floral. Se realizar\u00e1 una parada en &#8220;El Kiosco&#8221; de la Plaza San At\u00f3n, pues muchos moteros vienen de fuera y se quedan en hospeder\u00edas de la zona, de ese modo guiamos a los que no conozcan la ciudad y servir\u00e1 de punto de encuentro.<\/p>\n<p>Sobre las 20h, nos desplazaremos al restaurante &#8220;<a href=\"https:\/\/es.restaurantguru.com\/Tienda-Gourmet-El-Silencio-Badajoz\" rel=\"external nofollow\">El Silencio<\/a>&#8220;, all\u00ed a las 21h, dar\u00e1 comienz0 una &#8220;Gala de presentaci\u00f3n&#8221; del evento, y se har\u00e1 entrega de unos detalles a los clubes participantes. Tras ello, en el mismo restaurante habr\u00e1 una cena para los que se inscribieron previamente, continuando por los locales del casco viejo para confraternizar los diversos grupos asistentes.<\/p>\n<p>El domingo ser\u00e1 el d\u00eda grande. Comenzar\u00e1 en la Plaza Alta de Badajoz. All\u00ed, desde las 9:30h se podr\u00e1n estacionar las motocicletas, que ante la previsi\u00f3n de cerca del medio millar de ellas, de seguro ser\u00e1 un gran atractivo para congregar muchos curiosos.<\/p>\n<p>Habr\u00e1 tiempo distendido para que los moteros puedan desayunar (estar\u00e1 abierta &#8220;<a href=\"https:\/\/www.tripadvisor.es\/Restaurant_Review-g262058-d3773637-Reviews-La_Cacharreria-Badajoz_Province_of_Badajoz_Extremadura.html\" rel=\"external nofollow\">La Cacharrer\u00eda<\/a>&#8221; y la churrer\u00eda &#8220;<a href=\"http:\/\/www.churreria-aaaaa.com\/\" rel=\"external nofollow\">aAaaa<\/a>&#8220;) o para visitar la propia Plaza Alta y la Alcazaba.<\/p>\n<p>Sobre las 10:30h, se har\u00e1 entrega a los diversos clubes del ramo para la ofrenda floral, para a las 11:10h partir a pie hacia la Ermita de La Soledad, donde tendr\u00e1 lugar la ofrenda floral a la Virgen de La Soledad, Patrona de la ciudad de Badajoz. Finalizada la ofrenda se continuar\u00e1 con tiempo distendido por los locales de la Plaza de La Soledad y Plaza Alta.<\/p>\n<p>A las 13:10h, se iniciar\u00e1 la salida de las motocicletas de la Plaza Alta. Se saldr\u00e1 por la zona de acceso a El Campillo, para llegar a la Avenida Ricardo Carapeto y finalizar en el restaurante &#8220;<a href=\"https:\/\/es.restaurantguru.com\/Boulevar-Pool-Badajoz\" rel=\"external nofollow\">Boulevard Pool<\/a>&#8220;, lugar donde se har\u00e1 la entrega de detalles a los clubes que no pudieran asistir a la Gala de presentaci\u00f3n, y se tendremos una comida. Tras todo ello, daremos por concluido el evento y deseos de buenas rutas de regreso a sus casas para todos los asistentes.<\/p>\n<p>En Extremadura se encuentra la asociaci\u00f3n ELA Extremadura, con el objetivo de ayudar a enfermos y familiares afectados por la enfermedad. Se trata de una terrible enfermedad de la que hay mucho desconocimiento y, gracias a este tipo de asociaciones, los afectados tienen contacto entre ellos y pueden saber cual puede ser su terrible evoluci\u00f3n.<\/p>\n<p>En la provincia de C\u00e1ceres, est\u00e1 previsto que se construya el primer hospital para afectados de ELA, todo un gran paso para la calidad de vida (si es posible llegar a decir esas palabras) para los afectados.<\/p>\n<p>La Plaza Alta de Badajoz, se ha visto con muchas motocicletas en otros eventos moteros, por encontrarse en un enclave c\u00e9ntrico y de f\u00e1cil acceso para \u00e9ste tipo de veh\u00edculos, pero en esta ocasi\u00f3n se trata de algo muy especial y que intentaremos que queden fotograf\u00edas para el recuerdo con la Plaza llena de motocicletas.<\/p>\n<p>Para finalizar el post, quiero dar las gracias en nombre de todos los participantes en el evento al Excmo. <a href=\"https:\/\/www.aytobadajoz.es\/es\/ayto\/portada\" rel=\"external nofollow\">Ayuntamiento de Badajoz<\/a>, por su colaboraci\u00f3n y f\u00e1cil comunicaci\u00f3n con ellos.<\/p>\n<p>A su vez, dar las gracias a los restaurantes &#8220;<a href=\"https:\/\/www.facebook.com\/profile.php?id=100064902241400\" rel=\"external nofollow\">El Silencio<\/a>&#8221; y &#8220;<a href=\"https:\/\/www.facebook.com\/pages\/Boulevard-Pool-Badajoz\/1459638757691995\" rel=\"external nofollow\">Boulevard Pool<\/a>&#8220;, florister\u00eda &#8220;<a href=\"https:\/\/www.facebook.com\/floristeriaflorregalo\" rel=\"external nofollow\">Flor Regalo<\/a>&#8220;, y <a href=\"https:\/\/www.facebook.com\/profile.php?id=100069594564900\" rel=\"external nofollow\">Joyer\u00eda Ballester<\/a>, por sus respectivas colaboraciones que ayudaron a la realizaci\u00f3n del evento.<\/p>\n<p>Saludos y r\u00e1fagas.<\/p>\n<!-- AddThis Advanced Settings generic via filter on the_content --><!-- AddThis Share Buttons generic via filter on the_content -->","protected":false},"excerpt":{"rendered":"<p>Hoy y ma\u00f1ana, 15 y 16 de junio, tendr\u00e1 lugar, en Badajoz, la V Ruta-Ofrenda Floral en Extremadura. Se trata de la quinta ruta ofrenda floral en Extremadura y &#8220;III para dar visibilidad a la ELA&#8221;. Los moteros se unen para causas solidarias y en este caso con el lema &#8220;Que cada km sume&#8221;, se [&hellip;]<!-- AddThis Advanced Settings generic via filter on get_the_excerpt --><!-- AddThis Share Buttons generic via filter on get_the_excerpt --><\/p>\n","protected":false},"author":49,"featured_media":0,"comment_status":"open","ping_status":"closed","sticky":false,"template":"","format":"standard","meta":[],"categories":[9,13,1],"tags":[87,1210,1149,382,618,622,786,1564,1563,1562],"_links":{"self":[{"href":"https:\/\/blogs.hoy.es\/moterosdehoy\/wp-json\/wp\/v2\/posts\/3508"}],"collection":[{"href":"https:\/\/blogs.hoy.es\/moterosdehoy\/wp-json\/wp\/v2\/posts"}],"about":[{"href":"https:\/\/blogs.hoy.es\/moterosdehoy\/wp-json\/wp\/v2\/types\/post"}],"author":[{"embeddable":true,"href":"https:\/\/blogs.hoy.es\/moterosdehoy\/wp-json\/wp\/v2\/users\/49"}],"replies":[{"embeddable":true,"href":"https:\/\/blogs.hoy.es\/moterosdehoy\/wp-json\/wp\/v2\/comments?post=3508"}],"version-history":[{"count":5,"href":"https:\/\/blogs.hoy.es\/moterosdehoy\/wp-json\/wp\/v2\/posts\/3508\/revisions"}],"predecessor-version":[{"id":3514,"href":"https:\/\/blogs.hoy.es\/moterosdehoy\/wp-json\/wp\/v2\/posts\/3508\/revisions\/3514"}],"wp:attachment":[{"href":"https:\/\/blogs.hoy.es\/moterosdehoy\/wp-json\/wp\/v2\/media?parent=3508"}],"wp:term":[{"taxonomy":"category","embeddable":true,"href":"https:\/\/blogs.hoy.es\/moterosdehoy\/wp-json\/wp\/v2\/categories?post=3508"},{"taxonomy":"post_tag","embeddable":true,"href":"https:\/\/blogs.hoy.es\/moterosdehoy\/wp-json\/wp\/v2\/tags?post=3508"}],"curies":[{"name":"wp","href":"https:\/\/api.w.org\/{rel}","templated":true}]}}