{"id":3521,"date":"2024-08-27T10:31:36","date_gmt":"2024-08-27T10:31:36","guid":{"rendered":"https:\/\/blogs.hoy.es\/moterosdehoy\/?p=3521"},"modified":"2024-08-27T10:31:36","modified_gmt":"2024-08-27T10:31:36","slug":"summer-gil-festival-2024","status":"publish","type":"post","link":"https:\/\/blogs.hoy.es\/moterosdehoy\/2024\/08\/27\/summer-gil-festival-2024\/","title":{"rendered":"Summer Gil Festival 2024"},"content":{"rendered":"<h3><strong>Tenemos a la vista el Summer Gil Festival. Un a\u00f1o m\u00e1s San Gil nos ofrece su localidad para disfrutar de la m\u00fasica y su hospitalidad. Tendr\u00e1 lugar el 31 de agosto, en San Gil.<\/strong><\/h3>\n<p><a href=\"https:\/\/static-blogs.hoy.es\/wp-content\/uploads\/sites\/45\/2024\/08\/Summer-Gil-Festival-2024.jpg\"><img loading=\"lazy\" class=\"alignleft size-medium wp-image-3522\" src=\"https:\/\/static-blogs.hoy.es\/wp-content\/uploads\/sites\/45\/2024\/08\/Summer-Gil-Festival-2024-216x300.jpg\" alt=\"\" width=\"216\" height=\"300\" srcset=\"https:\/\/static-blogs.hoy.es\/wp-content\/uploads\/sites\/45\/2024\/08\/Summer-Gil-Festival-2024-216x300.jpg 216w, https:\/\/static-blogs.hoy.es\/wp-content\/uploads\/sites\/45\/2024\/08\/Summer-Gil-Festival-2024.jpg 460w\" sizes=\"(max-width: 216px) 100vw, 216px\" \/><\/a>\u00a0<a href=\"https:\/\/es.wikipedia.org\/wiki\/San_Gil_(C%C3%A1ceres)\" rel=\"external nofollow\">San Gil<\/a>, localidad situada al norte en la provincia de C\u00e1ceres y seg\u00fan Wikipedia con un censo de 261 habitantes en 2022, un a\u00f1o m\u00e1s celebrar\u00e1 el <a href=\"https:\/\/www.facebook.com\/summergilfestival\" rel=\"external nofollow\">Summer Gil Festival<\/a>, y el que va, vuelve.<\/p>\n<p>Como en ediciones anteriores, el evento ser\u00e1 organizado por el Excmo. Ayuntamiento de San Gil, colaborando con el mismo la Diputaci\u00f3n de C\u00e1ceres y diversos Clubes moteros extreme\u00f1os, entre ellos <a href=\"https:\/\/www.facebook.com\/rollingcustomclub\" rel=\"external nofollow\">Rolling Custom Club<\/a>, <a href=\"https:\/\/www.facebook.com\/BuitresLeonaos\" rel=\"external nofollow\">Buitres Leonaos<\/a>, <a href=\"https:\/\/www.facebook.com\/Moraleja-Biker-Oficial-308890033042877\" rel=\"external nofollow\">Moraleja Biker<\/a>, <a href=\"https:\/\/www.facebook.com\/moteroshoy\" rel=\"external nofollow\">Moreros de Hoy<\/a>, <a href=\"https:\/\/www.facebook.com\/profile.php?id=100071569531949\" rel=\"external nofollow\">Turgalium<\/a>, Extremadura Custom, Motogrupo Pacense, <a href=\"https:\/\/www.facebook.com\/profile.php?id=100064402224025\" rel=\"external nofollow\">Pe\u00f1a Motera Mayorga<\/a>, Sons of Birrafr\u00eda, y <a href=\"https:\/\/www.facebook.com\/matacristoscanaveral\" rel=\"external nofollow\">MataCristos<\/a> (orden en el que aparecen en el cartel del evento), por lo que habr\u00e1 motos y rutas moteras, pero en el que tiene cabida cualquiera que quiera acudir, ya sea en coche, caravana, bici, andando o como desee.<\/p>\n<p>Dentro del programa nos han preparado para el\u00a0<strong>S\u00c1BADO 31 DE AGOSTO<\/strong>:<\/p>\n<p>09:30 horas \u2013 A partir de esta hora recepci\u00f3n de Moteros (Clubes, libres, etc.), en la plaza de la localidad, para coger fuerzas con un buen desayuno y salir de ruta con las pilas cargadas.<\/p>\n<p>Entre 11:30 y 12h, dependiendo de lo remolones que se encuentre el personal, iniciar\u00e1 una ruta hacia Palomero, donde se realizar\u00e1 una parada para reponer fuerzas y continuar la ruta de nuevo a San Gil, donde tendr\u00e1 lugar la comida sobre las 15h.<\/p>\n<p>La comida ser\u00e1 en \u201cBar Mariano\u201d (San Gil) requiere reserva, donde tienen un men\u00fa preparado con ensalada, paella, croquetas, cerveza, pan y caf\u00e9, por 13 euros. Pero si est\u00e1s interesado debes de reservarlo, para ello te puede ayudar el personal del Rolling Custom Club, pues ellos le gestionan la reserva y hay plazas limitadas.<\/p>\n<p>Los conciertos comenzar\u00e1n sobre las 21:30h, con:<\/p>\n<ul>\n<li>La Mendinga<\/li>\n<li>The Ruffos<\/li>\n<li>Bellotaris fallecidos<\/li>\n<li>The lizards kings<\/li>\n<\/ul>\n<p>Para cenar se podr\u00e1 colaborar con la protectora El Refugio de Plasencia y sus Perritos Solidarios, y tras la cena se realizar\u00e1 una procesi\u00f3n de antorchar por la localidad.<\/p>\n<p>Desde la organizaci\u00f3n recuerdan que <strong>el Festival es gratuito<\/strong>, que se dispondr\u00e1 de acampada en la zona donde se encuentre el evento, junto a la Plaza de la localidad,<\/p>\n<p>y que solo piden que se lleve 1 kilo (o algo m\u00e1s, si es posible) de alimentos no perecederos que entregar\u00e1n al Banco de Alimentos de Plasencia.<\/p>\n<p>\u00bfTe lo vas a perder? Aprovecha una buena forma de ir cerrando el verano.<\/p>\n<p>Saludos y r\u00e1fagas.<\/p>\n<!-- AddThis Advanced Settings generic via filter on the_content --><!-- AddThis Share Buttons generic via filter on the_content -->","protected":false},"excerpt":{"rendered":"<p>Tenemos a la vista el Summer Gil Festival. Un a\u00f1o m\u00e1s San Gil nos ofrece su localidad para disfrutar de la m\u00fasica y su hospitalidad. Tendr\u00e1 lugar el 31 de agosto, en San Gil. \u00a0San Gil, localidad situada al norte en la provincia de C\u00e1ceres y seg\u00fan Wikipedia con un censo de 261 habitantes en [&hellip;]<!-- AddThis Advanced Settings generic via filter on get_the_excerpt --><!-- AddThis Share Buttons generic via filter on get_the_excerpt --><\/p>\n","protected":false},"author":49,"featured_media":0,"comment_status":"open","ping_status":"closed","sticky":false,"template":"","format":"standard","meta":[],"categories":[5,9,13,1],"tags":[1569,382,618,622,664,1104,1568,1527],"_links":{"self":[{"href":"https:\/\/blogs.hoy.es\/moterosdehoy\/wp-json\/wp\/v2\/posts\/3521"}],"collection":[{"href":"https:\/\/blogs.hoy.es\/moterosdehoy\/wp-json\/wp\/v2\/posts"}],"about":[{"href":"https:\/\/blogs.hoy.es\/moterosdehoy\/wp-json\/wp\/v2\/types\/post"}],"author":[{"embeddable":true,"href":"https:\/\/blogs.hoy.es\/moterosdehoy\/wp-json\/wp\/v2\/users\/49"}],"replies":[{"embeddable":true,"href":"https:\/\/blogs.hoy.es\/moterosdehoy\/wp-json\/wp\/v2\/comments?post=3521"}],"version-history":[{"count":1,"href":"https:\/\/blogs.hoy.es\/moterosdehoy\/wp-json\/wp\/v2\/posts\/3521\/revisions"}],"predecessor-version":[{"id":3523,"href":"https:\/\/blogs.hoy.es\/moterosdehoy\/wp-json\/wp\/v2\/posts\/3521\/revisions\/3523"}],"wp:attachment":[{"href":"https:\/\/blogs.hoy.es\/moterosdehoy\/wp-json\/wp\/v2\/media?parent=3521"}],"wp:term":[{"taxonomy":"category","embeddable":true,"href":"https:\/\/blogs.hoy.es\/moterosdehoy\/wp-json\/wp\/v2\/categories?post=3521"},{"taxonomy":"post_tag","embeddable":true,"href":"https:\/\/blogs.hoy.es\/moterosdehoy\/wp-json\/wp\/v2\/tags?post=3521"}],"curies":[{"name":"wp","href":"https:\/\/api.w.org\/{rel}","templated":true}]}}