{"id":3524,"date":"2024-08-29T09:07:02","date_gmt":"2024-08-29T09:07:02","guid":{"rendered":"https:\/\/blogs.hoy.es\/moterosdehoy\/?p=3524"},"modified":"2024-08-29T09:12:19","modified_gmt":"2024-08-29T09:12:19","slug":"vuelta-a-espana-de-la-bandera-de-ucrania","status":"publish","type":"post","link":"https:\/\/blogs.hoy.es\/moterosdehoy\/2024\/08\/29\/vuelta-a-espana-de-la-bandera-de-ucrania\/","title":{"rendered":"Vuelta a Espa\u00f1a de la bandera de Ucrania"},"content":{"rendered":"<h3>El domingo d\u00eda 1 de septiembre la asociaci\u00f3n &#8220;<a href=\"https:\/\/www.facebook.com\/moteroshoy\/?locale=es_ES\" rel=\"external nofollow\">MOTEROS DE HOY<\/a>&#8221; se trasladar\u00e1 a Huelva, para recoger una bandera de Ucrania, de la mano del &#8220;Grupo Motero Descubridores Huelva&#8221;.<\/h3>\n<p>Tras iniciar la invasi\u00f3n de Rusia a Ucrania y <span style=\"color: #ff0000;\"><strong>con el objetivo de apoyar a los miles de ni\u00f1os afectados por esa maldita guerra<\/strong><\/span>, se cre\u00f3 una plataforma con el lema &#8220;<a href=\"https:\/\/www.gredosenmoto.com\/2022\/muchos_corazones\/index.htm\" rel=\"external nofollow\">MUCHOS CORAZONES-UNA SOLA INTENCI\u00d3N<\/a>&#8220;. Para darle visibilidad una bandera de Ucrania comenz\u00f3 una ruta motera en Gredos y tras dos a\u00f1os, continua dando vueltas por Espa\u00f1a.<\/p>\n<p><a href=\"https:\/\/static-blogs.hoy.es\/wp-content\/uploads\/sites\/45\/2024\/08\/Bandera-Ucrania-Huelva-Badajoz.jpg\"><img loading=\"lazy\" class=\"alignleft size-medium wp-image-3525\" src=\"https:\/\/static-blogs.hoy.es\/wp-content\/uploads\/sites\/45\/2024\/08\/Bandera-Ucrania-Huelva-Badajoz-212x300.jpg\" alt=\"\" width=\"212\" height=\"300\" srcset=\"https:\/\/static-blogs.hoy.es\/wp-content\/uploads\/sites\/45\/2024\/08\/Bandera-Ucrania-Huelva-Badajoz-212x300.jpg 212w, https:\/\/static-blogs.hoy.es\/wp-content\/uploads\/sites\/45\/2024\/08\/Bandera-Ucrania-Huelva-Badajoz.jpg 226w\" sizes=\"(max-width: 212px) 100vw, 212px\" \/><\/a>Ahora se encuentra en Huelva, en mano del &#8220;<a href=\"https:\/\/www.facebook.com\/descubridoreshuelva\/?locale=es_ES\" rel=\"external nofollow\">Grupo Motero Descubridores Huelva<\/a>&#8221; y el domingo aprovechando que durante el fin del semana del 30 de agosto al 1 de septiembre tendr\u00e1n su d\u00e9cimo aniversario y tercera concentraci\u00f3n de motos, la asociaci\u00f3n &#8220;Moteros de Hoy&#8221;, se personar\u00e1 en su evento a recogerla y trasladar\u00e1 a Badajoz, ciudad donde se encuentra ubicada su Sede.<\/p>\n<p>El domingo, <strong>1 de septiembre<\/strong>, el punto de encuentro ser\u00e1 desde las 9:00h en el &#8220;<a href=\"https:\/\/www.tripadvisor.es\/Restaurant_Review-g262058-d27170857-Reviews-Meson_Tremeno-Badajoz_Province_of_Badajoz_Extremadura.html\" rel=\"external nofollow\">Mes\u00f3n Treme\u00f1o<\/a>&#8221; de Badajoz, sito en el cruce de C\/. C\u00e1\u00f1amo con Carretera Corte de Peleas. Acudir con el dep\u00f3sito lleno, dado que a las 09:30h partir\u00e1 la ruta hacia Huelva.<\/p>\n<p>La idea es llegar sobre el medio d\u00eda, disfrutar del evento de &#8220;G. M. Descubridores Huelva&#8221; y tras la comida con ellos iniciar la ruta de regreso a Badajoz.<\/p>\n<p>Una vez la bandera de Ucrania est\u00e9 en Badajoz y como despedida, el d\u00eda <strong>14 de septiembre<\/strong> se realizar\u00e1 un acto en el Ayuntamiento de Badajoz, desde donde partir\u00e1 de la mano nuevamente de &#8220;Moteros de Hoy&#8221; a C\u00e1ceres, donde ser\u00e1 entregada al &#8220;<a href=\"https:\/\/buitresleonaos.com\/\" rel=\"external nofollow\">Moto Club Buitres Leonaos<\/a>&#8220;, aprovechando su &#8220;XVIII Concentraci\u00f3n Internacional de Motos&#8221;. Lugar donde tendr\u00e1 una gran acogida y le tendr\u00e1n reservado un sitio de honor.<\/p>\n<p>Nadie que aprecie su vida, la libertad y el respeto a los dem\u00e1s desea una guerra, por unos motivos u otros algunos se ven inmersos en ellas, pero que culpa tienen ni\u00f1os que han empezado a vivir, \u00bfque culpa tienen ellos de haber nacido en Ucrania?<\/p>\n<p><span style=\"color: #ff0000;\"><strong>\u00a1Esta maldita guerra tiene que acabar YA!<\/strong><\/span><\/p>\n<p><a href=\"https:\/\/static-blogs.hoy.es\/wp-content\/uploads\/sites\/45\/2024\/08\/Descubridores_Huelva.jpg\"><img loading=\"lazy\" class=\"alignright size-medium wp-image-3526\" src=\"https:\/\/static-blogs.hoy.es\/wp-content\/uploads\/sites\/45\/2024\/08\/Descubridores_Huelva-212x300.jpg\" alt=\"\" width=\"212\" height=\"300\" srcset=\"https:\/\/static-blogs.hoy.es\/wp-content\/uploads\/sites\/45\/2024\/08\/Descubridores_Huelva-212x300.jpg 212w, https:\/\/static-blogs.hoy.es\/wp-content\/uploads\/sites\/45\/2024\/08\/Descubridores_Huelva-768x1086.jpg 768w, https:\/\/static-blogs.hoy.es\/wp-content\/uploads\/sites\/45\/2024\/08\/Descubridores_Huelva-724x1024.jpg 724w, https:\/\/static-blogs.hoy.es\/wp-content\/uploads\/sites\/45\/2024\/08\/Descubridores_Huelva.jpg 1131w\" sizes=\"(max-width: 212px) 100vw, 212px\" \/><\/a>Para los que prefieran aprovechar el fin de semana por Huelva, decir que el &#8220;Grupo Motero Descubridores Huelva&#8221; tiene un fin de semana cargado de rutas, m\u00fasica, acampada, buen ambiente, muchas motos, muchos moteros&#8230; un lugar donde encontrar\u00e1s a muchos amigos y de seguro los har\u00e1s nuevos.<\/p>\n<p>En el cartel tienes toda la informaci\u00f3n de su evento.<\/p>\n<p>Aprovecha un buen fin de semana motero en Huelva.<\/p>\n<p>Saludos y r\u00e1fagas.<\/p>\n<!-- AddThis Advanced Settings generic via filter on the_content --><!-- AddThis Share Buttons generic via filter on the_content -->","protected":false},"excerpt":{"rendered":"<p>El domingo d\u00eda 1 de septiembre la asociaci\u00f3n &#8220;MOTEROS DE HOY&#8221; se trasladar\u00e1 a Huelva, para recoger una bandera de Ucrania, de la mano del &#8220;Grupo Motero Descubridores Huelva&#8221;. Tras iniciar la invasi\u00f3n de Rusia a Ucrania y con el objetivo de apoyar a los miles de ni\u00f1os afectados por esa maldita guerra, se cre\u00f3 [&hellip;]<!-- AddThis Advanced Settings generic via filter on get_the_excerpt --><!-- AddThis Share Buttons generic via filter on get_the_excerpt --><\/p>\n","protected":false},"author":49,"featured_media":0,"comment_status":"open","ping_status":"closed","sticky":false,"template":"","format":"standard","meta":[],"categories":[9,13,1],"tags":[87,1572,120,1570,1573,1571,1574,618,622,664],"_links":{"self":[{"href":"https:\/\/blogs.hoy.es\/moterosdehoy\/wp-json\/wp\/v2\/posts\/3524"}],"collection":[{"href":"https:\/\/blogs.hoy.es\/moterosdehoy\/wp-json\/wp\/v2\/posts"}],"about":[{"href":"https:\/\/blogs.hoy.es\/moterosdehoy\/wp-json\/wp\/v2\/types\/post"}],"author":[{"embeddable":true,"href":"https:\/\/blogs.hoy.es\/moterosdehoy\/wp-json\/wp\/v2\/users\/49"}],"replies":[{"embeddable":true,"href":"https:\/\/blogs.hoy.es\/moterosdehoy\/wp-json\/wp\/v2\/comments?post=3524"}],"version-history":[{"count":1,"href":"https:\/\/blogs.hoy.es\/moterosdehoy\/wp-json\/wp\/v2\/posts\/3524\/revisions"}],"predecessor-version":[{"id":3527,"href":"https:\/\/blogs.hoy.es\/moterosdehoy\/wp-json\/wp\/v2\/posts\/3524\/revisions\/3527"}],"wp:attachment":[{"href":"https:\/\/blogs.hoy.es\/moterosdehoy\/wp-json\/wp\/v2\/media?parent=3524"}],"wp:term":[{"taxonomy":"category","embeddable":true,"href":"https:\/\/blogs.hoy.es\/moterosdehoy\/wp-json\/wp\/v2\/categories?post=3524"},{"taxonomy":"post_tag","embeddable":true,"href":"https:\/\/blogs.hoy.es\/moterosdehoy\/wp-json\/wp\/v2\/tags?post=3524"}],"curies":[{"name":"wp","href":"https:\/\/api.w.org\/{rel}","templated":true}]}}