{"id":3529,"date":"2024-09-04T17:12:43","date_gmt":"2024-09-04T17:12:43","guid":{"rendered":"https:\/\/blogs.hoy.es\/moterosdehoy\/?p=3529"},"modified":"2024-09-04T17:20:14","modified_gmt":"2024-09-04T17:20:14","slug":"muchos-corazones-una-sola-intencion","status":"publish","type":"post","link":"https:\/\/blogs.hoy.es\/moterosdehoy\/2024\/09\/04\/muchos-corazones-una-sola-intencion\/","title":{"rendered":"Muchos corazones &#8211; Una sola intenci\u00f3n"},"content":{"rendered":"<h3>Cr\u00f3nica del viaje de Moteros de Hoy a Huelva, para recoger la bandera de Ucrania implicada en el proyecto \u201cMuchos corazones &#8211; Una sola intenci\u00f3n\u201d, con la \u00fanica idea de dar apoyo a los ni\u00f1os afectados por la guerra de Ucrania:<\/h3>\n<p style=\"font-weight: 400;\"><span data-removefontsize=\"true\" data-originalcomputedfontsize=\"14.666667\">Amanece el d\u00eda 1 de septiembre y tal y como se hab\u00eda acordado, nos espera una bonita ruta entre Badajoz y Huelva.<\/span><\/p>\n<p style=\"font-weight: 400;\"><span data-removefontsize=\"true\" data-originalcomputedfontsize=\"14.666667\"><a href=\"https:\/\/static-blogs.hoy.es\/wp-content\/uploads\/sites\/45\/2024\/09\/Huelva-Badajoz.jpg\"><img loading=\"lazy\" class=\"alignleft size-medium wp-image-3531\" src=\"https:\/\/static-blogs.hoy.es\/wp-content\/uploads\/sites\/45\/2024\/09\/Huelva-Badajoz-212x300.jpg\" alt=\"\" width=\"212\" height=\"300\" srcset=\"https:\/\/static-blogs.hoy.es\/wp-content\/uploads\/sites\/45\/2024\/09\/Huelva-Badajoz-212x300.jpg 212w, https:\/\/static-blogs.hoy.es\/wp-content\/uploads\/sites\/45\/2024\/09\/Huelva-Badajoz-768x1085.jpg 768w, https:\/\/static-blogs.hoy.es\/wp-content\/uploads\/sites\/45\/2024\/09\/Huelva-Badajoz-725x1024.jpg 725w, https:\/\/static-blogs.hoy.es\/wp-content\/uploads\/sites\/45\/2024\/09\/Huelva-Badajoz.jpg 1024w\" sizes=\"(max-width: 212px) 100vw, 212px\" \/><\/a>Cinco miembros de <strong><a href=\"https:\/\/www.facebook.com\/moteroshoy\/\" rel=\"external nofollow\">Moteros de Hoy<\/a><\/strong> arrancamos en ruta, pr\u00f3xima parada Jabugo, bonita ruta para circular en moto, las curvas de la sierra nos esperan. Es una pena el mal estado en que se encuentra el asfalto de la carretera, que decepci\u00f3n, hay innumerables baches en los que puedes temer por la integridad al conducir con una motocicleta. El d\u00eda ha amanecido fresco y al parar en Jabugo parec\u00eda que a\u00fan est\u00e1bamos subidos sobre nuestras Harleys, pues debido al fr\u00edo las manos no paraban de temblar.<\/span><\/p>\n<p style=\"font-weight: 400;\"><span data-removefontsize=\"true\" data-originalcomputedfontsize=\"14.666667\">Tras entrar en calor continuamos marcha hacia Huelva, donde el \u201cGrupo Motero Descubridores Huelva\u201d se encuentra celebrando su d\u00e9cimo aniversario y a su vez, tercera concentraci\u00f3n motera, lugar donde nos har\u00e1n entrega de la bandera de Ucrania que se encuentra dando la vuelta a Espa\u00f1a, en apoyo a los ni\u00f1os afectados por la guerra de Ucrania.<\/span><\/p>\n<p style=\"font-weight: 400;\"><span data-removefontsize=\"true\" data-originalcomputedfontsize=\"14.666667\">Fue muy emotivo, \u201cRafa\u201d el Presidente del Grupo Motero Descubridores Huelva, pidi\u00f3 a todos los grupos que hab\u00edan participado anteriormente que hicieran un pasillo a ambos lados de la bandera, en medio se puso \u00e9l y enfrente \u201cTony (PicaDura)\u201d el Presidente de Moteros de Hoy. Tras unas bonitas palabras de Rafa se realiz\u00f3 la entrega y poco despu\u00e9s Moteros de Hoy inici\u00f3 ruta de regreso a Badajoz para conseguir llegar a\u00fan con la luz del d\u00eda.<\/span><\/p>\n<p style=\"font-weight: 400;\"><span data-removefontsize=\"true\" data-originalcomputedfontsize=\"14.666667\">Objetivo superado, llegamos a Badajoz. El carril de regreso ten\u00eda menos baches o igual ya ni los ve\u00edamos, que pena de carretera por Dios, que l\u00e1stima que se encuentre en tal mal estado. Esperemos que pronto le toque un buen retoque.<\/span><\/p>\n<p style=\"font-weight: 400;\"><span data-removefontsize=\"true\" data-originalcomputedfontsize=\"14.666667\">Por el momento se encuentra en Badajoz, donde intentaremos contactar con la base militar, pues en Huelva nos comentaron que aqu\u00ed se encuentran militares ucranianos, de seguro que les har\u00e1 ilusi\u00f3n compartir el proyecto, aunque sea por unos breves momentos y as\u00ed hacerles part\u00edcipes de la ruta de la bandera de Ucrania por Espa\u00f1a.<\/span><\/p>\n<p style=\"font-weight: 400;\"><span data-removefontsize=\"true\" data-originalcomputedfontsize=\"14.666667\">Ya estamos en contacto con el <a href=\"https:\/\/www.aytobadajoz.es\/es\/ayto\/portada\" rel=\"external nofollow\">Ayuntamiento de Badajoz<\/a>, lugar donde parece que presentaremos la bandera de Ucrania en la ma\u00f1ana del pr\u00f3ximo 14 de septiembre, desde donde iniciaremos una ruta a C\u00e1ceres, para hacer la entrega ese mismo d\u00eda al Moto Club Buitres Leonaos, que se encontrar\u00e1 en su <a href=\"https:\/\/buitresleonaos.com\/\" rel=\"external nofollow\">XVIII Concentraci\u00f3n Motera<\/a>. De seguro tambi\u00e9n ser\u00e1 muy emotivo.<br \/>\n<\/span><\/p>\n<p style=\"font-weight: 400;\"><span data-removefontsize=\"true\" data-originalcomputedfontsize=\"14.666667\">Aprovechamos para invitar a todos los clubes que quieran acompa\u00f1ar tanto en la presentaci\u00f3n en el Ayuntamiento, como en la ruta hasta C\u00e1ceres.<\/span><\/p>\n<p>Enlace al v\u00eddeo publicado en la cuenta de <a href=\"https:\/\/www.tiktok.com\/@moterosdehoy\/video\/7409688083865685280?_r=1&amp;_t=8pPITEqF82z&amp;fbclid=IwY2xjawFFdZNleHRuA2FlbQIxMQABHWt6vwEvsT3VspcRyHvWBU1zjNeQMUU7edvk7PgHPMRVGxQVGax1vpwiig_aem_ccM2_MbdsKZJpxioEk-h6g\" rel=\"external nofollow\">Tik Tok de Moteros de Hoy<\/a>.<\/p>\n<p style=\"font-weight: 400;\"><span data-removefontsize=\"true\" data-originalcomputedfontsize=\"14.666667\">Recordar: <strong><em>\u00a1Muchos corazones &#8211; Una sola intenci\u00f3n!<\/em><\/strong><\/span><\/p>\n<p style=\"font-weight: 400;\"><span data-removefontsize=\"true\" data-originalcomputedfontsize=\"14.666667\">Saludos y r\u00e1fagas.<\/span><\/p>\n<!-- AddThis Advanced Settings generic via filter on the_content --><!-- AddThis Share Buttons generic via filter on the_content -->","protected":false},"excerpt":{"rendered":"<p>Cr\u00f3nica del viaje de Moteros de Hoy a Huelva, para recoger la bandera de Ucrania implicada en el proyecto \u201cMuchos corazones &#8211; Una sola intenci\u00f3n\u201d, con la \u00fanica idea de dar apoyo a los ni\u00f1os afectados por la guerra de Ucrania: Amanece el d\u00eda 1 de septiembre y tal y como se hab\u00eda acordado, nos [&hellip;]<!-- AddThis Advanced Settings generic via filter on get_the_excerpt --><!-- AddThis Share Buttons generic via filter on get_the_excerpt --><\/p>\n","protected":false},"author":49,"featured_media":0,"comment_status":"open","ping_status":"closed","sticky":false,"template":"","format":"standard","meta":[],"categories":[9,13,1],"tags":[1579,1534,87,1572,1570,1580,1571,1581,622,1575,1578,1577,1576],"_links":{"self":[{"href":"https:\/\/blogs.hoy.es\/moterosdehoy\/wp-json\/wp\/v2\/posts\/3529"}],"collection":[{"href":"https:\/\/blogs.hoy.es\/moterosdehoy\/wp-json\/wp\/v2\/posts"}],"about":[{"href":"https:\/\/blogs.hoy.es\/moterosdehoy\/wp-json\/wp\/v2\/types\/post"}],"author":[{"embeddable":true,"href":"https:\/\/blogs.hoy.es\/moterosdehoy\/wp-json\/wp\/v2\/users\/49"}],"replies":[{"embeddable":true,"href":"https:\/\/blogs.hoy.es\/moterosdehoy\/wp-json\/wp\/v2\/comments?post=3529"}],"version-history":[{"count":4,"href":"https:\/\/blogs.hoy.es\/moterosdehoy\/wp-json\/wp\/v2\/posts\/3529\/revisions"}],"predecessor-version":[{"id":3534,"href":"https:\/\/blogs.hoy.es\/moterosdehoy\/wp-json\/wp\/v2\/posts\/3529\/revisions\/3534"}],"wp:attachment":[{"href":"https:\/\/blogs.hoy.es\/moterosdehoy\/wp-json\/wp\/v2\/media?parent=3529"}],"wp:term":[{"taxonomy":"category","embeddable":true,"href":"https:\/\/blogs.hoy.es\/moterosdehoy\/wp-json\/wp\/v2\/categories?post=3529"},{"taxonomy":"post_tag","embeddable":true,"href":"https:\/\/blogs.hoy.es\/moterosdehoy\/wp-json\/wp\/v2\/tags?post=3529"}],"curies":[{"name":"wp","href":"https:\/\/api.w.org\/{rel}","templated":true}]}}