{"id":3535,"date":"2024-09-11T15:13:17","date_gmt":"2024-09-11T15:13:17","guid":{"rendered":"https:\/\/blogs.hoy.es\/moterosdehoy\/?p=3535"},"modified":"2024-09-11T15:13:17","modified_gmt":"2024-09-11T15:13:17","slug":"la-bandera-de-ucrania-de-ruta-motera-entre-badajoz-y-caceres","status":"publish","type":"post","link":"https:\/\/blogs.hoy.es\/moterosdehoy\/2024\/09\/11\/la-bandera-de-ucrania-de-ruta-motera-entre-badajoz-y-caceres\/","title":{"rendered":"La bandera de Ucrania de ruta motera entre Badajoz y C\u00e1ceres"},"content":{"rendered":"<h3>Dos provincias, una intenci\u00f3n, un proyecto, muchos corazones, de ah\u00ed podemos sacar un buen lema, o quiz\u00e1s ya exista.<\/h3>\n<p>En Espa\u00f1a tenemos el proyecto \u201cMuchos corazones \u2013 Una sola intenci\u00f3n\u201d basado en dar visibilidad a los ni\u00f1os afectados por la invasi\u00f3n rusa a Ucrania. Esa bandera recorre Espa\u00f1a de provincia en provincia, de manos de clubes moteros.<\/p>\n<p><a href=\"https:\/\/static-blogs.hoy.es\/wp-content\/uploads\/sites\/45\/2024\/09\/Muchos-corazones-Una-intenci\u00f3n.png\"><img loading=\"lazy\" class=\"alignleft size-medium wp-image-3536\" src=\"https:\/\/static-blogs.hoy.es\/wp-content\/uploads\/sites\/45\/2024\/09\/Muchos-corazones-Una-intenci\u00f3n-300x176.png\" alt=\"\" width=\"300\" height=\"176\" srcset=\"https:\/\/static-blogs.hoy.es\/wp-content\/uploads\/sites\/45\/2024\/09\/Muchos-corazones-Una-intenci\u00f3n-300x176.png 300w, https:\/\/static-blogs.hoy.es\/wp-content\/uploads\/sites\/45\/2024\/09\/Muchos-corazones-Una-intenci\u00f3n-768x450.png 768w, https:\/\/static-blogs.hoy.es\/wp-content\/uploads\/sites\/45\/2024\/09\/Muchos-corazones-Una-intenci\u00f3n.png 1024w\" sizes=\"(max-width: 300px) 100vw, 300px\" \/><\/a>El pasado 1 de septiembre, miembros de \u201c<a href=\"https:\/\/www.facebook.com\/moterosdehoymc\" rel=\"external nofollow\">Moteros de Hoy<\/a>\u201d se desplazaron a Huelva para recoger una bandera de Ucrania de manos del \u201cGrupo Motero Descubridores Huelva\u201d. Ellos se encontraban en su d\u00e9cimo aniversario y tercera concentraci\u00f3n motera, que mejor momento para realizarles una visita.<\/p>\n<p>Desde ese d\u00eda la bandera de Ucrania se encuentra en la Sede de Moteros de Hoy.<\/p>\n<p>El pr\u00f3ximo s\u00e1bado, d\u00eda 14 de septiembre a las 10h ser\u00e1 recibida en el <a href=\"https:\/\/www.aytobadajoz.es\/es\/ayto\/portada\" rel=\"external nofollow\">Ayuntamiento de Badajoz<\/a>, estando invitado todo el que desee asistir. Se explicar\u00e1 el proyecto al personal de la corporaci\u00f3n municipal y se realizar\u00e1 alguna fotograf\u00eda de grupo. Tras ello y con todos los asistentes, la fotograf\u00eda de grupo se repetir\u00e1 en la escalinata de acceso al Ayuntamiento, lugar donde todos los clubes participantes ser\u00e1n part\u00edcipes y podr\u00e1n ostentar las banderas de sus clubes.<\/p>\n<p>PROGRAMA:<\/p>\n<p>9:45h, comenzar\u00e1n a llegar los interesados en asistir a la Plaza de Espa\u00f1a. Las motocicletas se estacionar\u00e1n donde no molesten y puedan estar presentes en la fotograf\u00eda de grupo (habr\u00e1 personal de Moteros de Hoy para indicar).<\/p>\n<p>10h, presentaci\u00f3n en el Ayuntamiento de Badajoz de la bandera de Ucrania, siendo recibida por personal de la corporaci\u00f3n municipal, con breves palabras de explicaci\u00f3n del proyecto por parte del Presidente de Moteros de Hoy a los presentes.<\/p>\n<p>10:15h, fotograf\u00eda de grupo dentro del Ayuntamiento.<\/p>\n<p>10:20h, fotograf\u00eda de grupo en la escalinata de la puerta del Ayuntamiento, con anexi\u00f3n de las banderas de todos los clubes participantes.<\/p>\n<p>10:30h, iniciar\u00e1 un <strong>DESAYUNO SOLIDARIO<\/strong>, a tales efectos, se har\u00e1 una <strong>inscripci\u00f3n de car\u00e1cter voluntario<\/strong>, con un <strong>precio de 3 euros<\/strong>, que ir\u00e1n \u00edntegramente <strong>a la cuenta de ayuda a Ucrania:<\/strong><\/p>\n<p><a href=\"https:\/\/www2.caixabank.es\/apl\/donativos\/detalle_es.html?DON_codigoCausa=579\" rel=\"external nofollow\">https:\/\/www2.caixabank.es\/apl\/donativos\/detalle_es.html?DON_codigoCausa=579<\/a><\/p>\n<p>Tras realizar las fotograf\u00edas de grupo se acceder\u00e1 a las cafeter\u00edas de la zona, para poder tomar un caf\u00e9 o desayuno, y donde cada cual pagar\u00e1 lo que consuma.<\/p>\n<p>En la zona de la Plaza de Espa\u00f1a se permanecer\u00e1 hasta las 11:25h, para salir a las 11:30h direcci\u00f3n C\u00e1ceres, donde se har\u00e1 entrega de la bandera al Moto Club Buitres Leonaos, a\u00fan por confirmar la hora, dado que se encontrar\u00e1 en su \u201cXVIII Concentraci\u00f3n Internacional de Motos\u201d<\/p>\n<p>C\u00f3mo y de donde surgi\u00f3 el proyecto:<\/p>\n<p>El 24 de febrero de 2022, inici\u00f3 la invasi\u00f3n rusa de Ucrania, son muchos los afectados y nadie quiere una guerra, pero \u00bfQu\u00e9 culpa tienen ni\u00f1os que hayan nacido en Ucrania?, \u00bfQu\u00e9 han podido hacer ellos en contra de otro pa\u00eds cuando se limitan a iniciar sus vidas?<\/p>\n<p>No hay ning\u00fan lugar seguro en Ucrania. 7,5 millones de ni\u00f1os y ni\u00f1as de Ucrania est\u00e1n en grave peligro de sufrir da\u00f1os f\u00edsicos, graves trastornos emocionales y desplazamientos tras la escalada del conflicto.<\/p>\n<p>Para darle apoyo a los ni\u00f1os afectados por la guerra de Ucrania, y de la mano de \u201cEl Escoc\u00e9s de Gredos\u201d, buen motero empedernido y regidor del Camping con su nombre, cre\u00f3 una plataforma con el nombre \u201cMUCHOS CORAZONES &#8211; UNA SOLA INTENCI\u00d3N\u201d, y el 15 de marzo de 2022, una bandera de Ucrania inici\u00f3 su recorrido en Gredos, concretamente en Cuevas del Valle con destino \u00c1vila, con la intenci\u00f3n de dar la vuelta a Espa\u00f1a.<\/p>\n<p>La idea es intentar tener un participante por provincia como m\u00ednimo, que ser\u00e1 el responsable de hacer una ruta que conecte con el siguiente participante, esa ruta l\u00f3gicamente ser\u00e1 la que m\u00e1s le guste o le interese al portador de la bandera. La ruta y el tiempo es libre del que cada uno disponga.<\/p>\n<p>Aqu\u00ed pueden ver <a href=\"https:\/\/www.gredosenmoto.com\/2022\/muchos_corazones\/index.htm\" rel=\"external nofollow\">informaci\u00f3n de la ruta por Espa\u00f1a<\/a>.<\/p>\n<p>No lo dudes y tengas o no motocicleta, te esperamos el s\u00e1bado a las diez horas en la Plaza de Espa\u00f1a, y en el caso de tener moto, te invitamos a acompa\u00f1arnos para entregarla al medio d\u00eda en C\u00e1ceres.<\/p>\n<p>Saludos y r\u00e1fagas.<\/p>\n<!-- AddThis Advanced Settings generic via filter on the_content --><!-- AddThis Share Buttons generic via filter on the_content -->","protected":false},"excerpt":{"rendered":"<p>Dos provincias, una intenci\u00f3n, un proyecto, muchos corazones, de ah\u00ed podemos sacar un buen lema, o quiz\u00e1s ya exista. En Espa\u00f1a tenemos el proyecto \u201cMuchos corazones \u2013 Una sola intenci\u00f3n\u201d basado en dar visibilidad a los ni\u00f1os afectados por la invasi\u00f3n rusa a Ucrania. Esa bandera recorre Espa\u00f1a de provincia en provincia, de manos de [&hellip;]<!-- AddThis Advanced Settings generic via filter on get_the_excerpt --><!-- AddThis Share Buttons generic via filter on get_the_excerpt --><\/p>\n","protected":false},"author":49,"featured_media":0,"comment_status":"open","ping_status":"closed","sticky":false,"template":"","format":"standard","meta":[],"categories":[9,13,1],"tags":[1534,87,126,1580,1582,622,1575,1241,1577,1576],"_links":{"self":[{"href":"https:\/\/blogs.hoy.es\/moterosdehoy\/wp-json\/wp\/v2\/posts\/3535"}],"collection":[{"href":"https:\/\/blogs.hoy.es\/moterosdehoy\/wp-json\/wp\/v2\/posts"}],"about":[{"href":"https:\/\/blogs.hoy.es\/moterosdehoy\/wp-json\/wp\/v2\/types\/post"}],"author":[{"embeddable":true,"href":"https:\/\/blogs.hoy.es\/moterosdehoy\/wp-json\/wp\/v2\/users\/49"}],"replies":[{"embeddable":true,"href":"https:\/\/blogs.hoy.es\/moterosdehoy\/wp-json\/wp\/v2\/comments?post=3535"}],"version-history":[{"count":2,"href":"https:\/\/blogs.hoy.es\/moterosdehoy\/wp-json\/wp\/v2\/posts\/3535\/revisions"}],"predecessor-version":[{"id":3538,"href":"https:\/\/blogs.hoy.es\/moterosdehoy\/wp-json\/wp\/v2\/posts\/3535\/revisions\/3538"}],"wp:attachment":[{"href":"https:\/\/blogs.hoy.es\/moterosdehoy\/wp-json\/wp\/v2\/media?parent=3535"}],"wp:term":[{"taxonomy":"category","embeddable":true,"href":"https:\/\/blogs.hoy.es\/moterosdehoy\/wp-json\/wp\/v2\/categories?post=3535"},{"taxonomy":"post_tag","embeddable":true,"href":"https:\/\/blogs.hoy.es\/moterosdehoy\/wp-json\/wp\/v2\/tags?post=3535"}],"curies":[{"name":"wp","href":"https:\/\/api.w.org\/{rel}","templated":true}]}}