{"id":3539,"date":"2024-09-12T09:49:10","date_gmt":"2024-09-12T09:49:10","guid":{"rendered":"https:\/\/blogs.hoy.es\/moterosdehoy\/?p=3539"},"modified":"2024-09-12T09:51:17","modified_gmt":"2024-09-12T09:51:17","slug":"xviii-concentracion-de-motos-buitres-leonaos-caceres","status":"publish","type":"post","link":"https:\/\/blogs.hoy.es\/moterosdehoy\/2024\/09\/12\/xviii-concentracion-de-motos-buitres-leonaos-caceres\/","title":{"rendered":"XVIII Concentraci\u00f3n de motos Buitres Leonaos &#8211; C\u00e1ceres"},"content":{"rendered":"<h3><strong>Bajo el nombre de \u201cXVIII Concentraci\u00f3n de Motos\u201d en su cartel, el moto club \u201cBuitres Leonaos\u201d realizar\u00e1 su tradicional concentraci\u00f3n motera, la XVIII Concentraci\u00f3n Internacional Motera Buitres Leonaos, esta edici\u00f3n vuelven a la h\u00edpica.<\/strong><\/h3>\n<p>Esta tarde a las 18h dar\u00e1 el pistoletazo de salida, con apertura de inscripciones. Y desde las 20h conciertos de la mano de \u201cDesertores\u201d y \u201cBlack Lions\u201d, adem\u00e1s de m\u00fasica enlatada. As\u00ed abre el cartel, para un fin de semana cargado de rutas, conciertos, ambiente motero, amigos, regalos, stands moteros\u2026<\/p>\n<p><a href=\"https:\/\/static-blogs.hoy.es\/wp-content\/uploads\/sites\/45\/2024\/09\/Buitres-Leonaos-2024.jpg\"><img loading=\"lazy\" class=\"alignleft size-medium wp-image-3541\" src=\"https:\/\/static-blogs.hoy.es\/wp-content\/uploads\/sites\/45\/2024\/09\/Buitres-Leonaos-2024-213x300.jpg\" alt=\"\" width=\"213\" height=\"300\" srcset=\"https:\/\/static-blogs.hoy.es\/wp-content\/uploads\/sites\/45\/2024\/09\/Buitres-Leonaos-2024-213x300.jpg 213w, https:\/\/static-blogs.hoy.es\/wp-content\/uploads\/sites\/45\/2024\/09\/Buitres-Leonaos-2024.jpg 454w\" sizes=\"(max-width: 213px) 100vw, 213px\" \/><\/a>Vuelven al escenario de la h\u00edpica, junto al recinto ferial de <a href=\"https:\/\/es.wikipedia.org\/wiki\/C%C3%A1ceres\" rel=\"external nofollow\">C\u00e1ceres<\/a>, por lo que el espacio est\u00e1 asegurado. Tendr\u00e1 lugar <strong>desde hoy jueves 12 al domingo 15 de septiembre<\/strong>, con zona de acampada disponible para los inscritos.<\/p>\n<p>Para esta edici\u00f3n la <strong>inscripci\u00f3n 35 euros<\/strong>, no ha variado con respecto a a\u00f1os anteriores y la bolsa de inscripci\u00f3n siempre est\u00e1 cargada de cosas.<\/p>\n<p>Tienes toda la programaci\u00f3n en la <a href=\"https:\/\/buitresleonaos.com\/\" rel=\"external nofollow\">p\u00e1gina de Buitres Leonaos<\/a>, y cabe destacar:<\/p>\n<p><strong>Viernes<\/strong> \u2013 ruta al <a href=\"https:\/\/www.parquenacionaldemonfrague.com\/\" rel=\"external nofollow\">parque natural de Monfrag\u00fce<\/a>, con visita al centro de interpretaci\u00f3n. Y como no los conciertos desde las 18h de la mano de \u201cThe Ruffos\u201d, \u201cConjunto San Antonio\u201d, \u201cSoversion\u201d y \u201cVerea\u201d.<\/p>\n<p><strong>S\u00e1bado<\/strong> \u2013 11:30h pasacalles por <a href=\"https:\/\/turismo.caceres.es\/\" rel=\"external nofollow\">C\u00e1ceres<\/a> hasta la Plaza Mayor, visita a la ciudad monumental, museos\u2026 Al medio d\u00eda, recibir\u00e1n la bandera de Ucrania que se encuentra de ruta por Espa\u00f1a pidiendo ayuda a los ni\u00f1os afectados por la guerra de Ucrania, realizar\u00e1n entrega el moto club \u201cMoteros de Hoy\u201d de Badajoz, si quieres <a href=\"https:\/\/blogs.hoy.es\/moterosdehoy\/2024\/09\/11\/la-bandera-de-ucrania-de-ruta-motera-entre-badajoz-y-caceres\/\">saber m\u00e1s clic aqu\u00ed<\/a>. Para seguir de nuevo desde las 18h conciertos \u201cAlan Nepa\u201d, \u201cZas\u201d, \u201cRic Arlandi\u201d, \u201cActuaci\u00f3n circo de los horrores\u201d, \u201cMiguel Costas\u201d (ex Siniestro Total) y \u201cLa Elipa\u201d.<\/p>\n<p><strong>Domingo<\/strong> \u2013 11h ruta a la localidad de \u201c<a href=\"https:\/\/es.wikipedia.org\/wiki\/La_Cumbre_(C%C3%A1ceres)\" rel=\"external nofollow\">La Cumbre<\/a>\u201d y de regreso al recinto de la concentraci\u00f3n, comida, entrega de regalos y sorteos.<\/p>\n<p>Recuerda que un evento de motos siempre es un buen lugar para hacer amigos moteros, \u00bfy c\u00f3mo no? para volver a ver a los que ya tienes. \u00a1Nos vemos en Buitres!<\/p>\n<p>Saludos y r\u00e1fagas.<\/p>\n<!-- AddThis Advanced Settings generic via filter on the_content --><!-- AddThis Share Buttons generic via filter on the_content -->","protected":false},"excerpt":{"rendered":"<p>Bajo el nombre de \u201cXVIII Concentraci\u00f3n de Motos\u201d en su cartel, el moto club \u201cBuitres Leonaos\u201d realizar\u00e1 su tradicional concentraci\u00f3n motera, la XVIII Concentraci\u00f3n Internacional Motera Buitres Leonaos, esta edici\u00f3n vuelven a la h\u00edpica. Esta tarde a las 18h dar\u00e1 el pistoletazo de salida, con apertura de inscripciones. Y desde las 20h conciertos de la [&hellip;]<!-- AddThis Advanced Settings generic via filter on get_the_excerpt --><!-- AddThis Share Buttons generic via filter on get_the_excerpt --><\/p>\n","protected":false},"author":49,"featured_media":0,"comment_status":"open","ping_status":"closed","sticky":false,"template":"","format":"standard","meta":[],"categories":[5,9,13,1],"tags":[1565,120,126,227,622],"_links":{"self":[{"href":"https:\/\/blogs.hoy.es\/moterosdehoy\/wp-json\/wp\/v2\/posts\/3539"}],"collection":[{"href":"https:\/\/blogs.hoy.es\/moterosdehoy\/wp-json\/wp\/v2\/posts"}],"about":[{"href":"https:\/\/blogs.hoy.es\/moterosdehoy\/wp-json\/wp\/v2\/types\/post"}],"author":[{"embeddable":true,"href":"https:\/\/blogs.hoy.es\/moterosdehoy\/wp-json\/wp\/v2\/users\/49"}],"replies":[{"embeddable":true,"href":"https:\/\/blogs.hoy.es\/moterosdehoy\/wp-json\/wp\/v2\/comments?post=3539"}],"version-history":[{"count":3,"href":"https:\/\/blogs.hoy.es\/moterosdehoy\/wp-json\/wp\/v2\/posts\/3539\/revisions"}],"predecessor-version":[{"id":3543,"href":"https:\/\/blogs.hoy.es\/moterosdehoy\/wp-json\/wp\/v2\/posts\/3539\/revisions\/3543"}],"wp:attachment":[{"href":"https:\/\/blogs.hoy.es\/moterosdehoy\/wp-json\/wp\/v2\/media?parent=3539"}],"wp:term":[{"taxonomy":"category","embeddable":true,"href":"https:\/\/blogs.hoy.es\/moterosdehoy\/wp-json\/wp\/v2\/categories?post=3539"},{"taxonomy":"post_tag","embeddable":true,"href":"https:\/\/blogs.hoy.es\/moterosdehoy\/wp-json\/wp\/v2\/tags?post=3539"}],"curies":[{"name":"wp","href":"https:\/\/api.w.org\/{rel}","templated":true}]}}