{"id":3545,"date":"2024-09-20T07:38:10","date_gmt":"2024-09-20T07:38:10","guid":{"rendered":"https:\/\/blogs.hoy.es\/moterosdehoy\/?p=3545"},"modified":"2024-09-20T07:38:10","modified_gmt":"2024-09-20T07:38:10","slug":"bendicion-de-cascos-en-fatima-2024","status":"publish","type":"post","link":"https:\/\/blogs.hoy.es\/moterosdehoy\/2024\/09\/20\/bendicion-de-cascos-en-fatima-2024\/","title":{"rendered":"Bendici\u00f3n de cascos en F\u00e1tima 2024"},"content":{"rendered":"<h3>En \u00e9sta ocasi\u00f3n estamos ante la IX edici\u00f3n de la &#8220;Peregrina\u00e7\u00e3o da B\u00ean\u00e7\u00e3o dos Capacetes de F\u00e1tima&#8221; (peregrinaci\u00f3n de la bendici\u00f3n de cascos de F\u00e1tima), con una previsi\u00f3n de asistencia cercana a las 200.000 personas.<\/h3>\n<p>La asociaci\u00f3n de Portugal ABC (Associa\u00e7\u00e3o da B\u00ean\u00e7\u00e3o de Capacetes) un a\u00f1o m\u00e1s y por novena edici\u00f3n celebrar\u00e1 el pr\u00f3ximo 22 de septiembre su tradicional peregrinaci\u00f3n de motociclistas al <a href=\"https:\/\/www.viator.com\/es-ES\/Lisbon-attractions\/Fatima\/d538-a806?mcid=27910&amp;tsem=true&amp;supci=1116458830&amp;supag=2490904184&amp;supsc=kwd-19344489456&amp;supai=77103328543753&amp;supdv=c&amp;supnt=o&amp;supkw=santuario%20de%20fatima&amp;supti=kwd-19344489456&amp;suplp=164546&amp;supli=136809&amp;m=27910&amp;supag=2490904184&amp;supsc=kwd-19344489456&amp;supai=77103328543753&amp;supdv=c&amp;supnt=nt:o&amp;suplp=164546&amp;supli=136809&amp;supti=kwd-19344489456&amp;tsem=true&amp;supci=kwd-19344489456&amp;supkw=santuario%20de%20fatima&amp;msclkid=8a39cb03c0351f27371badeee3a34132\" rel=\"external nofollow\">Santuario de F\u00e1tima<\/a>. Ya se ha instaurado como el <strong>mayor evento motociclista de Europa<\/strong>, por la gran afluencia de personal.<\/p>\n<p><a href=\"https:\/\/static-blogs.hoy.es\/wp-content\/uploads\/sites\/45\/2024\/09\/B\u00ean\u00e7\u00e3o-dos-capacetes-de-F\u00e1tima.jpg\"><img loading=\"lazy\" class=\"alignleft size-medium wp-image-3546\" src=\"https:\/\/static-blogs.hoy.es\/wp-content\/uploads\/sites\/45\/2024\/09\/B\u00ean\u00e7\u00e3o-dos-capacetes-de-F\u00e1tima-300x169.jpg\" alt=\"\" width=\"300\" height=\"169\" srcset=\"https:\/\/static-blogs.hoy.es\/wp-content\/uploads\/sites\/45\/2024\/09\/B\u00ean\u00e7\u00e3o-dos-capacetes-de-F\u00e1tima-300x169.jpg 300w, https:\/\/static-blogs.hoy.es\/wp-content\/uploads\/sites\/45\/2024\/09\/B\u00ean\u00e7\u00e3o-dos-capacetes-de-F\u00e1tima-768x432.jpg 768w, https:\/\/static-blogs.hoy.es\/wp-content\/uploads\/sites\/45\/2024\/09\/B\u00ean\u00e7\u00e3o-dos-capacetes-de-F\u00e1tima-1024x576.jpg 1024w, https:\/\/static-blogs.hoy.es\/wp-content\/uploads\/sites\/45\/2024\/09\/B\u00ean\u00e7\u00e3o-dos-capacetes-de-F\u00e1tima.jpg 1280w\" sizes=\"(max-width: 300px) 100vw, 300px\" \/><\/a>En la edici\u00f3n del a\u00f1o anterior se congregaron m\u00e1s de 70.000 personas, el mal tiempo y la lluvia hizo que muchos motociclistas no se pudieran acercar, pero en la edici\u00f3n del a\u00f1o 2022 fueron 160.000 personas, y cada a\u00f1o va en aumento, por lo que para \u00e9sta edici\u00f3n hay de previsi\u00f3n rondar la cifra de las 200.000.<\/p>\n<p>Por supuesto acudir\u00e1n motociclistas de toda Portugal, y con toda clase de motos, pero no solo habr\u00e1 placas de matr\u00edcula portuguesas, tambi\u00e9n se dejar\u00e1n ver de otros muchos pa\u00edses europeos y como no Espa\u00f1a. Seremos miles los moteros que acudamos de Espa\u00f1a, digo seremos pues all\u00ed estar\u00e9. Aunque ya acud\u00ed en otras ediciones, \u00e9sta ser\u00e1 diferente para mi, estar\u00e9 dentro del recinto pues estoy en la organizaci\u00f3n.<\/p>\n<p>Lugar y hora de la cita: D\u00eda <strong>22 de septiembre<\/strong>, a las <strong>12:00h en el gran explanada de oraci\u00f3n del Santuario de F\u00e1tima<\/strong>. Tener en cuenta que en carteler\u00eda pone las 11 horas, pero es horario de Portugal (una hora menos).<\/p>\n<p>Cada a\u00f1o la &#8220;<a href=\"https:\/\/www.facebook.com\/groups\/1253499938074999\" rel=\"external nofollow\">asociaci\u00f3n ABC<\/a>&#8221; invita a diez clubes de motos. Hasta ahora, siempre hab\u00edan sido clubes de Portugal. Es la primera edici\u00f3n que figura en la organizaci\u00f3n un club extranjero a Portugal. El club en el que estoy implicado, del cual fui fundador en el 2012, y soy el Presidente desde su creaci\u00f3n, el que empez\u00f3 como asociaci\u00f3n motera (exigido por el Ayuntamiento de nuestra ciudad, Badajoz, para poder organizar alg\u00fan evento motero), tras varios a\u00f1os se cambi\u00f3 su configuraci\u00f3n a Custom Club, y tras ver que quer\u00edamos m\u00e1s, se dio el paso a GANG, y pr\u00f3ximamente vamos a celebrar nuestro primer aniversario como MC (Moto Club), nuestro club &#8220;<a href=\"https:\/\/www.facebook.com\/moteroshoy\/\" rel=\"external nofollow\">Moteros de Hoy<\/a>&#8220;. Y todo surgi\u00f3 de este querido blog, pero no me quiero desviar. &#8220;Moteros de Hoy&#8221; es el primer club internacional en participar en la &#8220;Peregrina\u00e7\u00e3o da B\u00ean\u00e7\u00e3o dos Capacetes de F\u00e1tima&#8221; y ser\u00e1 en su novena edici\u00f3n, eso es un gran orgullo tanto para mi, como para todos los que estamos dentro del Club MDH (Moteros de Hoy).<\/p>\n<p>Los diez club que estamos dentro de la organizaci\u00f3n en esta edici\u00f3n son:<\/p>\n<p>&#8211; Grupo de Motorizadas As Mal Estimadas<br class=\"html-br\" \/>&#8211; Associa\u00e7\u00e3o Motociclista Esquadra Ecl\u00e9tica das For\u00e7as Seguran\u00e7a<br class=\"html-br\" \/>&#8211; Clube Motard Os 300<br class=\"html-br\" \/>&#8211; Grupo Motard Moto Andan\u00e7as<br class=\"html-br\" \/>&#8211; Motoclube do Seixal<br class=\"html-br\" \/>&#8211; Moteros de Hoy<br class=\"html-br\" \/>&#8211; Grupo Motard Matuzas de Ponte S\u00f4r<br class=\"html-br\" \/>&#8211; Motoclube de Borba<br class=\"html-br\" \/>&#8211; Motoclube de M\u00e9rtola<br class=\"html-br\" \/>&#8211; Motoclube do Concelho de Portel<\/p>\n<p>Para llegar hasta este punto hemos pasado por cuatro reuniones de trabajo, cada una de ellas celebrada en la Sede de uno de los clubes participantes, la tercera fue en nuestra Sede, en la que nos sentimos muy agradecidos por la presencia de todos ellos. Sin haber llegado al fin y esperando el plato principal es un gran honor para nosotros. No puedo cerrar este posts sin dar la gracias a Carlos Pereira (Matul\u00e3o) por embarcarme en este gran proyecto.<\/p>\n<p>Pero todo no son alabanzas, desde estas letras pido cordura, sentido com\u00fan, respeto a las normas de circulaci\u00f3n, y realizar una conducci\u00f3n preventiva. Sin lugar a duda habr\u00e1 accidentes, ser\u00e1n miles los desplazamientos y solo utilizando la estad\u00edstica salen esos accidentes, vamos a poner todo lo que est\u00e9 en nuestra mano para que esas estad\u00edsticas fallen y consigui\u00e9ramos poder decir NO HUVO NING\u00daN SINIESTRO en el traslado a la peregrinaci\u00f3n de la bendici\u00f3n de cascos de F\u00e1tima, al menos vamos a intentar que no se produzcan siniestros con fallecidos. Utiliza casco y ropa con protecciones, adem\u00e1s de tener la moto a punto y en regla. <strong>Todos queremos volver a casa<\/strong>, haz todo lo que est\u00e9 en tu mano para que le puedas contar tu viaje a familiares y amigos. <strong>\u00a1Por favor, extrema la precauci\u00f3n!<\/strong><\/p>\n<p>\u00a1\u00a1Nos vemos en F\u00e1tima!!<\/p>\n<p>Saludos y r\u00e1fagas.<\/p>\n<!-- AddThis Advanced Settings generic via filter on the_content --><!-- AddThis Share Buttons generic via filter on the_content -->","protected":false},"excerpt":{"rendered":"<p>En \u00e9sta ocasi\u00f3n estamos ante la IX edici\u00f3n de la &#8220;Peregrina\u00e7\u00e3o da B\u00ean\u00e7\u00e3o dos Capacetes de F\u00e1tima&#8221; (peregrinaci\u00f3n de la bendici\u00f3n de cascos de F\u00e1tima), con una previsi\u00f3n de asistencia cercana a las 200.000 personas. La asociaci\u00f3n de Portugal ABC (Associa\u00e7\u00e3o da B\u00ean\u00e7\u00e3o de Capacetes) un a\u00f1o m\u00e1s y por novena edici\u00f3n celebrar\u00e1 el pr\u00f3ximo [&hellip;]<!-- AddThis Advanced Settings generic via filter on get_the_excerpt --><!-- AddThis Share Buttons generic via filter on get_the_excerpt --><\/p>\n","protected":false},"author":49,"featured_media":0,"comment_status":"open","ping_status":"closed","sticky":false,"template":"","format":"standard","meta":[],"categories":[9,13,1],"tags":[1565,1583,1584,1231,1586,622,1186,1585],"_links":{"self":[{"href":"https:\/\/blogs.hoy.es\/moterosdehoy\/wp-json\/wp\/v2\/posts\/3545"}],"collection":[{"href":"https:\/\/blogs.hoy.es\/moterosdehoy\/wp-json\/wp\/v2\/posts"}],"about":[{"href":"https:\/\/blogs.hoy.es\/moterosdehoy\/wp-json\/wp\/v2\/types\/post"}],"author":[{"embeddable":true,"href":"https:\/\/blogs.hoy.es\/moterosdehoy\/wp-json\/wp\/v2\/users\/49"}],"replies":[{"embeddable":true,"href":"https:\/\/blogs.hoy.es\/moterosdehoy\/wp-json\/wp\/v2\/comments?post=3545"}],"version-history":[{"count":1,"href":"https:\/\/blogs.hoy.es\/moterosdehoy\/wp-json\/wp\/v2\/posts\/3545\/revisions"}],"predecessor-version":[{"id":3547,"href":"https:\/\/blogs.hoy.es\/moterosdehoy\/wp-json\/wp\/v2\/posts\/3545\/revisions\/3547"}],"wp:attachment":[{"href":"https:\/\/blogs.hoy.es\/moterosdehoy\/wp-json\/wp\/v2\/media?parent=3545"}],"wp:term":[{"taxonomy":"category","embeddable":true,"href":"https:\/\/blogs.hoy.es\/moterosdehoy\/wp-json\/wp\/v2\/categories?post=3545"},{"taxonomy":"post_tag","embeddable":true,"href":"https:\/\/blogs.hoy.es\/moterosdehoy\/wp-json\/wp\/v2\/tags?post=3545"}],"curies":[{"name":"wp","href":"https:\/\/api.w.org\/{rel}","templated":true}]}}