{"id":3548,"date":"2024-09-25T10:00:39","date_gmt":"2024-09-25T10:00:39","guid":{"rendered":"https:\/\/blogs.hoy.es\/moterosdehoy\/?p=3548"},"modified":"2024-09-25T10:01:51","modified_gmt":"2024-09-25T10:01:51","slug":"viii-quedada-motera-en-villar-del-rey","status":"publish","type":"post","link":"https:\/\/blogs.hoy.es\/moterosdehoy\/2024\/09\/25\/viii-quedada-motera-en-villar-del-rey\/","title":{"rendered":"VIII Quedada motera en Villar del Rey"},"content":{"rendered":"<h3>Un a\u00f1o m\u00e1s nos llega la ya conocida concentraci\u00f3n de motos de Villar del Rey.<\/h3>\n<p>Bajo el nombre de <strong>VIII Quedada motera &#8220;Arturo Barroso Plata&#8221;<\/strong>, el pr\u00f3ximo s\u00e1bado, 28 de septiembre se realizar\u00e1 en <a href=\"https:\/\/villardelrey.es\/\" rel=\"external nofollow\">Villar del Rey<\/a> su tradicional concentraci\u00f3n motera, nuevamente ser\u00e1 en el pabell\u00f3n del recinto ferial, donde gracias a su gran explanada tendr\u00e1n cabida m\u00e1s de un centenar de motocicletas.<\/p>\n<p><a href=\"https:\/\/static-blogs.hoy.es\/wp-content\/uploads\/sites\/45\/2024\/09\/Villar-del-Rey-2024.jpg\"><img loading=\"lazy\" class=\"alignleft size-medium wp-image-3550\" src=\"https:\/\/static-blogs.hoy.es\/wp-content\/uploads\/sites\/45\/2024\/09\/Villar-del-Rey-2024-212x300.jpg\" alt=\"\" width=\"212\" height=\"300\" srcset=\"https:\/\/static-blogs.hoy.es\/wp-content\/uploads\/sites\/45\/2024\/09\/Villar-del-Rey-2024-212x300.jpg 212w, https:\/\/static-blogs.hoy.es\/wp-content\/uploads\/sites\/45\/2024\/09\/Villar-del-Rey-2024-768x1087.jpg 768w, https:\/\/static-blogs.hoy.es\/wp-content\/uploads\/sites\/45\/2024\/09\/Villar-del-Rey-2024-723x1024.jpg 723w, https:\/\/static-blogs.hoy.es\/wp-content\/uploads\/sites\/45\/2024\/09\/Villar-del-Rey-2024.jpg 1080w\" sizes=\"(max-width: 212px) 100vw, 212px\" \/><\/a>El punto de encuentro ser\u00e1 en el propio recinto ferial desde las 10 horas, para iniciar una ruta de 120 km a las 11:30h, y vuelta al recinto sobre las 13h, para realizar la comida, emotivos homenajes, sorteos&#8230;<\/p>\n<p>Por la tarde continuar\u00e1 la fiesta, a las 18h actuaci\u00f3n del grupo &#8220;Mirinda pop&#8221; y a las 20h Dj Newkuk.<\/p>\n<p>Tendr\u00e1n una <strong>inscripci\u00f3n de 15\u20ac<\/strong>, la cual incluye:<\/p>\n<ul>\n<li>Desayuno &#8211; Caf\u00e9 y migas.<\/li>\n<li>Comida &#8211; Caldereta y una consumici\u00f3n.<\/li>\n<li>Sorteos &#8211; 2 entradas GP Valencia 2024. Noche Suite con jacuzzi Hostels&amp;Suites M\u00e9rida. Y mucho m\u00e1s&#8230;<\/li>\n<\/ul>\n<p>\u00bfCual es la idea principal de la concentraci\u00f3n motera? Se puede ver desde dos puntos de vista. Para algunos es meramente una concentraci\u00f3n motera m\u00e1s, para la localidad de Villar del Rey, amigos y conocidos de Arturo, es hacer algo en su recuerdo, pedir cordura en la conducci\u00f3n de motocicletas y recordar que nos guia desde el cielo.<\/p>\n<p>Seguro que una vez m\u00e1s se unir\u00e1n muchos amigos para pasar un gran d\u00eda y un a\u00f1o m\u00e1s surgir\u00e1n nuevas amistades.<\/p>\n<p>Aprovecho para dar las gracias al Ayto. de Villar del Rey por su apoyo al evento y como no, a la organizaci\u00f3n para poder llevarlo a cabo.<\/p>\n<p>Saludos y r\u00e1fagas.<\/p>\n<!-- AddThis Advanced Settings generic via filter on the_content --><!-- AddThis Share Buttons generic via filter on the_content -->","protected":false},"excerpt":{"rendered":"<p>Un a\u00f1o m\u00e1s nos llega la ya conocida concentraci\u00f3n de motos de Villar del Rey. Bajo el nombre de VIII Quedada motera &#8220;Arturo Barroso Plata&#8221;, el pr\u00f3ximo s\u00e1bado, 28 de septiembre se realizar\u00e1 en Villar del Rey su tradicional concentraci\u00f3n motera, nuevamente ser\u00e1 en el pabell\u00f3n del recinto ferial, donde gracias a su gran explanada [&hellip;]<!-- AddThis Advanced Settings generic via filter on get_the_excerpt --><!-- AddThis Share Buttons generic via filter on get_the_excerpt --><\/p>\n","protected":false},"author":49,"featured_media":0,"comment_status":"open","ping_status":"closed","sticky":false,"template":"","format":"standard","meta":[],"categories":[9,13,1],"tags":[1565,1531,622,664,816,1532],"_links":{"self":[{"href":"https:\/\/blogs.hoy.es\/moterosdehoy\/wp-json\/wp\/v2\/posts\/3548"}],"collection":[{"href":"https:\/\/blogs.hoy.es\/moterosdehoy\/wp-json\/wp\/v2\/posts"}],"about":[{"href":"https:\/\/blogs.hoy.es\/moterosdehoy\/wp-json\/wp\/v2\/types\/post"}],"author":[{"embeddable":true,"href":"https:\/\/blogs.hoy.es\/moterosdehoy\/wp-json\/wp\/v2\/users\/49"}],"replies":[{"embeddable":true,"href":"https:\/\/blogs.hoy.es\/moterosdehoy\/wp-json\/wp\/v2\/comments?post=3548"}],"version-history":[{"count":2,"href":"https:\/\/blogs.hoy.es\/moterosdehoy\/wp-json\/wp\/v2\/posts\/3548\/revisions"}],"predecessor-version":[{"id":3551,"href":"https:\/\/blogs.hoy.es\/moterosdehoy\/wp-json\/wp\/v2\/posts\/3548\/revisions\/3551"}],"wp:attachment":[{"href":"https:\/\/blogs.hoy.es\/moterosdehoy\/wp-json\/wp\/v2\/media?parent=3548"}],"wp:term":[{"taxonomy":"category","embeddable":true,"href":"https:\/\/blogs.hoy.es\/moterosdehoy\/wp-json\/wp\/v2\/categories?post=3548"},{"taxonomy":"post_tag","embeddable":true,"href":"https:\/\/blogs.hoy.es\/moterosdehoy\/wp-json\/wp\/v2\/tags?post=3548"}],"curies":[{"name":"wp","href":"https:\/\/api.w.org\/{rel}","templated":true}]}}