{"id":3553,"date":"2024-10-03T12:30:30","date_gmt":"2024-10-03T12:30:30","guid":{"rendered":"https:\/\/blogs.hoy.es\/moterosdehoy\/?p=3553"},"modified":"2024-10-03T12:30:30","modified_gmt":"2024-10-03T12:30:30","slug":"6-de-octubre-dos-eventos-moteros-en-badajoz","status":"publish","type":"post","link":"https:\/\/blogs.hoy.es\/moterosdehoy\/2024\/10\/03\/6-de-octubre-dos-eventos-moteros-en-badajoz\/","title":{"rendered":"6 de octubre, dos eventos moteros en Badajoz"},"content":{"rendered":"<h3>Hay muchos fines de semana durante el a\u00f1o, pero que lo tengamos disponible para organizar algo se puede ver complicado por infinidad de motivos.<\/h3>\n<p>Es el caso del pr\u00f3ximo domingo en Badajoz. Tendremos dos eventos moteros. Por suerte no son directamente en Badajoz, pero estar\u00e1n distanciados por no mucho m\u00e1s de 30 kil\u00f3metros.<\/p>\n<p><a href=\"https:\/\/static-blogs.hoy.es\/wp-content\/uploads\/sites\/45\/2024\/10\/Ruta-Pub-El-Refugio-Badajoz-2024.jpg\"><img loading=\"lazy\" class=\"alignleft size-medium wp-image-3554\" src=\"https:\/\/static-blogs.hoy.es\/wp-content\/uploads\/sites\/45\/2024\/10\/Ruta-Pub-El-Refugio-Badajoz-2024-214x300.jpg\" alt=\"\" width=\"214\" height=\"300\" srcset=\"https:\/\/static-blogs.hoy.es\/wp-content\/uploads\/sites\/45\/2024\/10\/Ruta-Pub-El-Refugio-Badajoz-2024-214x300.jpg 214w, https:\/\/static-blogs.hoy.es\/wp-content\/uploads\/sites\/45\/2024\/10\/Ruta-Pub-El-Refugio-Badajoz-2024.jpg 456w\" sizes=\"(max-width: 214px) 100vw, 214px\" \/><\/a>Por un lado, est\u00e1 la <strong>cuarta ruta motera \u201cArrrancamos que nos vamos\u201d<\/strong>, de la mano del &#8220;Pub El Refugio&#8221;, Badajoz.<\/p>\n<p>El punto de encuentro ser\u00e1 desde las 10h, en el Mes\u00f3n \u201cEl Chozo Extreme\u00f1o\u201d, para salir sobre las 10:30h hacia Alburquerque, realizar\u00e1n una parada en el \u201cBar Blas\u201d de Villar del Rey, y tras pasar por la localidad de La Roca de la Sierra finalizar\u00e1 sobre las 14:00h en el Pub \u201cEl Refugio\u201d.<\/p>\n<p>Tendr\u00e1n una <strong>inscripci\u00f3n de 8 euros<\/strong>, con lo que se obtendr\u00e1 una chapa conmemorativa, ticket para sorteos y una consumici\u00f3n de las indicadas en su cartel, adem\u00e1s de comida y por supuesto buena m\u00fasica, que de la mano de &#8220;Estefi&#8221; estar\u00e1 garantizada.<\/p>\n<p>El &#8220;Pub El Refugio&#8221; es un conocido local de m\u00fasica heavy de Badajoz, y punto de encuentro de muchos moteros, dado que su gerente &#8220;Estefi&#8221; es la conductora y propietaria de una Suzuki 800cc.<\/p>\n<p><a href=\"https:\/\/static-blogs.hoy.es\/wp-content\/uploads\/sites\/45\/2024\/10\/Ruta-376-Badajoz-2024.jpg\"><img loading=\"lazy\" class=\"alignright size-medium wp-image-3555\" src=\"https:\/\/static-blogs.hoy.es\/wp-content\/uploads\/sites\/45\/2024\/10\/Ruta-376-Badajoz-2024-196x300.jpg\" alt=\"\" width=\"196\" height=\"300\" srcset=\"https:\/\/static-blogs.hoy.es\/wp-content\/uploads\/sites\/45\/2024\/10\/Ruta-376-Badajoz-2024-196x300.jpg 196w, https:\/\/static-blogs.hoy.es\/wp-content\/uploads\/sites\/45\/2024\/10\/Ruta-376-Badajoz-2024.jpg 418w\" sizes=\"(max-width: 196px) 100vw, 196px\" \/><\/a>Por otro lado, tenemos la <strong>cuarta quedada motera \u201cRuta 376\u201d<\/strong>, de la mano de la Pe\u00f1a Motera \u201cLos Flipaos\u201d, con punto de encuentro y apertura de inscripciones desde las 10h en el Restaurante 376, local ubicado en el \u00e1rea de servicio del km 376 de la Autov\u00eda A-5.<\/p>\n<p>La <strong>inscripci\u00f3n ser\u00e1 de 10 euros<\/strong>, con parte de lo recaudado a la \u201cOrganizaci\u00f3n RAM\u00d3N\u201d como dice su eslogan \u201csolidarios hasta la m\u00e9dula\u201d.<\/p>\n<p>A las 11:00h iniciar\u00e1n una ruta para finalizar en el punto de partida, donde tendr\u00e1n paella y caldereta extreme\u00f1a, adem\u00e1s de sorteos y varios juegos.<\/p>\n<p>Es una pena que coincidan ambos eventos, lo ideal ser\u00eda que aunque quieran compartir fin de semana pudiera ser uno el s\u00e1bado y otro el domingo, ojal\u00e1 para a\u00f1os sucesivos puedan gestionarlo. Aunque se haga como se haga siempre surgir\u00e1 alguna pega y tanto una como la otra atraer\u00e1 su p\u00fablico, por lo que hay que agradecer que empleen sus fuerzas y tiempo en organizar ambos eventos.<\/p>\n<p>\u00a1Nos vemos por alguna de ellas!<\/p>\n<p>Saludos y r\u00e1fagas.<\/p>\n<!-- AddThis Advanced Settings generic via filter on the_content --><!-- AddThis Share Buttons generic via filter on the_content -->","protected":false},"excerpt":{"rendered":"<p>Hay muchos fines de semana durante el a\u00f1o, pero que lo tengamos disponible para organizar algo se puede ver complicado por infinidad de motivos. Es el caso del pr\u00f3ximo domingo en Badajoz. Tendremos dos eventos moteros. Por suerte no son directamente en Badajoz, pero estar\u00e1n distanciados por no mucho m\u00e1s de 30 kil\u00f3metros. Por un [&hellip;]<!-- AddThis Advanced Settings generic via filter on get_the_excerpt --><!-- AddThis Share Buttons generic via filter on get_the_excerpt --><\/p>\n","protected":false},"author":49,"featured_media":0,"comment_status":"open","ping_status":"closed","sticky":false,"template":"","format":"standard","meta":[],"categories":[9,13,1],"tags":[87,1588,1587,1295,382,618,622,664,1589,805,1492],"_links":{"self":[{"href":"https:\/\/blogs.hoy.es\/moterosdehoy\/wp-json\/wp\/v2\/posts\/3553"}],"collection":[{"href":"https:\/\/blogs.hoy.es\/moterosdehoy\/wp-json\/wp\/v2\/posts"}],"about":[{"href":"https:\/\/blogs.hoy.es\/moterosdehoy\/wp-json\/wp\/v2\/types\/post"}],"author":[{"embeddable":true,"href":"https:\/\/blogs.hoy.es\/moterosdehoy\/wp-json\/wp\/v2\/users\/49"}],"replies":[{"embeddable":true,"href":"https:\/\/blogs.hoy.es\/moterosdehoy\/wp-json\/wp\/v2\/comments?post=3553"}],"version-history":[{"count":1,"href":"https:\/\/blogs.hoy.es\/moterosdehoy\/wp-json\/wp\/v2\/posts\/3553\/revisions"}],"predecessor-version":[{"id":3556,"href":"https:\/\/blogs.hoy.es\/moterosdehoy\/wp-json\/wp\/v2\/posts\/3553\/revisions\/3556"}],"wp:attachment":[{"href":"https:\/\/blogs.hoy.es\/moterosdehoy\/wp-json\/wp\/v2\/media?parent=3553"}],"wp:term":[{"taxonomy":"category","embeddable":true,"href":"https:\/\/blogs.hoy.es\/moterosdehoy\/wp-json\/wp\/v2\/categories?post=3553"},{"taxonomy":"post_tag","embeddable":true,"href":"https:\/\/blogs.hoy.es\/moterosdehoy\/wp-json\/wp\/v2\/tags?post=3553"}],"curies":[{"name":"wp","href":"https:\/\/api.w.org\/{rel}","templated":true}]}}