{"id":3558,"date":"2024-10-22T10:27:22","date_gmt":"2024-10-22T10:27:22","guid":{"rendered":"https:\/\/blogs.hoy.es\/moterosdehoy\/?p=3558"},"modified":"2024-10-22T10:27:22","modified_gmt":"2024-10-22T10:27:22","slug":"sexta-edicion-de-callejeando-food-fest-en-badajoz","status":"publish","type":"post","link":"https:\/\/blogs.hoy.es\/moterosdehoy\/2024\/10\/22\/sexta-edicion-de-callejeando-food-fest-en-badajoz\/","title":{"rendered":"Sexta edici\u00f3n de Callejeando Food Fest en Badajoz"},"content":{"rendered":"<h3>Del 25 al 27 de octubre tendremos en <a href=\"https:\/\/www.aytobadajoz.es\/es\/ayto\/portada\" rel=\"external nofollow\">Badajoz<\/a> nuevamente el Festival Callejeando Food Fest.<\/h3>\n<p>El evento estaba previsto el fin de semana de la festividad del Pilar, pero por consecuencia del mal tiempo se ha visto aplazado y todo apunta, a que el pr\u00f3ximo fin de semana podamos disfrutar de \u00e9l con buen tiempo.<\/p>\n<p><a href=\"https:\/\/static-blogs.hoy.es\/wp-content\/uploads\/sites\/45\/2024\/10\/Callejeando-Food-Fest-2024-Badajoz.jpg\"><img loading=\"lazy\" class=\"alignleft size-medium wp-image-3559\" src=\"https:\/\/static-blogs.hoy.es\/wp-content\/uploads\/sites\/45\/2024\/10\/Callejeando-Food-Fest-2024-Badajoz-300x300.jpg\" alt=\"\" width=\"300\" height=\"300\" srcset=\"https:\/\/static-blogs.hoy.es\/wp-content\/uploads\/sites\/45\/2024\/10\/Callejeando-Food-Fest-2024-Badajoz-300x300.jpg 300w, https:\/\/static-blogs.hoy.es\/wp-content\/uploads\/sites\/45\/2024\/10\/Callejeando-Food-Fest-2024-Badajoz-150x150.jpg 150w, https:\/\/static-blogs.hoy.es\/wp-content\/uploads\/sites\/45\/2024\/10\/Callejeando-Food-Fest-2024-Badajoz-768x768.jpg 768w, https:\/\/static-blogs.hoy.es\/wp-content\/uploads\/sites\/45\/2024\/10\/Callejeando-Food-Fest-2024-Badajoz-1024x1024.jpg 1024w, https:\/\/static-blogs.hoy.es\/wp-content\/uploads\/sites\/45\/2024\/10\/Callejeando-Food-Fest-2024-Badajoz.jpg 1239w\" sizes=\"(max-width: 300px) 100vw, 300px\" \/><\/a><a href=\"https:\/\/www.hoy.es\/badajoz\/callejeando-food-fest-regresa-fin-semana-badajoz-20241021145601-nt.html\" rel=\"external nofollow\">Callejeando Food Fest<\/a> celebrar\u00e1 el pr\u00f3ximo fin de semana en Badajoz su sexta edici\u00f3n, con varios d\u00edas de actuaciones musicales, danza, juegos, y diversas actividades en el Auditorio Municipal Ricardo Carapeto, como no, rodeado de veh\u00edculos\u00a0<a href=\"https:\/\/www.google.com\/search?q=food+truck&amp;rlz=1C1GCEA_enES994ES994&amp;sxsrf=ALiCzsZM7LUXAsGboif04OeUECKmvA3oug:1664828464173&amp;source=lnms&amp;tbm=isch&amp;sa=X&amp;ved=2ahUKEwjR39-p8cT6AhVb_rsIHVuHAPcQ_AUoAXoECAIQAw&amp;biw=1366&amp;bih=657&amp;dpr=1\">Food Truck<\/a>, cada uno de ellos especializado en un tipo de comida desde el panorama regional, hasta el internacional, por lo que tendr\u00e1 una gran oferta gastron\u00f3mica que adem\u00e1s tiene entrada libre.<\/p>\n<p>Para el \u00faltimo d\u00eda del evento, <strong>domingo 27 de octubre,<\/strong> y como en ediciones anteriores, habr\u00e1 ruta motera que finalizar\u00e1 en el Auditorio Municipal, y as\u00ed, poder disfrutar del Callejando Food Fest.<\/p>\n<p><strong>El evento motero comenzar\u00e1 el domingo a las 10:00h en el restaurante \u201cAsador Zafra\u201d, de Badajoz<\/strong>, pudiendo estacionar las motocicletas junto al mismo o en la Sede de Moteros de Hoy MC, que se encuentra en frente, dentro del Centro C\u00edvico de Pardaleras. All\u00ed estar\u00e1n disponibles unas inscripciones de un euro, con las que se acceder\u00e1 a descuentos y sorteos en el recinto del Auditorio Ricardo Carapeto.<\/p>\n<p>RUTA SALIDA DE BADAJOZ A <a href=\"https:\/\/villardelrey.es\/\" rel=\"external nofollow\">VILLAR DEL REY<\/a>:<\/p>\n<ul>\n<li>Hora de inicio de ruta 11:00h.<\/li>\n<li>Duraci\u00f3n unos 55 minutos, dependiendo del tr\u00e1fico.<\/li>\n<li>Trayecto de 60 kil\u00f3metros.<\/li>\n<\/ul>\n<p>RUTA REGRESO DE <a href=\"https:\/\/es.wikipedia.org\/wiki\/Villar_del_Rey\" rel=\"external nofollow\">VILLAR DEL REY<\/a> A BADAJOZ:<\/p>\n<ul>\n<li>Hora de inicio de ruta 13:10h.<\/li>\n<li>Duraci\u00f3n unos 30 minutos, dependiendo del tr\u00e1fico.<\/li>\n<li>Trayecto de 33 kil\u00f3metros.<\/li>\n<li>Llegada al Auditorio Ricardo Carapeto sobre sobre las 13:40h<\/li>\n<\/ul>\n<p>A las 14:00h, la \u201c<a href=\"https:\/\/www.facebook.com\/moteroshoy\" rel=\"external nofollow\">Asociaci\u00f3n Moteros de Hoy<\/a>\u201d dar\u00e1 agradecimientos y realizar\u00e1 un acto motero sobre el escenario, amenizado con m\u00fasica y sorteos, por supuesto rodeado de la comida de los Food Trucks.<\/p>\n<p>Frente a la entrada al Auditorio Ricardo Carapeto se instalar\u00e1 un peque\u00f1o stand, con venta de art\u00edculos de la Asociaci\u00f3n Moteros de Hoy, adem\u00e1s de parches y pegatinas para dar visibilidad a\u00a0<a href=\"https:\/\/elaextremadura.org\/\" rel=\"external nofollow\">ELA Extremadura<\/a>, pues varios grupos moteros se han unido para apoyarles y darles visibilidad.<\/p>\n<p>Saludos y r\u00e1fagas.<\/p>\n<!-- AddThis Advanced Settings generic via filter on the_content --><!-- AddThis Share Buttons generic via filter on the_content -->","protected":false},"excerpt":{"rendered":"<p>Del 25 al 27 de octubre tendremos en Badajoz nuevamente el Festival Callejeando Food Fest. El evento estaba previsto el fin de semana de la festividad del Pilar, pero por consecuencia del mal tiempo se ha visto aplazado y todo apunta, a que el pr\u00f3ximo fin de semana podamos disfrutar de \u00e9l con buen tiempo. [&hellip;]<!-- AddThis Advanced Settings generic via filter on get_the_excerpt --><!-- AddThis Share Buttons generic via filter on get_the_excerpt --><\/p>\n","protected":false},"author":49,"featured_media":0,"comment_status":"open","ping_status":"closed","sticky":false,"template":"","format":"standard","meta":[],"categories":[5,9,13,1],"tags":[82,1382,87,1447,1383,622,1532],"_links":{"self":[{"href":"https:\/\/blogs.hoy.es\/moterosdehoy\/wp-json\/wp\/v2\/posts\/3558"}],"collection":[{"href":"https:\/\/blogs.hoy.es\/moterosdehoy\/wp-json\/wp\/v2\/posts"}],"about":[{"href":"https:\/\/blogs.hoy.es\/moterosdehoy\/wp-json\/wp\/v2\/types\/post"}],"author":[{"embeddable":true,"href":"https:\/\/blogs.hoy.es\/moterosdehoy\/wp-json\/wp\/v2\/users\/49"}],"replies":[{"embeddable":true,"href":"https:\/\/blogs.hoy.es\/moterosdehoy\/wp-json\/wp\/v2\/comments?post=3558"}],"version-history":[{"count":1,"href":"https:\/\/blogs.hoy.es\/moterosdehoy\/wp-json\/wp\/v2\/posts\/3558\/revisions"}],"predecessor-version":[{"id":3560,"href":"https:\/\/blogs.hoy.es\/moterosdehoy\/wp-json\/wp\/v2\/posts\/3558\/revisions\/3560"}],"wp:attachment":[{"href":"https:\/\/blogs.hoy.es\/moterosdehoy\/wp-json\/wp\/v2\/media?parent=3558"}],"wp:term":[{"taxonomy":"category","embeddable":true,"href":"https:\/\/blogs.hoy.es\/moterosdehoy\/wp-json\/wp\/v2\/categories?post=3558"},{"taxonomy":"post_tag","embeddable":true,"href":"https:\/\/blogs.hoy.es\/moterosdehoy\/wp-json\/wp\/v2\/tags?post=3558"}],"curies":[{"name":"wp","href":"https:\/\/api.w.org\/{rel}","templated":true}]}}