{"id":3562,"date":"2024-11-12T12:01:28","date_gmt":"2024-11-12T12:01:28","guid":{"rendered":"https:\/\/blogs.hoy.es\/moterosdehoy\/?p=3562"},"modified":"2024-11-12T12:01:28","modified_gmt":"2024-11-12T12:01:28","slug":"moteros-extremenos-con-los-damnificados-por-la-dana","status":"publish","type":"post","link":"https:\/\/blogs.hoy.es\/moterosdehoy\/2024\/11\/12\/moteros-extremenos-con-los-damnificados-por-la-dana\/","title":{"rendered":"Moteros extreme\u00f1os con los damnificados por la DANA"},"content":{"rendered":"<h3>Es sabido que el colectivo motero es solidario y le gusta unirse para ayudar en causas diversas. Los afectados por la DANA no van a ser menos, y en Extremadura nos unimos para mostrar nuestro apoyo.<\/h3>\n<p><a href=\"https:\/\/static-blogs.hoy.es\/wp-content\/uploads\/sites\/45\/2024\/11\/Valdefuentes-2024.jpg\"><img loading=\"lazy\" class=\"alignleft size-medium wp-image-3563\" src=\"https:\/\/static-blogs.hoy.es\/wp-content\/uploads\/sites\/45\/2024\/11\/Valdefuentes-2024-212x300.jpg\" alt=\"\" width=\"212\" height=\"300\" srcset=\"https:\/\/static-blogs.hoy.es\/wp-content\/uploads\/sites\/45\/2024\/11\/Valdefuentes-2024-212x300.jpg 212w, https:\/\/static-blogs.hoy.es\/wp-content\/uploads\/sites\/45\/2024\/11\/Valdefuentes-2024-768x1086.jpg 768w, https:\/\/static-blogs.hoy.es\/wp-content\/uploads\/sites\/45\/2024\/11\/Valdefuentes-2024-724x1024.jpg 724w, https:\/\/static-blogs.hoy.es\/wp-content\/uploads\/sites\/45\/2024\/11\/Valdefuentes-2024.jpg 905w\" sizes=\"(max-width: 212px) 100vw, 212px\" \/><\/a>El domingo <strong>17 de noviembre<\/strong> nos reuniremos en la localidad cacere\u00f1a de <strong><a href=\"https:\/\/es.wikipedia.org\/wiki\/Valdefuentes_(C%C3%A1ceres)\" rel=\"external nofollow\">Valdefuentes<\/a><\/strong>. Lugar donde procuraremos estar todos para las 12:00h en la entrada, para continuar unidos hasta la Plaza. En la Plaza, el Ayuntamiento de la localidad ha organizado una paella solidaria, para lo que habr\u00e1 una inscripci\u00f3n de 10\u20ac que se destinar\u00e1n de modo \u00edntegro a los afectados por la DANA, ir\u00e1 de la mano del propio Ayuntamiento a <a href=\"https:\/\/www.caritas.es\/\" rel=\"external nofollow\">C\u00e1ritas<\/a>. Con la inscripci\u00f3n se entregar\u00e1n tres tikets, uno para comida y dos de consumiciones.<\/p>\n<p>Al margen de los que pod\u00e1is acudir y contribuir in-situ, se ha creado una fila cero para los que no puedan asistir y quieran colaborar, cuyo numero de cuenta es: ES 09 2103 7312 9300 1001 2370. Tambi\u00e9n hay un c\u00f3digo de ONG para enviar Bizum: 00734.<\/p>\n<p>Para llegar todos los moteros m\u00e1s o menos agrupados, se han creado unos puntos de partida de diferentes localidades de Extremadura, aqu\u00ed os dejo lugares y horarios.<\/p>\n<p><strong>PUNTOS Y HORARIOS DE LOS QUE PARTIRAN LAS DIFERENTES CARAVANAS:<\/strong><\/p>\n<ul>\n<li><strong>BADAJOZ<\/strong>: 9:45h, Mes\u00f3n El Chozo Extreme\u00f1o (barrio San Fernando)<\/li>\n<li><strong>M\u00c9RIDA<\/strong>: 11:00h, explanada LEROY MELIN<\/li>\n<li><strong>MONTIJO:<\/strong> 9.30h, Avda. de la estaci\u00f3n (Bar Stadium , frente al campo de f\u00fatbol)<\/li>\n<li><strong>VILLANUEVA DE LA SERENA<\/strong>: 11:00h, explanada Carrefour<\/li>\n<li><strong>CASTUERA<\/strong>: 9:30h, Gasolinera CEPSA<\/li>\n<li><strong>C\u00c1CERES<\/strong>: 11:00h, explanada CARREFOUR<\/li>\n<li><strong>TRUJILLO<\/strong>: 11:00h, explanada plaza de Toros<\/li>\n<li><strong>PLASENCIA<\/strong>: 9:30h, Gasolinera BP<\/li>\n<li><strong>MORALEJA<\/strong>: 10:00h, sede Moraleja Biker<\/li>\n<li><strong>ALMARAZ<\/strong>: 10:00h, Gasolinera Portugal II Pk200 A5<\/li>\n<li><strong>ALMOHARIN<\/strong>: 11:20H, bar la Parada.<\/li>\n<li>A66 \u2013 Km 495: 10:00h (Venta el Caldero)<\/li>\n<\/ul>\n<p>Recordad que es una buena causa y que toda la ayuda que se pueda dar es poca. Aprovecho para dar las gracias al Excmo. <a href=\"https:\/\/www.valdefuentes.es\/\" rel=\"external nofollow\">Ayto de Valdefuentes<\/a>, organizador del evento.<\/p>\n<p>Los horarios indicados son de salida, por lo que si alguien desea acudir para tomar caf\u00e9 o desayunar que vaya con tiempo, y para la hora de salida, por supuesto con el dep\u00f3sito de combustible repostado. Nos vemos en los puntos de salida, o \u00a1<strong>en Valdefuentes<\/strong>!<\/p>\n<p>Saludos y r\u00e1fagas.<\/p>\n<!-- AddThis Advanced Settings generic via filter on the_content --><!-- AddThis Share Buttons generic via filter on the_content -->","protected":false},"excerpt":{"rendered":"<p>Es sabido que el colectivo motero es solidario y le gusta unirse para ayudar en causas diversas. Los afectados por la DANA no van a ser menos, y en Extremadura nos unimos para mostrar nuestro apoyo. El domingo 17 de noviembre nos reuniremos en la localidad cacere\u00f1a de Valdefuentes. Lugar donde procuraremos estar todos para [&hellip;]<!-- AddThis Advanced Settings generic via filter on get_the_excerpt --><!-- AddThis Share Buttons generic via filter on get_the_excerpt --><\/p>\n","protected":false},"author":49,"featured_media":0,"comment_status":"open","ping_status":"closed","sticky":false,"template":"","format":"standard","meta":[],"categories":[9,13,1],"tags":[1565,1590,1338,622,636,1084],"_links":{"self":[{"href":"https:\/\/blogs.hoy.es\/moterosdehoy\/wp-json\/wp\/v2\/posts\/3562"}],"collection":[{"href":"https:\/\/blogs.hoy.es\/moterosdehoy\/wp-json\/wp\/v2\/posts"}],"about":[{"href":"https:\/\/blogs.hoy.es\/moterosdehoy\/wp-json\/wp\/v2\/types\/post"}],"author":[{"embeddable":true,"href":"https:\/\/blogs.hoy.es\/moterosdehoy\/wp-json\/wp\/v2\/users\/49"}],"replies":[{"embeddable":true,"href":"https:\/\/blogs.hoy.es\/moterosdehoy\/wp-json\/wp\/v2\/comments?post=3562"}],"version-history":[{"count":1,"href":"https:\/\/blogs.hoy.es\/moterosdehoy\/wp-json\/wp\/v2\/posts\/3562\/revisions"}],"predecessor-version":[{"id":3564,"href":"https:\/\/blogs.hoy.es\/moterosdehoy\/wp-json\/wp\/v2\/posts\/3562\/revisions\/3564"}],"wp:attachment":[{"href":"https:\/\/blogs.hoy.es\/moterosdehoy\/wp-json\/wp\/v2\/media?parent=3562"}],"wp:term":[{"taxonomy":"category","embeddable":true,"href":"https:\/\/blogs.hoy.es\/moterosdehoy\/wp-json\/wp\/v2\/categories?post=3562"},{"taxonomy":"post_tag","embeddable":true,"href":"https:\/\/blogs.hoy.es\/moterosdehoy\/wp-json\/wp\/v2\/tags?post=3562"}],"curies":[{"name":"wp","href":"https:\/\/api.w.org\/{rel}","templated":true}]}}