{"id":3566,"date":"2024-11-21T10:25:32","date_gmt":"2024-11-21T10:25:32","guid":{"rendered":"https:\/\/blogs.hoy.es\/moterosdehoy\/?p=3566"},"modified":"2024-11-21T10:30:18","modified_gmt":"2024-11-21T10:30:18","slug":"agenda-motera-23-y-24-noviembre-proximo-a-badajoz","status":"publish","type":"post","link":"https:\/\/blogs.hoy.es\/moterosdehoy\/2024\/11\/21\/agenda-motera-23-y-24-noviembre-proximo-a-badajoz\/","title":{"rendered":"Agenda motera 23 y 24 noviembre pr\u00f3ximo a Badajoz"},"content":{"rendered":"<h3>Se aproxima el fin de semana y ya estamos pensando en dar una vuelta con la moto. A\u00fan no hace mucho fr\u00edo y parece que el agua no ser\u00e1 compa\u00f1era de ruta, por lo que es un buen momento para quitarle el polvo.<\/h3>\n<p>Pr\u00f3ximos a Badajoz tenemos tres eventos, uno el s\u00e1bado en <a href=\"https:\/\/es.wikipedia.org\/wiki\/Higuera_la_Real\" rel=\"external nofollow\">Higuera la Real<\/a>, y dos el domingo, uno en <a href=\"https:\/\/es.wikipedia.org\/wiki\/M%C3%A9rida_(Espa%C3%B1a)\" rel=\"external nofollow\">M\u00e9rida<\/a>, y otro en nuestra vecina Elvas (Portugal).<\/p>\n<p><strong><a href=\"https:\/\/static-blogs.hoy.es\/wp-content\/uploads\/sites\/45\/2024\/11\/Higuera-la-Real-2024.jpg\"><img loading=\"lazy\" class=\"alignleft size-medium wp-image-3568\" src=\"https:\/\/static-blogs.hoy.es\/wp-content\/uploads\/sites\/45\/2024\/11\/Higuera-la-Real-2024-212x300.jpg\" alt=\"\" width=\"212\" height=\"300\" srcset=\"https:\/\/static-blogs.hoy.es\/wp-content\/uploads\/sites\/45\/2024\/11\/Higuera-la-Real-2024-212x300.jpg 212w, https:\/\/static-blogs.hoy.es\/wp-content\/uploads\/sites\/45\/2024\/11\/Higuera-la-Real-2024.jpg 472w\" sizes=\"(max-width: 212px) 100vw, 212px\" \/><\/a><span style=\"text-decoration: underline;\">S\u00e1bado, 23 de noviembre<\/span>.<\/strong><\/p>\n<p>Tenemos el conocido encuentro motero de Higuera la Real (Badajoz), de la mano del club motero &#8220;Curva Recta&#8221;, como el propio nombre del club indica all\u00ed se mueven muchas &#8220;erres&#8221; pero hay de todo y por supuesto todo motero ser\u00e1 bien recibido.<\/p>\n<p>El punto de encuentro ser\u00e1 en la explanada entre el <a href=\"https:\/\/www.google.es\/maps\/place\/Restaurante+LAS+C%C3%9APULAS\/@38.1353111,-6.696422,17z\/data=!3m1!4b1!4m6!3m5!1s0xd1141db1a6c8deb:0xe5796a3545ec1153!8m2!3d38.1353111!4d-6.6938471!16s%2Fg%2F11b7sx59f0?hl=es&amp;entry=ttu&amp;g_ep=EgoyMDI0MTExOC4wIKXMDSoASAFQAw%3D%3D\" rel=\"external nofollow\">Restaurante Las C\u00fapulas<\/a>, de Higuera la Real, y la Estaci\u00f3n de servicio Cepsa, as\u00ed pod\u00e9is hacer sobre la marcha un completo, repost\u00e1is la moto para la ruta y cog\u00e9is fuerza desayunando en el restaurante.<\/p>\n<p>A las 11:00 horas, salida de ruta.<\/p>\n<p>Una vez de regreso de la ruta habr\u00e1 variedad de montaditos y dulces, precios populares y m\u00fasica en directo todo el d\u00eda. Tened en cuenta que solo tienen 300 inscripciones disponibles a 15 euros la inscripci\u00f3n, por lo que no llegues muy tarde o te quedar\u00e1s sin ella.<\/p>\n<p>Adem\u00e1s en el evento colabora el Ayuntamiento de la localidad, lo que garantiza que no habr\u00e1 problemas.<\/p>\n<p><a href=\"https:\/\/static-blogs.hoy.es\/wp-content\/uploads\/sites\/45\/2024\/11\/ExtremaduraCustom-2024.jpg\"><img loading=\"lazy\" class=\"size-medium wp-image-3567 alignright\" src=\"https:\/\/static-blogs.hoy.es\/wp-content\/uploads\/sites\/45\/2024\/11\/ExtremaduraCustom-2024-212x300.jpg\" alt=\"\" width=\"212\" height=\"300\" srcset=\"https:\/\/static-blogs.hoy.es\/wp-content\/uploads\/sites\/45\/2024\/11\/ExtremaduraCustom-2024-212x300.jpg 212w, https:\/\/static-blogs.hoy.es\/wp-content\/uploads\/sites\/45\/2024\/11\/ExtremaduraCustom-2024-724x1024.jpg 724w, https:\/\/static-blogs.hoy.es\/wp-content\/uploads\/sites\/45\/2024\/11\/ExtremaduraCustom-2024-768x1086.jpg 768w, https:\/\/static-blogs.hoy.es\/wp-content\/uploads\/sites\/45\/2024\/11\/ExtremaduraCustom-2024-1086x1536.jpg 1086w, https:\/\/static-blogs.hoy.es\/wp-content\/uploads\/sites\/45\/2024\/11\/ExtremaduraCustom-2024.jpg 1131w\" sizes=\"(max-width: 212px) 100vw, 212px\" \/><\/a><strong><span style=\"text-decoration: underline;\">Domingo, 24 de noviembre<\/span>.<\/strong><\/p>\n<p>El club motero <strong>Extremadura&amp;Custom<\/strong>, ha organizado un d\u00eda de convivencia en su Sede, para el que a\u00fan no la conozca ser\u00e1 un buen momento para ello.<\/p>\n<p>El punto de encuentro ser\u00e1 desde las 10 horas, en su &#8220;<a href=\"https:\/\/www.google.es\/maps\/place\/Extremadura+Custom\/@38.9067966,-6.3367765,17.75z\/data=!4m6!3m5!1s0xd142783017fa3c5:0xd19094d84bf5c4c9!8m2!3d38.9061038!4d-6.3342707!16s%2Fg%2F11ss4l5_wh?hl=es&amp;entry=ttu&amp;g_ep=EgoyMDI0MTExOC4wIKXMDSoASAFQAw%3D%3D\" rel=\"external nofollow\">Sede Extrema<\/a>&#8220;, si haces clic en el enlace te llevar\u00e1 a ella con Google Maps. Se encuentra en Camino del Peral, 74, M\u00e9rida. Es la carretera a Don \u00c1lvaro, saliendo de M\u00e9rida justo sobre las v\u00edas del tren. All\u00ed se podr\u00e1 tomar caf\u00e9 o desayunar, para coger fuerzas y a continuaci\u00f3n salir de ruta motera, que finalizar\u00e1 de nuevo en su Sede.<\/p>\n<p>De vuelta a la Sede, se podr\u00e1 tomar algunos refrig\u00e9rios y habr\u00e1 algo de picoteo, para que nadie se desmaye. Donde no faltar\u00e1 la buena m\u00fasica y la amistad.<\/p>\n<p>Seguro que ser\u00e1 un gran d\u00eda de convivencia motera y tiene pinta de que se pueda alargar.<\/p>\n<p>El domingo tambi\u00e9n tendremos un evento motero cercano a la raya de la frontera hispano-lusa. Concretamente en Elvas (Portugal).<\/p>\n<p><a href=\"https:\/\/static-blogs.hoy.es\/wp-content\/uploads\/sites\/45\/2024\/11\/Elvas-cangro-2024.jpg\"><img loading=\"lazy\" class=\"alignleft size-medium wp-image-3569\" src=\"https:\/\/static-blogs.hoy.es\/wp-content\/uploads\/sites\/45\/2024\/11\/Elvas-cangro-2024-212x300.jpg\" alt=\"\" width=\"212\" height=\"300\" srcset=\"https:\/\/static-blogs.hoy.es\/wp-content\/uploads\/sites\/45\/2024\/11\/Elvas-cangro-2024-212x300.jpg 212w, https:\/\/static-blogs.hoy.es\/wp-content\/uploads\/sites\/45\/2024\/11\/Elvas-cangro-2024-724x1024.jpg 724w, https:\/\/static-blogs.hoy.es\/wp-content\/uploads\/sites\/45\/2024\/11\/Elvas-cangro-2024-768x1087.jpg 768w, https:\/\/static-blogs.hoy.es\/wp-content\/uploads\/sites\/45\/2024\/11\/Elvas-cangro-2024.jpg 1080w\" sizes=\"(max-width: 212px) 100vw, 212px\" \/><\/a>Con el nombre de &#8220;Novembro Azul&#8221; el Moto Club &#8220;<strong><a href=\"https:\/\/www.facebook.com\/punisherspt\/?locale=es_ES\" rel=\"external nofollow\">Punishers MC<\/a> Guardi\u00e3o 3<\/strong>&#8221; organiza un evento solidario por la prevenci\u00f3n y diagn\u00f3stico del cancer de pr\u00f3stata, para ello realizar\u00e1n dos eventos comunes. Por un lado una caminada, y por otro, un paseo de motos en el que tendr\u00e1 cabida cualquier cilindrada de motocicleta. En el cartel del evento ten\u00e9is horarios y m\u00e1s informaci\u00f3n.<\/p>\n<p>Para el paseo de motos el punto de encuentro ser\u00e1 desde las 9h00. Hora portuguesa, por lo que es a nuestras 10:00h, en la &#8220;Pra\u00e7a Dom Sancho II&#8221;, Elvas, frente al acueducto.<\/p>\n<p>Tendr\u00e1n dos tipos de inscripciones:<\/p>\n<p>Inscripci\u00f3n de 5\u20ac (Camiseta y picoteo)<\/p>\n<p>Inscripci\u00f3n de 15\u20ac (Camiseta, picoteo y comida)<\/p>\n<p>Disponen de un<strong> <a href=\"https:\/\/forms.gle\/XfUSLPnGBrdUU18MA\" rel=\"external nofollow\">enlace para registrarse<\/a> <\/strong>y tener previsi\u00f3n de asistentes, adem\u00e1s si te registras podr\u00e1s elegir talla de camiseta. Aprovecha el evento motero y disfruta de nuestra vecina Elvas, Patrimonio de la Humanidad por .<\/p>\n<p>No lo dudes y aprovecha el fin de semana para dar una vuelta con la moto, vayas donde vayas de seguro ser\u00e1s bien recibido.<\/p>\n<p>Saludos y r\u00e1fagas.<\/p>\n<p>&nbsp;<\/p>\n<!-- AddThis Advanced Settings generic via filter on the_content --><!-- AddThis Share Buttons generic via filter on the_content -->","protected":false},"excerpt":{"rendered":"<p>Se aproxima el fin de semana y ya estamos pensando en dar una vuelta con la moto. A\u00fan no hace mucho fr\u00edo y parece que el agua no ser\u00e1 compa\u00f1era de ruta, por lo que es un buen momento para quitarle el polvo. Pr\u00f3ximos a Badajoz tenemos tres eventos, uno el s\u00e1bado en Higuera la [&hellip;]<!-- AddThis Advanced Settings generic via filter on get_the_excerpt --><!-- AddThis Share Buttons generic via filter on get_the_excerpt --><\/p>\n","protected":false},"author":49,"featured_media":0,"comment_status":"open","ping_status":"closed","sticky":false,"template":"","format":"standard","meta":[],"categories":[9,13],"tags":[87,1540,382,1591,1592,1047,618,622,1541],"_links":{"self":[{"href":"https:\/\/blogs.hoy.es\/moterosdehoy\/wp-json\/wp\/v2\/posts\/3566"}],"collection":[{"href":"https:\/\/blogs.hoy.es\/moterosdehoy\/wp-json\/wp\/v2\/posts"}],"about":[{"href":"https:\/\/blogs.hoy.es\/moterosdehoy\/wp-json\/wp\/v2\/types\/post"}],"author":[{"embeddable":true,"href":"https:\/\/blogs.hoy.es\/moterosdehoy\/wp-json\/wp\/v2\/users\/49"}],"replies":[{"embeddable":true,"href":"https:\/\/blogs.hoy.es\/moterosdehoy\/wp-json\/wp\/v2\/comments?post=3566"}],"version-history":[{"count":3,"href":"https:\/\/blogs.hoy.es\/moterosdehoy\/wp-json\/wp\/v2\/posts\/3566\/revisions"}],"predecessor-version":[{"id":3572,"href":"https:\/\/blogs.hoy.es\/moterosdehoy\/wp-json\/wp\/v2\/posts\/3566\/revisions\/3572"}],"wp:attachment":[{"href":"https:\/\/blogs.hoy.es\/moterosdehoy\/wp-json\/wp\/v2\/media?parent=3566"}],"wp:term":[{"taxonomy":"category","embeddable":true,"href":"https:\/\/blogs.hoy.es\/moterosdehoy\/wp-json\/wp\/v2\/categories?post=3566"},{"taxonomy":"post_tag","embeddable":true,"href":"https:\/\/blogs.hoy.es\/moterosdehoy\/wp-json\/wp\/v2\/tags?post=3566"}],"curies":[{"name":"wp","href":"https:\/\/api.w.org\/{rel}","templated":true}]}}