{"id":3573,"date":"2024-11-27T11:59:59","date_gmt":"2024-11-27T11:59:59","guid":{"rendered":"https:\/\/blogs.hoy.es\/moterosdehoy\/?p=3573"},"modified":"2024-11-27T12:04:23","modified_gmt":"2024-11-27T12:04:23","slug":"ruta-por-badajoz-con-paella-solidaria","status":"publish","type":"post","link":"https:\/\/blogs.hoy.es\/moterosdehoy\/2024\/11\/27\/ruta-por-badajoz-con-paella-solidaria\/","title":{"rendered":"Ruta por Badajoz con paella solidaria"},"content":{"rendered":"<h3>El domingo, 1 de diciembre, se realizar\u00e1 una ruta con fin solidario en Badajoz. En esta ocasi\u00f3n a favor de la Asociaci\u00f3n Grupo Joven.<\/h3>\n<p>La <a href=\"https:\/\/www.asociaciongrupojoven.es\/\" rel=\"external nofollow\">Asociaci\u00f3n sociocultural Grupo Joven<\/a> permanece desde 1997 apoyando a los ni\u00f1os y j\u00f3venes de la Barriada Suerte de Saavedra, con multitud de actividades, entre ellas: refuerzo educativo, actividades de ocio y tiempo libre, formaciones, salidas y campamentos, sin olvidar el impulso de esos ni\u00f1os que tras entrar en la adolescencia entran a formar parte de su apoyo, como monitores. Monitores que son el alma de la asociaci\u00f3n, pues ellos mejor que nadie saben el apoyo que pueden recibir. En algunos casos rozando el riesgo de exclusi\u00f3n social.<\/p>\n<p>Para poder llevar esa gran labor necesitan de todo apoyo posible, en el caso de la Asociaci\u00f3n Moteros de Hoy se les apoy\u00f3 por primera vez en el 2013, organizando un evento solidario a su favor, que tras a\u00f1os de colaboraci\u00f3n vamos a retomar.<\/p>\n<p><a href=\"https:\/\/static-blogs.hoy.es\/wp-content\/uploads\/sites\/45\/2024\/11\/II-Paella-Solidaria-AGJ.jpg\"><img loading=\"lazy\" class=\"alignleft size-medium wp-image-3574\" src=\"https:\/\/static-blogs.hoy.es\/wp-content\/uploads\/sites\/45\/2024\/11\/II-Paella-Solidaria-AGJ-212x300.jpg\" alt=\"\" width=\"212\" height=\"300\" srcset=\"https:\/\/static-blogs.hoy.es\/wp-content\/uploads\/sites\/45\/2024\/11\/II-Paella-Solidaria-AGJ-212x300.jpg 212w, https:\/\/static-blogs.hoy.es\/wp-content\/uploads\/sites\/45\/2024\/11\/II-Paella-Solidaria-AGJ-724x1024.jpg 724w, https:\/\/static-blogs.hoy.es\/wp-content\/uploads\/sites\/45\/2024\/11\/II-Paella-Solidaria-AGJ-768x1086.jpg 768w, https:\/\/static-blogs.hoy.es\/wp-content\/uploads\/sites\/45\/2024\/11\/II-Paella-Solidaria-AGJ-1086x1536.jpg 1086w, https:\/\/static-blogs.hoy.es\/wp-content\/uploads\/sites\/45\/2024\/11\/II-Paella-Solidaria-AGJ.jpg 1131w\" sizes=\"(max-width: 212px) 100vw, 212px\" \/><\/a>Aprovechando que el pr\u00f3ximo uno de diciembre tienen su &#8220;II Paella Solidaria&#8221; con la finalidad de conseguir fondos para cubrir sus actividades vamos a realizar una quedada motera, con la idea de finalizar en su evento. Para ello hemos previsto:<\/p>\n<p>Desde las 09:45h, quedada en &#8220;<a href=\"https:\/\/www.facebook.com\/mesonelchozo\/\" rel=\"external nofollow\">Mes\u00f3n El Chozo Extreme\u00f1o<\/a>&#8220;, como punto de encuentro para salir de ruta.<\/p>\n<p>10:30h, salida de ruta a T\u00e1liga por Olivenza. Recorreremos Olivenza y realizaremos una parada en &#8220;<a href=\"https:\/\/es.restaurantguru.com\/Calaco-Lima-Damian-Taliga\" rel=\"external nofollow\">Restaurante Cafeter\u00eda Calaco<\/a>&#8221; de T\u00e1liga. Son unos 50 kil\u00f3metros que nos llevar\u00e1 casi una hora.<\/p>\n<p>11:30 hora estimada de llegada a &#8220;Restaurante Cafeter\u00eda Calaco&#8221; de T\u00e1liga.<\/p>\n<p>12:30h, contin\u00faa la ruta por Valverde de Legan\u00e9s a Badajoz.<\/p>\n<p>13:15 hora estimada de llegada al lugar de celebraci\u00f3n de la &#8220;II Paella Solidaria&#8221;. El punto del evento es junto a la Av. Manuel Rojas Torres de Badajoz, en la p\u00e1gina web de la AGJ tienes detallada la <a href=\"https:\/\/www.asociaciongrupojoven.es\/ubicacionpaellasolidaria\/\" rel=\"external nofollow\"><strong>ubicaci\u00f3n<\/strong><\/a>.<\/p>\n<p>Por su parte, la AGJ tienen previstas las siguientes actividades en el propio lugar del evento:<\/p>\n<p>12:00 H. Inauguraci\u00f3n del evento y pistoletazo de salida.<br \/>\n12:15 H. Comienzo de la barbacoa para comer panceta, chorizos, perritos,&#8230;<br \/>\n13:00 H. Llegada de Micky y Mini para hacerse foto con los m\u00e1s peque\u00f1os y no tan peque\u00f1os.<\/p>\n<p><strong>13:15 H. Llegada del Club <a href=\"https:\/\/www.facebook.com\/moteroshoy\/\" rel=\"external nofollow\">Moteros de Hoy<\/a><\/strong>, junto a todos los moteros que lo deseen, tras realizar una ruta.<br \/>\n13:30 H. Actuaci\u00f3n de Paula Yunis y sus ni\u00f1as.<br \/>\n14:00 H. Degustaci\u00f3n de la rica paella que da nombre al evento.<br \/>\n14:30 H. A mover el esqueleto con Abel, que la m\u00fasica no falte.<br \/>\n16:00 H. Bingo musical, para todos los p\u00fablicos.<br \/>\n17:00 H. Caf\u00e9 y dulces.<br \/>\n18:00 H. Despedida.<\/p>\n<p>Tal y como ellos dicen en su p\u00e1gina web:<em> Ven y disfruta de un bonito d\u00eda, lleno de un mont\u00f3n de actividades y actuaciones para pasarlo bien mientras puedes degustar una buena paella, adem\u00e1s de una deliciosa barbacoa.<\/em><\/p>\n<p>Saludos y r\u00e1fagas.<\/p>\n<!-- AddThis Advanced Settings generic via filter on the_content --><!-- AddThis Share Buttons generic via filter on the_content -->","protected":false},"excerpt":{"rendered":"<p>El domingo, 1 de diciembre, se realizar\u00e1 una ruta con fin solidario en Badajoz. En esta ocasi\u00f3n a favor de la Asociaci\u00f3n Grupo Joven. La Asociaci\u00f3n sociocultural Grupo Joven permanece desde 1997 apoyando a los ni\u00f1os y j\u00f3venes de la Barriada Suerte de Saavedra, con multitud de actividades, entre ellas: refuerzo educativo, actividades de ocio [&hellip;]<!-- AddThis Advanced Settings generic via filter on get_the_excerpt --><!-- AddThis Share Buttons generic via filter on get_the_excerpt --><\/p>\n","protected":false},"author":49,"featured_media":0,"comment_status":"open","ping_status":"closed","sticky":false,"template":"","format":"standard","meta":[],"categories":[9,13,1],"tags":[76,87,622,1594,1593],"_links":{"self":[{"href":"https:\/\/blogs.hoy.es\/moterosdehoy\/wp-json\/wp\/v2\/posts\/3573"}],"collection":[{"href":"https:\/\/blogs.hoy.es\/moterosdehoy\/wp-json\/wp\/v2\/posts"}],"about":[{"href":"https:\/\/blogs.hoy.es\/moterosdehoy\/wp-json\/wp\/v2\/types\/post"}],"author":[{"embeddable":true,"href":"https:\/\/blogs.hoy.es\/moterosdehoy\/wp-json\/wp\/v2\/users\/49"}],"replies":[{"embeddable":true,"href":"https:\/\/blogs.hoy.es\/moterosdehoy\/wp-json\/wp\/v2\/comments?post=3573"}],"version-history":[{"count":9,"href":"https:\/\/blogs.hoy.es\/moterosdehoy\/wp-json\/wp\/v2\/posts\/3573\/revisions"}],"predecessor-version":[{"id":3583,"href":"https:\/\/blogs.hoy.es\/moterosdehoy\/wp-json\/wp\/v2\/posts\/3573\/revisions\/3583"}],"wp:attachment":[{"href":"https:\/\/blogs.hoy.es\/moterosdehoy\/wp-json\/wp\/v2\/media?parent=3573"}],"wp:term":[{"taxonomy":"category","embeddable":true,"href":"https:\/\/blogs.hoy.es\/moterosdehoy\/wp-json\/wp\/v2\/categories?post=3573"},{"taxonomy":"post_tag","embeddable":true,"href":"https:\/\/blogs.hoy.es\/moterosdehoy\/wp-json\/wp\/v2\/tags?post=3573"}],"curies":[{"name":"wp","href":"https:\/\/api.w.org\/{rel}","templated":true}]}}