{"id":3585,"date":"2024-12-15T11:27:40","date_gmt":"2024-12-15T11:27:40","guid":{"rendered":"https:\/\/blogs.hoy.es\/moterosdehoy\/?p=3585"},"modified":"2024-12-15T11:27:40","modified_gmt":"2024-12-15T11:27:40","slug":"ruta-motera-de-las-luces-badajoz-elvas-2024","status":"publish","type":"post","link":"https:\/\/blogs.hoy.es\/moterosdehoy\/2024\/12\/15\/ruta-motera-de-las-luces-badajoz-elvas-2024\/","title":{"rendered":"Ruta motera de las luces Badajoz-Elvas 2024"},"content":{"rendered":"<h3>Entorno a cien moteros de Espa\u00f1a y Portugal se unen el s\u00e1bado 14 de diciembre de convivencia navide\u00f1a y disfrutar de los alumbrados por estas fechas en Badajoz y Elvas.<\/h3>\n<p>Son muchas las causas para coger la moto y dar una vuelta, tambi\u00e9n son muchas las causas para que amigos se unan a disfrutar de la compa\u00f1\u00eda. Este s\u00e1bado prenavide\u00f1o se han unido varios clubes tanto de Espa\u00f1a como de Portugal para pasar un gran d\u00eda.<\/p>\n<p><a href=\"https:\/\/static-blogs.hoy.es\/wp-content\/uploads\/sites\/45\/2024\/12\/Feliz-Navidad-MDH.jpg\"><img loading=\"lazy\" class=\"alignleft size-medium wp-image-3586\" src=\"https:\/\/static-blogs.hoy.es\/wp-content\/uploads\/sites\/45\/2024\/12\/Feliz-Navidad-MDH-300x225.jpg\" alt=\"\" width=\"300\" height=\"225\" srcset=\"https:\/\/static-blogs.hoy.es\/wp-content\/uploads\/sites\/45\/2024\/12\/Feliz-Navidad-MDH-300x225.jpg 300w, https:\/\/static-blogs.hoy.es\/wp-content\/uploads\/sites\/45\/2024\/12\/Feliz-Navidad-MDH-1024x768.jpg 1024w, https:\/\/static-blogs.hoy.es\/wp-content\/uploads\/sites\/45\/2024\/12\/Feliz-Navidad-MDH-768x576.jpg 768w, https:\/\/static-blogs.hoy.es\/wp-content\/uploads\/sites\/45\/2024\/12\/Feliz-Navidad-MDH-1536x1152.jpg 1536w, https:\/\/static-blogs.hoy.es\/wp-content\/uploads\/sites\/45\/2024\/12\/Feliz-Navidad-MDH.jpg 1600w\" sizes=\"(max-width: 300px) 100vw, 300px\" \/><\/a>La fiesta comenz\u00f3 al medio d\u00eda en Badajoz, donde se visit\u00f3 el Museo Luis de Morales, pudiendo apreciar el gran trabajo que han vuelto a realizar las personas que tienen all\u00ed expuestos tanto los dioramas, como el bel\u00e9n monumental. Adem\u00e1s de poder tomar alg\u00fan tentempi\u00e9 en la Plaza de Santa Mar\u00eda, que adem\u00e1s se encuentra muy bien adornada y con puestos navide\u00f1os.<\/p>\n<p>Para tener un gran d\u00eda hay que coger fuerzas y se realiz\u00f3 una comida navide\u00f1a en el <a href=\"https:\/\/www.carnivorarestaurante.es\/\" rel=\"external nofollow\">restaurante Carn\u00edvora de Badajoz<\/a>, lugar en el que como es habitual pudimos disfrutar de buen servicio y buena comida.<\/p>\n<p><a href=\"https:\/\/static-blogs.hoy.es\/wp-content\/uploads\/sites\/45\/2024\/12\/Rota-das-Luzes-2024-Elvas.jpg\"><img loading=\"lazy\" class=\"alignright size-medium wp-image-3587\" src=\"https:\/\/static-blogs.hoy.es\/wp-content\/uploads\/sites\/45\/2024\/12\/Rota-das-Luzes-2024-Elvas-300x135.jpg\" alt=\"\" width=\"300\" height=\"135\" srcset=\"https:\/\/static-blogs.hoy.es\/wp-content\/uploads\/sites\/45\/2024\/12\/Rota-das-Luzes-2024-Elvas-300x135.jpg 300w, https:\/\/static-blogs.hoy.es\/wp-content\/uploads\/sites\/45\/2024\/12\/Rota-das-Luzes-2024-Elvas-1024x461.jpg 1024w, https:\/\/static-blogs.hoy.es\/wp-content\/uploads\/sites\/45\/2024\/12\/Rota-das-Luzes-2024-Elvas-768x346.jpg 768w, https:\/\/static-blogs.hoy.es\/wp-content\/uploads\/sites\/45\/2024\/12\/Rota-das-Luzes-2024-Elvas.jpg 1280w\" sizes=\"(max-width: 300px) 100vw, 300px\" \/><\/a>A las 18 horas en uni\u00f3n de los moteros portugueses que acudieron a nuestro encuentro, se inici\u00f3 una gran caravana motera con entorno a las cien motocicletas, para desplazarnos a Elvas y disfrutar de su alumbrado navide\u00f1o, que una vez m\u00e1s est\u00e1 precioso.<\/p>\n<p>Al llegar a Elvas tuvimos la bienvenida del Sr. Claudio Monteiro, vereador de la C\u00e2mara Municipal (Concejal del Ayuntamiento de Elvas), y nos ten\u00edan personal a nuestra espera para cortar la calle de la puerta del Ayuntamiento, lugar durante varias horas permanecieron las motocicletas estacionadas. Mientras pudimos disfrutar de los puestos navide\u00f1os de la Pra\u00e7a da Rep\u00fablica y fuimos invitados a utilizar la rampa de hielo, lo que es de agradecer y pasamos\u00a0 momentos muy divertidos.<\/p>\n<p><a href=\"https:\/\/static-blogs.hoy.es\/wp-content\/uploads\/sites\/45\/2024\/12\/Organizadores-Rota-das-Luzes-2024.jpg\"><img loading=\"lazy\" class=\"alignleft size-medium wp-image-3588\" src=\"https:\/\/static-blogs.hoy.es\/wp-content\/uploads\/sites\/45\/2024\/12\/Organizadores-Rota-das-Luzes-2024-300x226.jpg\" alt=\"\" width=\"300\" height=\"226\" srcset=\"https:\/\/static-blogs.hoy.es\/wp-content\/uploads\/sites\/45\/2024\/12\/Organizadores-Rota-das-Luzes-2024-300x226.jpg 300w, https:\/\/static-blogs.hoy.es\/wp-content\/uploads\/sites\/45\/2024\/12\/Organizadores-Rota-das-Luzes-2024-1024x771.jpg 1024w, https:\/\/static-blogs.hoy.es\/wp-content\/uploads\/sites\/45\/2024\/12\/Organizadores-Rota-das-Luzes-2024-768x578.jpg 768w, https:\/\/static-blogs.hoy.es\/wp-content\/uploads\/sites\/45\/2024\/12\/Organizadores-Rota-das-Luzes-2024.jpg 1280w\" sizes=\"(max-width: 300px) 100vw, 300px\" \/><\/a>A la izquierda, Carocha (Presidenta de VRA Portugal, <a href=\"https:\/\/www.facebook.com\/profile.php?id=61561615422740\" rel=\"external nofollow\">Vulcan Riders Association Portugal<\/a>), Tony M\u00e1rquez (Presidente de <a href=\"https:\/\/www.facebook.com\/search\/top?q=moteros%20de%20hoy%20mc\" rel=\"external nofollow\">Moteros de Hoy MC<\/a>), y Carlos Vaz (Presidente de <a href=\"https:\/\/www.facebook.com\/search\/top?q=punishers%20le%2Fmc%20portugal\" rel=\"external nofollow\">Punishers MC &#8211; Guardi\u00e3o 3 Portugal<\/a>). Organizadores del evento.<\/p>\n<p>Es de tener en cuenta que en la ruta estuvieron presentes muchos m\u00e1s clubes, en el caso de Espa\u00f1a participaron &#8220;<a href=\"https:\/\/www.facebook.com\/p\/Moto-Grupo-Pacense-100094436138701\/\" rel=\"external nofollow\">Moto Grupo Pacense<\/a>&#8220;, &#8220;<a href=\"https:\/\/www.facebook.com\/groups\/520342050314356\" rel=\"external nofollow\">G. M. Los Curvitas<\/a>&#8221; y &#8220;<a href=\"https:\/\/www.facebook.com\/groups\/2879466588810016\" rel=\"external nofollow\">Extremadura Custom<\/a>&#8220;, atrayendo personal de diversas localidades de Badajoz, como son Zah\u00ednos, Llerena, M\u00e9rida, Montijo, Pueblo Nuevo&#8230; En el caso de Portugal los clubes organizadores atrajeron personal de diversas localidades del Alentejo, pero es de tener en cuenta que estuvieron presentes un grupo de localidades aleda\u00f1as a Lisboa, todos ellos de VRA Portugal.<\/p>\n<p><a href=\"https:\/\/static-blogs.hoy.es\/wp-content\/uploads\/sites\/45\/2024\/12\/Ruta-de-las-luces-Badajoz-2024_1.jpg\"><img loading=\"lazy\" class=\"alignright size-medium wp-image-3594\" src=\"https:\/\/static-blogs.hoy.es\/wp-content\/uploads\/sites\/45\/2024\/12\/Ruta-de-las-luces-Badajoz-2024_1-225x300.jpg\" alt=\"\" width=\"225\" height=\"300\" srcset=\"https:\/\/static-blogs.hoy.es\/wp-content\/uploads\/sites\/45\/2024\/12\/Ruta-de-las-luces-Badajoz-2024_1-225x300.jpg 225w, https:\/\/static-blogs.hoy.es\/wp-content\/uploads\/sites\/45\/2024\/12\/Ruta-de-las-luces-Badajoz-2024_1-768x1024.jpg 768w, https:\/\/static-blogs.hoy.es\/wp-content\/uploads\/sites\/45\/2024\/12\/Ruta-de-las-luces-Badajoz-2024_1.jpg 960w\" sizes=\"(max-width: 225px) 100vw, 225px\" \/><\/a>Tras la visita a Elvas, nos desplazamos nuevamente a Badajoz, entrando desde Puerta de Palmas hasta la Plaza de Espa\u00f1a, lugar donde a las 21 horas, se congregaron nuevamente entorno al centenar de motocicletas, y tras una breve parada para realizar una fotograf\u00eda de grupo, se quitaron las motocicletas de la plaza, para aparcarlas adecuadamente y disfrutar tanto de la Plaza San At\u00f3n, como de la Plaza San Francisco, lugares repletos de puestos navide\u00f1os y que encantaron a nuestros amigos moteros de Portugal.<\/p>\n<p>Aprovecho estas l\u00edneas para <strong>agradecer al Sr. Claudio Monteiro<\/strong>, que desde un principio ha estado bien dispuesto para cualquier gesti\u00f3n que tuvi\u00e9ramos que realizar, adem\u00e1s de estar presente a nuestra llegada para darnos la bienvenida en su localidad, Elvas.<\/p>\n<p>Tambi\u00e9n tengo que<strong> agradecer a los clubes Punishers MC y VRA Portugal<\/strong>, por su gran colaboraci\u00f3n en la organizaci\u00f3n, sin la que no habr\u00eda sido posible pasar un d\u00eda tan grato. Adem\u00e1s de a todos los asistentes por participar y que seguro se llevar\u00e1n un gran recuerdo.<\/p>\n<p>Pero todo no es bueno, tambi\u00e9n tengo que dar un <strong>punto negativo al Ayuntamiento de Badajoz<\/strong>, mi ciudad. Quiz\u00e1s el Ayuntamiento no tenga culpa y solo recaiga sobre alg\u00fan funcionario que se le pas\u00f3, pero es lamentable que tras trabajar para llevar a cabo eventos en la ciudad y atraer personas de muy diversas localidades, en el que solo esperamos un poquito de colaboraci\u00f3n, ni contesten a los escritos presentados. Escritos que obligan a presentar con un m\u00ednimo de un mes de antelaci\u00f3n o te indican que son atemporales y ni los leen, pues en esta ocasi\u00f3n solo ped\u00edamos poder estacionar las motocicletas en diversas zonas para dar m\u00e1s visibilidad al evento.<\/p>\n<p>Pero estamos en v\u00edsperas de Navidad, no voy a cerrar el post con un tono negativo. Feliz Navidad y Pr\u00f3spero 2025 a todos, especialmente a todos los que segu\u00eds este blog. Un fuerte abrazo y nos vemos en la carretera.<\/p>\n<p>Saludos y r\u00e1fagas.<\/p>\n<!-- AddThis Advanced Settings generic via filter on the_content --><!-- AddThis Share Buttons generic via filter on the_content -->","protected":false},"excerpt":{"rendered":"<p>Entorno a cien moteros de Espa\u00f1a y Portugal se unen el s\u00e1bado 14 de diciembre de convivencia navide\u00f1a y disfrutar de los alumbrados por estas fechas en Badajoz y Elvas. Son muchas las causas para coger la moto y dar una vuelta, tambi\u00e9n son muchas las causas para que amigos se unan a disfrutar de [&hellip;]<!-- AddThis Advanced Settings generic via filter on get_the_excerpt --><!-- AddThis Share Buttons generic via filter on get_the_excerpt --><\/p>\n","protected":false},"author":49,"featured_media":0,"comment_status":"open","ping_status":"closed","sticky":false,"template":"","format":"standard","meta":[],"categories":[9,11,13,1],"tags":[87,1597,1540,1591,622,1595,1598,1261,1596],"_links":{"self":[{"href":"https:\/\/blogs.hoy.es\/moterosdehoy\/wp-json\/wp\/v2\/posts\/3585"}],"collection":[{"href":"https:\/\/blogs.hoy.es\/moterosdehoy\/wp-json\/wp\/v2\/posts"}],"about":[{"href":"https:\/\/blogs.hoy.es\/moterosdehoy\/wp-json\/wp\/v2\/types\/post"}],"author":[{"embeddable":true,"href":"https:\/\/blogs.hoy.es\/moterosdehoy\/wp-json\/wp\/v2\/users\/49"}],"replies":[{"embeddable":true,"href":"https:\/\/blogs.hoy.es\/moterosdehoy\/wp-json\/wp\/v2\/comments?post=3585"}],"version-history":[{"count":6,"href":"https:\/\/blogs.hoy.es\/moterosdehoy\/wp-json\/wp\/v2\/posts\/3585\/revisions"}],"predecessor-version":[{"id":3595,"href":"https:\/\/blogs.hoy.es\/moterosdehoy\/wp-json\/wp\/v2\/posts\/3585\/revisions\/3595"}],"wp:attachment":[{"href":"https:\/\/blogs.hoy.es\/moterosdehoy\/wp-json\/wp\/v2\/media?parent=3585"}],"wp:term":[{"taxonomy":"category","embeddable":true,"href":"https:\/\/blogs.hoy.es\/moterosdehoy\/wp-json\/wp\/v2\/categories?post=3585"},{"taxonomy":"post_tag","embeddable":true,"href":"https:\/\/blogs.hoy.es\/moterosdehoy\/wp-json\/wp\/v2\/tags?post=3585"}],"curies":[{"name":"wp","href":"https:\/\/api.w.org\/{rel}","templated":true}]}}