{"id":3599,"date":"2025-03-12T15:52:59","date_gmt":"2025-03-12T15:52:59","guid":{"rendered":"https:\/\/blogs.hoy.es\/moterosdehoy\/?p=3599"},"modified":"2025-03-12T15:52:59","modified_gmt":"2025-03-12T15:52:59","slug":"decimo-tercer-aniversario-pub-refugio-en-badajoz","status":"publish","type":"post","link":"https:\/\/blogs.hoy.es\/moterosdehoy\/2025\/03\/12\/decimo-tercer-aniversario-pub-refugio-en-badajoz\/","title":{"rendered":"Decimo tercer aniversario Pub Refugio en Badajoz"},"content":{"rendered":"<h3><strong>Nuestro querido Pub motero de Badajoz, celebrar\u00e1 \u00e9ste fin de semana su d\u00e9cimo tercer aniversario.<\/strong><\/h3>\n<p>A pesar de la lluvia, este pr\u00f3ximo s\u00e1bado, 15 de marzo, la calle Rafael Lucenqui de <a href=\"https:\/\/www.aytobadajoz.es\/es\/ayto\/portada\" rel=\"external nofollow\">Badajoz<\/a> se puede ver con m\u00e1s motos de lo normal.<\/p>\n<p><a href=\"https:\/\/static-blogs.hoy.es\/wp-content\/uploads\/sites\/45\/2025\/03\/13-aniversario-Pub-Refugio.jpg\"><img loading=\"lazy\" class=\"alignleft size-medium wp-image-3600\" src=\"https:\/\/static-blogs.hoy.es\/wp-content\/uploads\/sites\/45\/2025\/03\/13-aniversario-Pub-Refugio-212x300.jpg\" alt=\"\" width=\"212\" height=\"300\" srcset=\"https:\/\/static-blogs.hoy.es\/wp-content\/uploads\/sites\/45\/2025\/03\/13-aniversario-Pub-Refugio-212x300.jpg 212w, https:\/\/static-blogs.hoy.es\/wp-content\/uploads\/sites\/45\/2025\/03\/13-aniversario-Pub-Refugio-724x1024.jpg 724w, https:\/\/static-blogs.hoy.es\/wp-content\/uploads\/sites\/45\/2025\/03\/13-aniversario-Pub-Refugio-768x1086.jpg 768w, https:\/\/static-blogs.hoy.es\/wp-content\/uploads\/sites\/45\/2025\/03\/13-aniversario-Pub-Refugio-1086x1536.jpg 1086w, https:\/\/static-blogs.hoy.es\/wp-content\/uploads\/sites\/45\/2025\/03\/13-aniversario-Pub-Refugio.jpg 1131w\" sizes=\"(max-width: 212px) 100vw, 212px\" \/><\/a>En Badajoz tenemos un pub como local referente al bajarnos de la moto, se trata del \u201c<a href=\"https:\/\/www.facebook.com\/profile.php?id=100063612750965\" rel=\"external nofollow\">Pub Refugio<\/a>\u201d, dirigido por Estefi, y situado en la calle Rafael Lucenqui, n\u00famero 9, que para \u00e9ste s\u00e1bado nos tiene preparada una gran fiesta de aniversario, ser\u00e1 nada menos que el d\u00e9cimo tercero.<\/p>\n<p>Supersticiones aparte, nos espera desde las 14:00 horas, en lo que seguro que ser\u00e1 un d\u00eda largo, y en el que adem\u00e1s de sorteos y regalos, habr\u00e1 algo de picoteo, cerveza fr\u00eda y chupitos que arden, amistad, buena m\u00fasica, y atenci\u00f3n de calidad.<\/p>\n<p>Un a\u00f1o m\u00e1s vamos a darlo todo, al igual que hace ella con nosotros para que siga con ganas de aguantarnos.<\/p>\n<p>Haga fr\u00edo, o haga cal\u00f3, en el Refu se est\u00e1 mej\u00f3.<\/p>\n<p>Nos vemos en \u201cEl Refu\u201d.<\/p>\n<p>Saludos y r\u00e1fagas.<\/p>\n<!-- AddThis Advanced Settings generic via filter on the_content --><!-- AddThis Share Buttons generic via filter on the_content -->","protected":false},"excerpt":{"rendered":"<p>Nuestro querido Pub motero de Badajoz, celebrar\u00e1 \u00e9ste fin de semana su d\u00e9cimo tercer aniversario. A pesar de la lluvia, este pr\u00f3ximo s\u00e1bado, 15 de marzo, la calle Rafael Lucenqui de Badajoz se puede ver con m\u00e1s motos de lo normal. En Badajoz tenemos un pub como local referente al bajarnos de la moto, se [&hellip;]<!-- AddThis Advanced Settings generic via filter on get_the_excerpt --><!-- AddThis Share Buttons generic via filter on get_the_excerpt --><\/p>\n","protected":false},"author":49,"featured_media":0,"comment_status":"open","ping_status":"closed","sticky":false,"template":"","format":"standard","meta":[],"categories":[9,13,1],"tags":[87,622,805,1293],"_links":{"self":[{"href":"https:\/\/blogs.hoy.es\/moterosdehoy\/wp-json\/wp\/v2\/posts\/3599"}],"collection":[{"href":"https:\/\/blogs.hoy.es\/moterosdehoy\/wp-json\/wp\/v2\/posts"}],"about":[{"href":"https:\/\/blogs.hoy.es\/moterosdehoy\/wp-json\/wp\/v2\/types\/post"}],"author":[{"embeddable":true,"href":"https:\/\/blogs.hoy.es\/moterosdehoy\/wp-json\/wp\/v2\/users\/49"}],"replies":[{"embeddable":true,"href":"https:\/\/blogs.hoy.es\/moterosdehoy\/wp-json\/wp\/v2\/comments?post=3599"}],"version-history":[{"count":2,"href":"https:\/\/blogs.hoy.es\/moterosdehoy\/wp-json\/wp\/v2\/posts\/3599\/revisions"}],"predecessor-version":[{"id":3602,"href":"https:\/\/blogs.hoy.es\/moterosdehoy\/wp-json\/wp\/v2\/posts\/3599\/revisions\/3602"}],"wp:attachment":[{"href":"https:\/\/blogs.hoy.es\/moterosdehoy\/wp-json\/wp\/v2\/media?parent=3599"}],"wp:term":[{"taxonomy":"category","embeddable":true,"href":"https:\/\/blogs.hoy.es\/moterosdehoy\/wp-json\/wp\/v2\/categories?post=3599"},{"taxonomy":"post_tag","embeddable":true,"href":"https:\/\/blogs.hoy.es\/moterosdehoy\/wp-json\/wp\/v2\/tags?post=3599"}],"curies":[{"name":"wp","href":"https:\/\/api.w.org\/{rel}","templated":true}]}}