{"id":36,"date":"2012-05-28T15:41:42","date_gmt":"2012-05-28T15:41:42","guid":{"rendered":"http:\/\/blogs.hoy.es\/moterosdehoy\/?p=36"},"modified":"2012-05-28T15:41:42","modified_gmt":"2012-05-28T15:41:42","slug":"conductores-con-15-puntos","status":"publish","type":"post","link":"https:\/\/blogs.hoy.es\/moterosdehoy\/2012\/05\/28\/conductores-con-15-puntos\/","title":{"rendered":"Conductores con 15 puntos"},"content":{"rendered":"<p>Alrededor de <strong>16 millones de conductores recibir\u00e1n un punto m\u00e1s el d\u00eda 1 de julio de 2012.<\/strong> En concreto todos<\/p>\n<p><img loading=\"lazy\" class=\"size-full wp-image-37 alignright\" title=\"Permiso de conducci\u00f3n\" src=\"\/moterosdehoy\/wp-content\/uploads\/sites\/45\/2012\/05\/Permiso-de-conducci\u00f3n.jpg\" alt=\"\" width=\"200\" height=\"230\" \/><\/p>\n<p>los conductores que desde la entrada en vigor del permiso por puntos no hayan\u00a0sufrido infracci\u00f3n\u00a0con detracci\u00f3n de puntos, de modo que tendr\u00e1n <strong>el m\u00e1ximo de 15<\/strong>, en lugar de los 12 iniciales.<\/p>\n<div>\n<p>En <strong>julio de 2009 ya obtuvieron dos puntos<\/strong> por las mismas razones, al cumplirse los tres a\u00f1os<\/p>\n<div>\n<p><span style=\"text-decoration: underline;\"><strong><br \/>\nActual formato del permiso<\/strong><\/span> de conducci\u00f3n:. El resto de conductores, recuperar\u00e1n la totalidad del cr\u00e9dito inicial de <strong>12 puntos<\/strong>, una vez transcurridos <strong>dos a\u00f1os<\/strong> sin haber sido sancionados en firme por infracciones que lleven aparejada la p\u00e9rdida de puntos. Salvo si esa p\u00e9rdida se debi\u00f3 a una <strong>infracci\u00f3n muy grave<\/strong>, en cuyo caso el plazo para recuperar la totalidad ser\u00e1 de tres a\u00f1os.<\/p>\n<p><!--more--><\/p>\n<p>Las antiguas cartulinas<strong> en forma de tr\u00edptico est\u00e1n casi a finalizar su vigencia,<\/strong> por lo que se recomienda ver la fecha de renovaci\u00f3n por si toca pasar a por el nuevo.<\/p>\n<p><strong>El 1 de julio se cumplen seis a\u00f1os del permiso por puntos<\/strong> y seg\u00fan datos de la <a href=\"http:\/\/www.dgt.es\/portal\/\" target=\"_blank\" rel=\"external nofollow\">Direcci\u00f3n General de Tr\u00e1fico<\/a>, de 26.050.000 conductores en Espa\u00f1a, desde la entrada en vigor de la reforma han sido <strong>sancionados 5 millones<\/strong> (un 19%). En cambio la <strong>accidentalidad se ha reducido considerablemente<\/strong>. En 2006 se produjeron 2.601 v\u00edctimas mortales y en 2011 solo 1.338. Por lo que se estima en <strong>50 vidas salvadas al mes<\/strong>.<\/p>\n<p>En el caso concreto de los<strong> accidentes con motocicletas<\/strong>, cuando se implant\u00f3 el permiso por puntos iba en un ascenso paulatino a\u00f1o tras a\u00f1o, en el a\u00f1o 2000 hubo 259 motoristas fallecidos y en el 2005 ya subi\u00f3 a 319. Luego se mantuvo y posteriormente comenz\u00f3 a bajar resultando en 2009, 284 fallecidos, 244 en 2010 y 235 en 2011. <strong>Ojal\u00e1 \u00e9ste a\u00f1o contin\u00fae la bajada<\/strong>.<\/p>\n<p>Pero todos los datos no van a ser buenos, desde la entrada en vigor <strong>se han sancionado a 6.983.000 conductores<\/strong>, con un total de <strong>21.366.000 puntos retirados<\/strong>. De los que en la actualidad tienen la mitad de puntos 57.823 conductores y se encuentran <strong>con menos de tres puntos 91.000<\/strong>. Adem\u00e1s hay 2.352 conductores que ya han perdido el permiso en dos ocasiones, y 1.325.000 han cometido dos o m\u00e1s infracciones.<\/p>\n<p>Las <strong>principales infracciones son las de velocidad<\/strong> con 2.967.700 de sanciones impuestas, le sigue el <strong>no hacer uso del cintur\u00f3n de seguridad<\/strong> con 891.000, seguido c<strong>asi a la par de hacer uso del tel\u00e9fono m\u00f3vil<\/strong> con 632.000 y <strong>alcohol<\/strong> con 631.000.<\/p>\n<p>En wste sentido hay que decir que <span style=\"text-decoration: underline;\">desde el mundo de las dos ruedas<\/span> la <strong>infracci\u00f3n m\u00e1s usual es la velocidad<\/strong>, seguida de <strong>documentaci\u00f3n<\/strong>, por <strong>ITV<\/strong> y <strong>seguros<\/strong>.<\/p>\n<p>Si tras la p\u00e9rdida de puntos se desean recuperar, no es preciso esperar a los dos a\u00f1os para tenerlos de nuevo, <strong>tambi\u00e9n se puede acudir a la autoescuela para recibir cursos de sensibilizaci\u00f3n<\/strong>, como han hecho unos <strong>227.400 conductores en este tiempo<\/strong>, de los que 109.700 acudieron para recuperar puntos, realizando un curso de sensibilizaci\u00f3n de 12 horas, y 117.800 para recuperar el permiso en su totalidad, siendo en \u00e9ste caso el curso de 24 horas.<\/p>\n<p><a href=\"http:\/\/www.dgt.es\/portal\/es\/oficina_virtual\/permiso_por_puntos\/\" target=\"_blank\" rel=\"external nofollow\"><span style=\"text-decoration: underline;\"><strong>Puedes consultar el saldo de puntos aqu\u00ed<\/strong><\/span><\/a>:<\/p>\n<p><strong>\u00a0 \u00a0Saludos y r\u00e1fagas.<br \/>\n<\/strong><\/p>\n<\/div>\n<\/div>\n<!-- AddThis Advanced Settings generic via filter on the_content --><!-- AddThis Share Buttons generic via filter on the_content -->","protected":false},"excerpt":{"rendered":"<p>Alrededor de 16 millones de conductores recibir\u00e1n un punto m\u00e1s el d\u00eda 1 de julio de 2012. En concreto todos los conductores que desde la entrada en vigor del permiso por puntos no hayan\u00a0sufrido infracci\u00f3n\u00a0con detracci\u00f3n de puntos, de modo que tendr\u00e1n el m\u00e1ximo de 15, en lugar de los 12 iniciales. En julio de [&hellip;]<!-- AddThis Advanced Settings generic via filter on get_the_excerpt --><!-- AddThis Share Buttons generic via filter on get_the_excerpt --><\/p>\n","protected":false},"author":49,"featured_media":0,"comment_status":"open","ping_status":"closed","sticky":false,"template":"","format":"standard","meta":[],"categories":[2,13],"tags":[142,622,812],"_links":{"self":[{"href":"https:\/\/blogs.hoy.es\/moterosdehoy\/wp-json\/wp\/v2\/posts\/36"}],"collection":[{"href":"https:\/\/blogs.hoy.es\/moterosdehoy\/wp-json\/wp\/v2\/posts"}],"about":[{"href":"https:\/\/blogs.hoy.es\/moterosdehoy\/wp-json\/wp\/v2\/types\/post"}],"author":[{"embeddable":true,"href":"https:\/\/blogs.hoy.es\/moterosdehoy\/wp-json\/wp\/v2\/users\/49"}],"replies":[{"embeddable":true,"href":"https:\/\/blogs.hoy.es\/moterosdehoy\/wp-json\/wp\/v2\/comments?post=36"}],"version-history":[{"count":0,"href":"https:\/\/blogs.hoy.es\/moterosdehoy\/wp-json\/wp\/v2\/posts\/36\/revisions"}],"wp:attachment":[{"href":"https:\/\/blogs.hoy.es\/moterosdehoy\/wp-json\/wp\/v2\/media?parent=36"}],"wp:term":[{"taxonomy":"category","embeddable":true,"href":"https:\/\/blogs.hoy.es\/moterosdehoy\/wp-json\/wp\/v2\/categories?post=36"},{"taxonomy":"post_tag","embeddable":true,"href":"https:\/\/blogs.hoy.es\/moterosdehoy\/wp-json\/wp\/v2\/tags?post=36"}],"curies":[{"name":"wp","href":"https:\/\/api.w.org\/{rel}","templated":true}]}}