{"id":3605,"date":"2025-03-12T20:15:48","date_gmt":"2025-03-12T20:15:48","guid":{"rendered":"https:\/\/blogs.hoy.es\/moterosdehoy\/?p=3605"},"modified":"2025-03-12T20:15:48","modified_gmt":"2025-03-12T20:15:48","slug":"motoristas-contra-el-olvido-a-las-victimas-del-terrorismo","status":"publish","type":"post","link":"https:\/\/blogs.hoy.es\/moterosdehoy\/2025\/03\/12\/motoristas-contra-el-olvido-a-las-victimas-del-terrorismo\/","title":{"rendered":"Motoristas contra el olvido a las v\u00edctimas del terrorismo"},"content":{"rendered":"<h3>El fin de semana del 15 y 16 de marzo, tendr\u00e1 lugar en Sevilla la \u201cXI marcha motorista en honor a las v\u00edctimas del terrorismo\u201d.<\/h3>\n<p>En el propio cartel del evento figuran todos los clubes y asociaciones colaboradores y organizadores del evento.<\/p>\n<p><a href=\"https:\/\/static-blogs.hoy.es\/wp-content\/uploads\/sites\/45\/2025\/03\/Marcha-motera-por-victimas-terrorismo-Sevilla-2025.jpg\"><img loading=\"lazy\" class=\"alignleft size-medium wp-image-3606\" src=\"https:\/\/static-blogs.hoy.es\/wp-content\/uploads\/sites\/45\/2025\/03\/Marcha-motera-por-victimas-terrorismo-Sevilla-2025-212x300.jpg\" alt=\"\" width=\"212\" height=\"300\" srcset=\"https:\/\/static-blogs.hoy.es\/wp-content\/uploads\/sites\/45\/2025\/03\/Marcha-motera-por-victimas-terrorismo-Sevilla-2025-212x300.jpg 212w, https:\/\/static-blogs.hoy.es\/wp-content\/uploads\/sites\/45\/2025\/03\/Marcha-motera-por-victimas-terrorismo-Sevilla-2025-724x1024.jpg 724w, https:\/\/static-blogs.hoy.es\/wp-content\/uploads\/sites\/45\/2025\/03\/Marcha-motera-por-victimas-terrorismo-Sevilla-2025-768x1087.jpg 768w, https:\/\/static-blogs.hoy.es\/wp-content\/uploads\/sites\/45\/2025\/03\/Marcha-motera-por-victimas-terrorismo-Sevilla-2025-1085x1536.jpg 1085w, https:\/\/static-blogs.hoy.es\/wp-content\/uploads\/sites\/45\/2025\/03\/Marcha-motera-por-victimas-terrorismo-Sevilla-2025.jpg 1447w\" sizes=\"(max-width: 212px) 100vw, 212px\" \/><\/a>Dar\u00e1 comienzo a las 18:00h del s\u00e1bado, en el sal\u00f3n de actos del <a href=\"https:\/\/www.hoteltorredelosguzmanes.com\/\" rel=\"external nofollow\">hotel Torre de los Guzmanes<\/a>, con una charla en la que se dar\u00e1 visibilidad a las v\u00edctimas del terrorismo, sobre todo para que no queden en el olvido.<\/p>\n<p>En la presentaci\u00f3n estar\u00e1n presentes como ponentes diversos representantes de asociaciones implicadas, entre ellos: Alejandro Vidal (representante de <a href=\"https:\/\/www.aavt.net\/\" rel=\"external nofollow\">AAVT<\/a>), JuanMa S\u00e1nchez Polo (Mastines &#8211; Secci\u00f3n de motos P.N. San Sebasti\u00e1n), y Pedro Valero (Presidente G.M. Linces, Almer\u00eda). Este \u00faltimo, durante la presentaci\u00f3n seguro que tendr\u00e1 unas palabras de especial agradecimiento hacia el club \u201c<a href=\"https:\/\/www.facebook.com\/Angeles.Verdes.Andalucia?locale=es_ES\" rel=\"external nofollow\">\u00c1ngeles Verdes, de Andaluc\u00eda<\/a>\u201d, pues seg\u00fan comenta sin ellos no habr\u00eda sido posible realizar la marcha. Y por supuesto, para Pepe Micol Garc\u00eda, de AMUVITE, Presidente honor\u00edfico del grupo motoristas L\u00ednces Almer\u00eda, creador de las marchas motoristas por las v\u00edctimas del terrorismo en Murcia y que siempre muestra su apoyo.<\/p>\n<p>El domingo habr\u00e1 una ruta por la ciudad de <a href=\"https:\/\/visitasevilla.es\/\" rel=\"external nofollow\">Sevilla<\/a>, en la que se realizar\u00e1n diversas paradas y cada grupo asistente ir\u00e1 haciendo entrega de una ofrenda floral. Dicha ruta comenzar\u00e1 a las 09:30h, desde el Paseo Crist\u00f3bal Col\u00f3n, junto a la Plaza de Toros.<\/p>\n<p>Tras la emotiva ruta, se celebrar\u00e1 una comida de fraternidad y se dar\u00e1 por concluido el acto.<\/p>\n<p>Tanto al finalizar la presentaci\u00f3n del s\u00e1bado, como tras la comida del domingo, se entregar\u00e1n a los grupos asistentes unos detalles por parte del grupo motorista Linces de Almer\u00eda. Organizador del evento en Andaluc\u00eda, para la edici\u00f3n del a\u00f1o que viene posiblemente tendr\u00e1 lugar en C\u00f3rdoba.<\/p>\n<p>La idea principal de esta marcha motorista es demostrar que tanto los motoristas, como los afectados por el terrorismo somos personas c\u00edvicas y que respetamos, cosa que en algunos casos no hemos recibido, e incluso no estamos recibiendo.<\/p>\n<p>El organizador del evento, Pedro Valero, Presidente del grupo motero Linces de Almer\u00eda, pide unidad de todos los grupos moteros, y dice: <strong><em>\u201c\u00a1somos uno, y ni se olvidan ni se perdonan los actos de terrorismo!\u201d<\/em><\/strong>, y aboga para que las v\u00edctimas de este tipo de actos, no queden en el olvido.<\/p>\n<p>Saludos y r\u00e1fagas.<\/p>\n<!-- AddThis Advanced Settings generic via filter on the_content --><!-- AddThis Share Buttons generic via filter on the_content -->","protected":false},"excerpt":{"rendered":"<p>El fin de semana del 15 y 16 de marzo, tendr\u00e1 lugar en Sevilla la \u201cXI marcha motorista en honor a las v\u00edctimas del terrorismo\u201d. En el propio cartel del evento figuran todos los clubes y asociaciones colaboradores y organizadores del evento. Dar\u00e1 comienzo a las 18:00h del s\u00e1bado, en el sal\u00f3n de actos del [&hellip;]<!-- AddThis Advanced Settings generic via filter on get_the_excerpt --><!-- AddThis Share Buttons generic via filter on get_the_excerpt --><\/p>\n","protected":false},"author":49,"featured_media":0,"comment_status":"open","ping_status":"closed","sticky":false,"template":"","format":"standard","meta":[],"categories":[9,13,1],"tags":[1600,1599,1603,622,1601,1602],"_links":{"self":[{"href":"https:\/\/blogs.hoy.es\/moterosdehoy\/wp-json\/wp\/v2\/posts\/3605"}],"collection":[{"href":"https:\/\/blogs.hoy.es\/moterosdehoy\/wp-json\/wp\/v2\/posts"}],"about":[{"href":"https:\/\/blogs.hoy.es\/moterosdehoy\/wp-json\/wp\/v2\/types\/post"}],"author":[{"embeddable":true,"href":"https:\/\/blogs.hoy.es\/moterosdehoy\/wp-json\/wp\/v2\/users\/49"}],"replies":[{"embeddable":true,"href":"https:\/\/blogs.hoy.es\/moterosdehoy\/wp-json\/wp\/v2\/comments?post=3605"}],"version-history":[{"count":1,"href":"https:\/\/blogs.hoy.es\/moterosdehoy\/wp-json\/wp\/v2\/posts\/3605\/revisions"}],"predecessor-version":[{"id":3607,"href":"https:\/\/blogs.hoy.es\/moterosdehoy\/wp-json\/wp\/v2\/posts\/3605\/revisions\/3607"}],"wp:attachment":[{"href":"https:\/\/blogs.hoy.es\/moterosdehoy\/wp-json\/wp\/v2\/media?parent=3605"}],"wp:term":[{"taxonomy":"category","embeddable":true,"href":"https:\/\/blogs.hoy.es\/moterosdehoy\/wp-json\/wp\/v2\/categories?post=3605"},{"taxonomy":"post_tag","embeddable":true,"href":"https:\/\/blogs.hoy.es\/moterosdehoy\/wp-json\/wp\/v2\/tags?post=3605"}],"curies":[{"name":"wp","href":"https:\/\/api.w.org\/{rel}","templated":true}]}}