{"id":3610,"date":"2025-04-11T17:22:39","date_gmt":"2025-04-11T17:22:39","guid":{"rendered":"https:\/\/blogs.hoy.es\/moterosdehoy\/?p=3610"},"modified":"2025-04-11T17:22:39","modified_gmt":"2025-04-11T17:22:39","slug":"tercer-aniversario-sons-of-birrafria","status":"publish","type":"post","link":"https:\/\/blogs.hoy.es\/moterosdehoy\/2025\/04\/11\/tercer-aniversario-sons-of-birrafria\/","title":{"rendered":"Tercer aniversario Sons of birrafr\u00eda"},"content":{"rendered":"<h3>Del 4 al 6 de abril ha tenido lugar en Montijo (Badajoz), el tercer aniversario de Sons of birrafr\u00eda. Ya estamos a una semana y a\u00fan las fotos y an\u00e9cdotas inundan las redes sociales.<\/h3>\n<p>Sons of birrafr\u00eda (SOBF), es un club de motos con ra\u00edces en Montijo, localidad que est\u00e1 claro que les ha tendido la mano y gracias a ello, y por supuesto, el trabajo de todo el club, cada a\u00f1o tienen un gran evento de aniversario en el que aparecen moteros de muchos puntos. Tanto clubes, como free raiders (moteros en solitario)<\/p>\n<p><a href=\"https:\/\/static-blogs.hoy.es\/wp-content\/uploads\/sites\/45\/2025\/04\/IMG_0025.jpeg\"><img loading=\"lazy\" class=\"alignleft size-medium wp-image-3613\" src=\"https:\/\/static-blogs.hoy.es\/wp-content\/uploads\/sites\/45\/2025\/04\/IMG_0025-300x140.jpeg\" alt=\"\" width=\"300\" height=\"140\" srcset=\"https:\/\/static-blogs.hoy.es\/wp-content\/uploads\/sites\/45\/2025\/04\/IMG_0025-300x140.jpeg 300w, https:\/\/static-blogs.hoy.es\/wp-content\/uploads\/sites\/45\/2025\/04\/IMG_0025-1024x478.jpeg 1024w, https:\/\/static-blogs.hoy.es\/wp-content\/uploads\/sites\/45\/2025\/04\/IMG_0025-768x358.jpeg 768w, https:\/\/static-blogs.hoy.es\/wp-content\/uploads\/sites\/45\/2025\/04\/IMG_0025.jpeg 1200w\" sizes=\"(max-width: 300px) 100vw, 300px\" \/><\/a>A pesar de la amenaza de lluvia y mal tiempo, tanto la nave de ferias como el recinto ferial se vio inundado pero no de agua, sino de motos y moteros.<\/p>\n<p>De la mano de JuanMa, su Presidente, y seguido de todos los pertenecientes al club, que se vuelcan el fin de semana en apoyar el evento. Desde fuera vemos que todo funciona y que va mucha gente, pero hay que llevar d\u00edas prepar\u00e1ndolo todo, y llegado el momento dar el 120 por 100, ya llegar\u00e1 el momento de descansar.<\/p>\n<p>En esta ocasi\u00f3n y por tercera vez consecutiva, miembros y socios de la asociaci\u00f3n \u201cMoteros de Hoy\u201d, hemos podido compartir su pasi\u00f3n por las motos, y por supuesto queremos dar las gracias por todo su trabajo.<\/p>\n<p>Saludos y r\u00e1fagas.<\/p>\n<!-- AddThis Advanced Settings generic via filter on the_content --><!-- AddThis Share Buttons generic via filter on the_content -->","protected":false},"excerpt":{"rendered":"<p>Del 4 al 6 de abril ha tenido lugar en Montijo (Badajoz), el tercer aniversario de Sons of birrafr\u00eda. Ya estamos a una semana y a\u00fan las fotos y an\u00e9cdotas inundan las redes sociales. Sons of birrafr\u00eda (SOBF), es un club de motos con ra\u00edces en Montijo, localidad que est\u00e1 claro que les ha tendido [&hellip;]<!-- AddThis Advanced Settings generic via filter on get_the_excerpt --><!-- AddThis Share Buttons generic via filter on get_the_excerpt --><\/p>\n","protected":false},"author":49,"featured_media":0,"comment_status":"open","ping_status":"closed","sticky":false,"template":"","format":"standard","meta":[],"categories":[9,13,1],"tags":[382,1171,1290,618,622,664,1511,1470],"_links":{"self":[{"href":"https:\/\/blogs.hoy.es\/moterosdehoy\/wp-json\/wp\/v2\/posts\/3610"}],"collection":[{"href":"https:\/\/blogs.hoy.es\/moterosdehoy\/wp-json\/wp\/v2\/posts"}],"about":[{"href":"https:\/\/blogs.hoy.es\/moterosdehoy\/wp-json\/wp\/v2\/types\/post"}],"author":[{"embeddable":true,"href":"https:\/\/blogs.hoy.es\/moterosdehoy\/wp-json\/wp\/v2\/users\/49"}],"replies":[{"embeddable":true,"href":"https:\/\/blogs.hoy.es\/moterosdehoy\/wp-json\/wp\/v2\/comments?post=3610"}],"version-history":[{"count":1,"href":"https:\/\/blogs.hoy.es\/moterosdehoy\/wp-json\/wp\/v2\/posts\/3610\/revisions"}],"predecessor-version":[{"id":3614,"href":"https:\/\/blogs.hoy.es\/moterosdehoy\/wp-json\/wp\/v2\/posts\/3610\/revisions\/3614"}],"wp:attachment":[{"href":"https:\/\/blogs.hoy.es\/moterosdehoy\/wp-json\/wp\/v2\/media?parent=3610"}],"wp:term":[{"taxonomy":"category","embeddable":true,"href":"https:\/\/blogs.hoy.es\/moterosdehoy\/wp-json\/wp\/v2\/categories?post=3610"},{"taxonomy":"post_tag","embeddable":true,"href":"https:\/\/blogs.hoy.es\/moterosdehoy\/wp-json\/wp\/v2\/tags?post=3610"}],"curies":[{"name":"wp","href":"https:\/\/api.w.org\/{rel}","templated":true}]}}