{"id":3630,"date":"2025-06-26T14:47:57","date_gmt":"2025-06-26T14:47:57","guid":{"rendered":"https:\/\/blogs.hoy.es\/moterosdehoy\/?p=3630"},"modified":"2025-06-26T14:47:57","modified_gmt":"2025-06-26T14:47:57","slug":"ix-festival-rolling-custom-rock","status":"publish","type":"post","link":"https:\/\/blogs.hoy.es\/moterosdehoy\/2025\/06\/26\/ix-festival-rolling-custom-rock\/","title":{"rendered":"IX Festival Rolling Custom Rock"},"content":{"rendered":"<h3><strong>El s\u00e1bado 12 de julio las motos y la m\u00fasica se unir\u00e1n en Plasencia (C\u00e1ceres)<\/strong><\/h3>\n<p><a href=\"https:\/\/static-blogs.hoy.es\/wp-content\/uploads\/sites\/45\/2025\/06\/IX-Festival-Rolling-Custom-Rock.jpg\"><img loading=\"lazy\" class=\"alignleft size-medium wp-image-3631\" src=\"https:\/\/static-blogs.hoy.es\/wp-content\/uploads\/sites\/45\/2025\/06\/IX-Festival-Rolling-Custom-Rock-212x300.jpg\" alt=\"\" width=\"212\" height=\"300\" srcset=\"https:\/\/static-blogs.hoy.es\/wp-content\/uploads\/sites\/45\/2025\/06\/IX-Festival-Rolling-Custom-Rock-212x300.jpg 212w, https:\/\/static-blogs.hoy.es\/wp-content\/uploads\/sites\/45\/2025\/06\/IX-Festival-Rolling-Custom-Rock-724x1024.jpg 724w, https:\/\/static-blogs.hoy.es\/wp-content\/uploads\/sites\/45\/2025\/06\/IX-Festival-Rolling-Custom-Rock-768x1086.jpg 768w, https:\/\/static-blogs.hoy.es\/wp-content\/uploads\/sites\/45\/2025\/06\/IX-Festival-Rolling-Custom-Rock.jpg 842w\" sizes=\"(max-width: 212px) 100vw, 212px\" \/><\/a>Estamos a las puertas del noveno festival \u201cRolling Custom Rock\u201d y, como en ediciones anteriores, de la mano del club motero <a href=\"https:\/\/www.facebook.com\/rollingcustomclub\" rel=\"external nofollow\">Rolling Custom Club<\/a>, de <a href=\"https:\/\/www.plasencia.es\/web\/\" rel=\"external nofollow\">Plasencia<\/a>.<\/p>\n<p>El festival comenzar\u00e1 con una ruta motera por la ma\u00f1ana, con parada obligada en la Plaza Mayor de Plasencia sobre el mediod\u00eda, para dar paso a los saludos y abrazos de obligado cumplimiento, solidaridad, amistad y unos refrigerios en los bares de la plaza\u2026 y, sobre las 13:30h, partir\u00e1n hacia su Sede, situada en el pol\u00edgono industrial, donde tendr\u00e1 lugar la comida con m\u00fasica, mucha m\u00fasica.<\/p>\n<p>Sobre las 18:00h, empezar\u00e1 la primera actuaci\u00f3n musical, que siguiendo encadenadas, dar\u00e1n lugar a una tarde\/noche muy sonora. Entre los grupos del cartel figuran Calibre 91, Peccata Nostra, El Cantante del Greco y Rockverendo Dj.<\/p>\n<p>Seguro que ser\u00e1 un gran festival en el que no faltar\u00e1 la solidaridad a favor de \u201cStop acoso escolar\u201d y \u201cELA Extremadura\u201d, a los que durante todo el a\u00f1o los tienen presentes en diversas actividades, y que, una vez m\u00e1s, figuran en carteler\u00eda para darles visibilidad.<\/p>\n<p>La entrada a los conciertos ser\u00e1 gratuita, pero si te quieres llevar un recuerdo, podr\u00e1s adquirir un pack motero en el que encontrar\u00e1s camiseta conmemorativa, pegatinas, ticket de comida y consumiciones, entre otros art\u00edculos. \u00bfTE LO VAS A PERDER?<\/p>\n<p>Saludos y r\u00e1fagas.<\/p>\n<!-- AddThis Advanced Settings generic via filter on the_content --><!-- AddThis Share Buttons generic via filter on the_content -->","protected":false},"excerpt":{"rendered":"<p>El s\u00e1bado 12 de julio las motos y la m\u00fasica se unir\u00e1n en Plasencia (C\u00e1ceres) Estamos a las puertas del noveno festival \u201cRolling Custom Rock\u201d y, como en ediciones anteriores, de la mano del club motero Rolling Custom Club, de Plasencia. El festival comenzar\u00e1 con una ruta motera por la ma\u00f1ana, con parada obligada en [&hellip;]<!-- AddThis Advanced Settings generic via filter on get_the_excerpt --><!-- AddThis Share Buttons generic via filter on get_the_excerpt --><\/p>\n","protected":false},"author":49,"featured_media":0,"comment_status":"open","ping_status":"closed","sticky":false,"template":"","format":"standard","meta":[],"categories":[9,13,1],"tags":[382,1608,622,664,1133,1609,1092],"_links":{"self":[{"href":"https:\/\/blogs.hoy.es\/moterosdehoy\/wp-json\/wp\/v2\/posts\/3630"}],"collection":[{"href":"https:\/\/blogs.hoy.es\/moterosdehoy\/wp-json\/wp\/v2\/posts"}],"about":[{"href":"https:\/\/blogs.hoy.es\/moterosdehoy\/wp-json\/wp\/v2\/types\/post"}],"author":[{"embeddable":true,"href":"https:\/\/blogs.hoy.es\/moterosdehoy\/wp-json\/wp\/v2\/users\/49"}],"replies":[{"embeddable":true,"href":"https:\/\/blogs.hoy.es\/moterosdehoy\/wp-json\/wp\/v2\/comments?post=3630"}],"version-history":[{"count":2,"href":"https:\/\/blogs.hoy.es\/moterosdehoy\/wp-json\/wp\/v2\/posts\/3630\/revisions"}],"predecessor-version":[{"id":3633,"href":"https:\/\/blogs.hoy.es\/moterosdehoy\/wp-json\/wp\/v2\/posts\/3630\/revisions\/3633"}],"wp:attachment":[{"href":"https:\/\/blogs.hoy.es\/moterosdehoy\/wp-json\/wp\/v2\/media?parent=3630"}],"wp:term":[{"taxonomy":"category","embeddable":true,"href":"https:\/\/blogs.hoy.es\/moterosdehoy\/wp-json\/wp\/v2\/categories?post=3630"},{"taxonomy":"post_tag","embeddable":true,"href":"https:\/\/blogs.hoy.es\/moterosdehoy\/wp-json\/wp\/v2\/tags?post=3630"}],"curies":[{"name":"wp","href":"https:\/\/api.w.org\/{rel}","templated":true}]}}