{"id":3660,"date":"2025-09-18T04:53:09","date_gmt":"2025-09-18T04:53:09","guid":{"rendered":"https:\/\/blogs.hoy.es\/moterosdehoy\/?p=3660"},"modified":"2025-09-18T04:53:09","modified_gmt":"2025-09-18T04:53:09","slug":"fatima-2025-donde-la-devocion-se-viste-de-cuero-y-gasolina","status":"publish","type":"post","link":"https:\/\/blogs.hoy.es\/moterosdehoy\/2025\/09\/18\/fatima-2025-donde-la-devocion-se-viste-de-cuero-y-gasolina\/","title":{"rendered":"F\u00e1tima 2025: donde la devoci\u00f3n se viste de cuero y gasolina"},"content":{"rendered":"<h3>X Bendici\u00f3n de Cascos en F\u00e1tima \u2013 2025.\u00a0<strong>Una d\u00e9cada de fe, motores y hermandad motera.<\/strong><\/h3>\n<p>Este domingo, miles de moteros volver\u00e1n a rugir rumbo al <a href=\"https:\/\/www.fatima.pt\/es\" rel=\"external nofollow\">Santuario de F\u00e1tima<\/a> para celebrar la d\u00e9cima edici\u00f3n de la Bendici\u00f3n de Cascos, un evento que ya forma parte del alma motera de la pen\u00ednsula ib\u00e9rica.<\/p>\n<p><a href=\"https:\/\/static-blogs.hoy.es\/wp-content\/uploads\/sites\/45\/2025\/09\/ABC-X-Fatima-2025.png\"><img loading=\"lazy\" class=\"alignleft size-medium wp-image-3662\" src=\"https:\/\/static-blogs.hoy.es\/wp-content\/uploads\/sites\/45\/2025\/09\/ABC-X-Fatima-2025-300x300.png\" alt=\"\" width=\"300\" height=\"300\" srcset=\"https:\/\/static-blogs.hoy.es\/wp-content\/uploads\/sites\/45\/2025\/09\/ABC-X-Fatima-2025-300x300.png 300w, https:\/\/static-blogs.hoy.es\/wp-content\/uploads\/sites\/45\/2025\/09\/ABC-X-Fatima-2025-150x150.png 150w, https:\/\/static-blogs.hoy.es\/wp-content\/uploads\/sites\/45\/2025\/09\/ABC-X-Fatima-2025.png 500w\" sizes=\"(max-width: 300px) 100vw, 300px\" \/><\/a>Aunque este a\u00f1o <a href=\"https:\/\/www.facebook.com\/moteroshoy\" rel=\"external nofollow\"><em>Moteros de Hoy<\/em><\/a> no participa en la organizaci\u00f3n, estaremos presentes como peregrinos, como hermanos de ruta, y como testigos de una tradici\u00f3n que nos emociona profundamente. Diez a\u00f1os de encuentros, de motores encendidos con fe, de cascos alzados al cielo en se\u00f1al de respeto, protecci\u00f3n y memoria.<\/p>\n<p>De nuevo o<span class=\"Y2IQFc\" lang=\"es\">rganizado por ABC &#8211; <a href=\"https:\/\/www.facebook.com\/bencaodoscapacetesoficial\" rel=\"external nofollow\">Associa\u00e7\u00e3o B\u00ean\u00e7\u00e3o dos Capacetes<\/a> (Asociaci\u00f3n Bendici\u00f3n de Cascos), l<\/span>a explanada del Santuario se prepara para recibir a miles de motos procedentes de todo Portugal, Espa\u00f1a, y m\u00e1s all\u00e1. En la edici\u00f3n del a\u00f1o pasado se rozaron los 200.000 asistentes. El ambiente, como siempre, promete ser de devoci\u00f3n, camarader\u00eda y pasi\u00f3n por las dos ruedas.<\/p>\n<p>Desde <em>Moteros de Hoy<\/em>, queremos felicitar a los organizadores por mantener viva esta cita durante una d\u00e9cada. Sabemos lo que implica coordinar un evento de esta magnitud, y reconocemos el esfuerzo y la dedicaci\u00f3n que hay detr\u00e1s.<\/p>\n<p>Tambi\u00e9n queremos lanzar un mensaje de responsabilidad: <strong>que cada casco bendecido sea tambi\u00e9n s\u00edmbolo de prudencia, respeto en la carretera y amor por la vida<\/strong>. Porque ser motero no es solo acelerar, es saber cu\u00e1ndo frenar. Los propios organizadores <span class=\"Y2IQFc\" lang=\"es\">incluyen una campa\u00f1a de concienciaci\u00f3n sobre conducci\u00f3n segura y un lema que prioriza la vida en la carretera: &#8220;\u00a1El cielo puede esperar&#8230; la vida no!&#8221;. En sus propias palabras al ser portugueses: &#8220;<em><strong>O C\u00e9u pode esperar&#8230; a vida n\u00e3o<\/strong><\/em>!&#8221;<\/span><\/p>\n<p>Nos vemos este domingo en F\u00e1tima. Que el camino sea seguro, que el coraz\u00f3n vaya lleno, y que el rugido de nuestras motos se escuche como una sola voz.<\/p>\n<p>\u00a1Que nunca falte el viento en la cara ni el motor encendido! Saludos y r\u00e1fagas.<\/p>\n<!-- AddThis Advanced Settings generic via filter on the_content --><!-- AddThis Share Buttons generic via filter on the_content -->","protected":false},"excerpt":{"rendered":"<p>X Bendici\u00f3n de Cascos en F\u00e1tima \u2013 2025.\u00a0Una d\u00e9cada de fe, motores y hermandad motera. Este domingo, miles de moteros volver\u00e1n a rugir rumbo al Santuario de F\u00e1tima para celebrar la d\u00e9cima edici\u00f3n de la Bendici\u00f3n de Cascos, un evento que ya forma parte del alma motera de la pen\u00ednsula ib\u00e9rica. Aunque este a\u00f1o Moteros [&hellip;]<!-- AddThis Advanced Settings generic via filter on get_the_excerpt --><!-- AddThis Share Buttons generic via filter on get_the_excerpt --><\/p>\n","protected":false},"author":49,"featured_media":0,"comment_status":"open","ping_status":"closed","sticky":false,"template":"","format":"standard","meta":[],"categories":[9,13,1],"tags":[1618,1617,1231,1586,622,1619,1585],"_links":{"self":[{"href":"https:\/\/blogs.hoy.es\/moterosdehoy\/wp-json\/wp\/v2\/posts\/3660"}],"collection":[{"href":"https:\/\/blogs.hoy.es\/moterosdehoy\/wp-json\/wp\/v2\/posts"}],"about":[{"href":"https:\/\/blogs.hoy.es\/moterosdehoy\/wp-json\/wp\/v2\/types\/post"}],"author":[{"embeddable":true,"href":"https:\/\/blogs.hoy.es\/moterosdehoy\/wp-json\/wp\/v2\/users\/49"}],"replies":[{"embeddable":true,"href":"https:\/\/blogs.hoy.es\/moterosdehoy\/wp-json\/wp\/v2\/comments?post=3660"}],"version-history":[{"count":4,"href":"https:\/\/blogs.hoy.es\/moterosdehoy\/wp-json\/wp\/v2\/posts\/3660\/revisions"}],"predecessor-version":[{"id":3665,"href":"https:\/\/blogs.hoy.es\/moterosdehoy\/wp-json\/wp\/v2\/posts\/3660\/revisions\/3665"}],"wp:attachment":[{"href":"https:\/\/blogs.hoy.es\/moterosdehoy\/wp-json\/wp\/v2\/media?parent=3660"}],"wp:term":[{"taxonomy":"category","embeddable":true,"href":"https:\/\/blogs.hoy.es\/moterosdehoy\/wp-json\/wp\/v2\/categories?post=3660"},{"taxonomy":"post_tag","embeddable":true,"href":"https:\/\/blogs.hoy.es\/moterosdehoy\/wp-json\/wp\/v2\/tags?post=3660"}],"curies":[{"name":"wp","href":"https:\/\/api.w.org\/{rel}","templated":true}]}}