{"id":3675,"date":"2025-10-01T20:25:43","date_gmt":"2025-10-01T20:25:43","guid":{"rendered":"https:\/\/blogs.hoy.es\/moterosdehoy\/?p=3675"},"modified":"2025-10-01T20:25:43","modified_gmt":"2025-10-01T20:25:43","slug":"v-ruta-motera-pub-refugio-en-badajoz-motores-curvas-y-rock-roll","status":"publish","type":"post","link":"https:\/\/blogs.hoy.es\/moterosdehoy\/2025\/10\/01\/v-ruta-motera-pub-refugio-en-badajoz-motores-curvas-y-rock-roll\/","title":{"rendered":"V Ruta Motera Pub Refugio en Badajoz: Motores, Curvas y Rock &#038; Roll"},"content":{"rendered":"<p>Este s\u00e1bado 4 de octubre, los motores se encienden para una jornada inolvidable sobre dos ruedas. Nuestro querido <a href=\"https:\/\/www.facebook.com\/profile.php?id=100063612750965\" rel=\"external nofollow\">Pub Refugio de Badajoz<\/a>, nos organiza su <strong>V Ruta Motera<\/strong>, un evento que combina pasi\u00f3n por las motos, paisajes espectaculares, buena compa\u00f1\u00eda, y por supuesto buena m\u00fasica.<\/p>\n<p><a href=\"https:\/\/static-blogs.hoy.es\/wp-content\/uploads\/sites\/45\/2025\/10\/2025-Pub-Refugio.jpg\"><img loading=\"lazy\" class=\"alignleft size-medium wp-image-3676\" src=\"https:\/\/static-blogs.hoy.es\/wp-content\/uploads\/sites\/45\/2025\/10\/2025-Pub-Refugio-214x300.jpg\" alt=\"\" width=\"214\" height=\"300\" srcset=\"https:\/\/static-blogs.hoy.es\/wp-content\/uploads\/sites\/45\/2025\/10\/2025-Pub-Refugio-214x300.jpg 214w, https:\/\/static-blogs.hoy.es\/wp-content\/uploads\/sites\/45\/2025\/10\/2025-Pub-Refugio.jpg 456w\" sizes=\"(max-width: 214px) 100vw, 214px\" \/><\/a>El p<strong>unto<\/strong> <strong>de encuentro ser\u00e1 desde las 10:00 horas en<\/strong> \u201c<a href=\"https:\/\/www.facebook.com\/mesonelchozo\" rel=\"external nofollow\">Mes\u00f3n El Chozo Extreme\u00f1o<\/a>\u201d, para iniciar una ruta motera a las 10:45 h, que tras realizar una parada en Higuera de Vargas tendr\u00e1 su final en el Pub Refugio, C\/. Rafael Lucenqui, n\u00fam 9, Badajoz, sobre las 13:45 h, con picoteo, sorteos y un ambiente motero cargado de buena m\u00fasica.<\/p>\n<p><strong>Aunque las puertas del Pub Refugio estar\u00e1n abiertas, el evento tendr\u00e1 una inscripci\u00f3n de<\/strong> 10 \u20ac con la que consigues una chapa conmemorativa, una consumici\u00f3n en el Pub Refugio y aperitivos variados, sin olvidar sorteos y regalos.<\/p>\n<p>Recuerda, lo importante es disfrutar la carretera sin complicaciones, para ello respeta las normas de circulaci\u00f3n y asiste tanto con la moto en perfectas condiciones como la documentaci\u00f3n en regla.<\/p>\n<p>Para poder realizar el evento han colaborado <a href=\"https:\/\/www.facebook.com\/AsistenciaGrafica\" rel=\"external nofollow\">Asistencia Gr\u00e1fica<\/a>, Carballo, Conquistamoto, El Chozo Extreme\u00f1o e Insorfotdesign.<\/p>\n<p>\u00bfTe lo vas a perder? \u00a1La carretera te espera, el rock suena fuerte y el Refugio te recibe con los brazos abiertos!<\/p>\n<p>Saludos y r\u00e1fagas.<\/p>\n<!-- AddThis Advanced Settings generic via filter on the_content --><!-- AddThis Share Buttons generic via filter on the_content -->","protected":false},"excerpt":{"rendered":"<p>Este s\u00e1bado 4 de octubre, los motores se encienden para una jornada inolvidable sobre dos ruedas. Nuestro querido Pub Refugio de Badajoz, nos organiza su V Ruta Motera, un evento que combina pasi\u00f3n por las motos, paisajes espectaculares, buena compa\u00f1\u00eda, y por supuesto buena m\u00fasica. El punto de encuentro ser\u00e1 desde las 10:00 horas en [&hellip;]<!-- AddThis Advanced Settings generic via filter on get_the_excerpt --><!-- AddThis Share Buttons generic via filter on get_the_excerpt --><\/p>\n","protected":false},"author":49,"featured_media":0,"comment_status":"open","ping_status":"closed","sticky":false,"template":"","format":"standard","meta":[],"categories":[9,13,1],"tags":[87,622,1630,805,1293,1241],"_links":{"self":[{"href":"https:\/\/blogs.hoy.es\/moterosdehoy\/wp-json\/wp\/v2\/posts\/3675"}],"collection":[{"href":"https:\/\/blogs.hoy.es\/moterosdehoy\/wp-json\/wp\/v2\/posts"}],"about":[{"href":"https:\/\/blogs.hoy.es\/moterosdehoy\/wp-json\/wp\/v2\/types\/post"}],"author":[{"embeddable":true,"href":"https:\/\/blogs.hoy.es\/moterosdehoy\/wp-json\/wp\/v2\/users\/49"}],"replies":[{"embeddable":true,"href":"https:\/\/blogs.hoy.es\/moterosdehoy\/wp-json\/wp\/v2\/comments?post=3675"}],"version-history":[{"count":1,"href":"https:\/\/blogs.hoy.es\/moterosdehoy\/wp-json\/wp\/v2\/posts\/3675\/revisions"}],"predecessor-version":[{"id":3677,"href":"https:\/\/blogs.hoy.es\/moterosdehoy\/wp-json\/wp\/v2\/posts\/3675\/revisions\/3677"}],"wp:attachment":[{"href":"https:\/\/blogs.hoy.es\/moterosdehoy\/wp-json\/wp\/v2\/media?parent=3675"}],"wp:term":[{"taxonomy":"category","embeddable":true,"href":"https:\/\/blogs.hoy.es\/moterosdehoy\/wp-json\/wp\/v2\/categories?post=3675"},{"taxonomy":"post_tag","embeddable":true,"href":"https:\/\/blogs.hoy.es\/moterosdehoy\/wp-json\/wp\/v2\/tags?post=3675"}],"curies":[{"name":"wp","href":"https:\/\/api.w.org\/{rel}","templated":true}]}}