{"id":3681,"date":"2025-10-08T04:57:17","date_gmt":"2025-10-08T04:57:17","guid":{"rendered":"https:\/\/blogs.hoy.es\/moterosdehoy\/?p=3681"},"modified":"2025-10-08T04:57:17","modified_gmt":"2025-10-08T04:57:17","slug":"sabor-y-motor-badajoz-se-llena-de-food-trucks-y-motos","status":"publish","type":"post","link":"https:\/\/blogs.hoy.es\/moterosdehoy\/2025\/10\/08\/sabor-y-motor-badajoz-se-llena-de-food-trucks-y-motos\/","title":{"rendered":"Sabor y motor: Badajoz se llena de Food Trucks y motos"},"content":{"rendered":"<h3>Desde las 18 horas del viernes 10, a las 23h del lunes 13 de octubre tendremos el \u201cCallejeando Food Fest\u201d en Badajoz, y nuevamente el cierre estar\u00e1 marcado con una concentraci\u00f3n de motos.<\/h3>\n<p>Callejeando Food Fest celebrar\u00e1 el pr\u00f3ximo fin de semana en Badajoz su s\u00e9ptima edici\u00f3n, con varios d\u00edas de actuaciones musicales, danza, juegos, y diversas actividades en el Auditorio Municipal Ricardo Carapeto, como no pod\u00eda ser de otra forma, rodeado de veh\u00edculos\u00a0Food Truck, cada uno de ellos especializado en un tipo de comida, hamburguesas, fajitas, perritos, paninis\u2026 con propuestas que van desde lo regional hasta lo internacional, por lo que tendr\u00e1 una gran oferta gastron\u00f3mica que adem\u00e1s tiene entrada libre.<\/p>\n<p><a href=\"https:\/\/static-blogs.hoy.es\/wp-content\/uploads\/sites\/45\/2025\/10\/2025-Food-Fest-ruta_motos-MDH.jpg\"><img loading=\"lazy\" class=\"alignleft size-medium wp-image-3682\" src=\"https:\/\/static-blogs.hoy.es\/wp-content\/uploads\/sites\/45\/2025\/10\/2025-Food-Fest-ruta_motos-MDH-240x300.jpg\" alt=\"\" width=\"240\" height=\"300\" srcset=\"https:\/\/static-blogs.hoy.es\/wp-content\/uploads\/sites\/45\/2025\/10\/2025-Food-Fest-ruta_motos-MDH-240x300.jpg 240w, https:\/\/static-blogs.hoy.es\/wp-content\/uploads\/sites\/45\/2025\/10\/2025-Food-Fest-ruta_motos-MDH.jpg 256w\" sizes=\"(max-width: 240px) 100vw, 240px\" \/><\/a>Para el \u00faltimo d\u00eda del evento, <strong>lunes 13 de octubre,<\/strong> y como en ediciones anteriores, habr\u00e1 ruta motera que finalizar\u00e1 en el Auditorio Municipal, y as\u00ed, poder disfrutar del Callejando Food Fest.<\/p>\n<p><strong>El evento motero comenzar\u00e1 el lunes a las 10:00h en el Mes\u00f3n \u201cEl Chozo Extreme\u00f1o\u201d, situado en la Calle V Centenario, 2, 06007, Badajoz<\/strong>. All\u00ed estar\u00e1n disponibles unas inscripciones de dos euros, con las que se acceder\u00e1 a descuentos y sorteos en el recinto del Auditorio Ricardo Carapeto.<\/p>\n<p>RUTA SALIDA DE BADAJOZ A <a href=\"https:\/\/villardelrey.es\/\" rel=\"external nofollow\">VILLAR DEL REY<\/a>:<\/p>\n<ul>\n<li>Hora de inicio de ruta 11:00h.<\/li>\n<li>Duraci\u00f3n unos 55 minutos, dependiendo del tr\u00e1fico.<\/li>\n<li>Trayecto de 60 kil\u00f3metros.<\/li>\n<\/ul>\n<p>RUTA REGRESO DE VILLAR DEL REY A BADAJOZ:<\/p>\n<ul>\n<li>Hora de inicio de ruta 13:10h.<\/li>\n<li>Duraci\u00f3n unos 30 minutos, dependiendo del tr\u00e1fico.<\/li>\n<li>Trayecto de 33 kil\u00f3metros.<\/li>\n<li>Llegada al Auditorio Ricardo Carapeto sobre las 13:40h<\/li>\n<\/ul>\n<p>A las 13:50h, la \u201c<a href=\"https:\/\/www.facebook.com\/moteroshoy\" rel=\"external nofollow\">Asociaci\u00f3n Moteros de Hoy<\/a>\u201d dar\u00e1 la bienvenida a los moteros y resto de asistentes al recinto, se realizar\u00e1n actividades y sorteos sobre el escenario, todo ello amenizado con m\u00fasica y rodeado de la comida de los Food Trucks.<\/p>\n<p>Frente a la entrada al Auditorio Ricardo Carapeto se instalar\u00e1 un peque\u00f1o stand, con venta de art\u00edculos de la Asociaci\u00f3n Moteros de Hoy, adem\u00e1s de parches y pegatinas para dar visibilidad a\u00a0<a href=\"https:\/\/elaextremadura.org\/\" rel=\"external nofollow\">ELA Extremadura<\/a>. Varios grupos moteros se han unido a esta causa solidaria, demostrando que la pasi\u00f3n por las motos tambi\u00e9n puede mover corazones.<\/p>\n<p>Saludos y r\u00e1fagas.<\/p>\n<!-- AddThis Advanced Settings generic via filter on the_content --><!-- AddThis Share Buttons generic via filter on the_content -->","protected":false},"excerpt":{"rendered":"<p>Desde las 18 horas del viernes 10, a las 23h del lunes 13 de octubre tendremos el \u201cCallejeando Food Fest\u201d en Badajoz, y nuevamente el cierre estar\u00e1 marcado con una concentraci\u00f3n de motos. Callejeando Food Fest celebrar\u00e1 el pr\u00f3ximo fin de semana en Badajoz su s\u00e9ptima edici\u00f3n, con varios d\u00edas de actuaciones musicales, danza, juegos, [&hellip;]<!-- AddThis Advanced Settings generic via filter on get_the_excerpt --><!-- AddThis Share Buttons generic via filter on get_the_excerpt --><\/p>\n","protected":false},"author":49,"featured_media":0,"comment_status":"open","ping_status":"closed","sticky":false,"template":"","format":"standard","meta":[],"categories":[9,13,1],"tags":[82,1382,87,1632,1631,622,664,847],"_links":{"self":[{"href":"https:\/\/blogs.hoy.es\/moterosdehoy\/wp-json\/wp\/v2\/posts\/3681"}],"collection":[{"href":"https:\/\/blogs.hoy.es\/moterosdehoy\/wp-json\/wp\/v2\/posts"}],"about":[{"href":"https:\/\/blogs.hoy.es\/moterosdehoy\/wp-json\/wp\/v2\/types\/post"}],"author":[{"embeddable":true,"href":"https:\/\/blogs.hoy.es\/moterosdehoy\/wp-json\/wp\/v2\/users\/49"}],"replies":[{"embeddable":true,"href":"https:\/\/blogs.hoy.es\/moterosdehoy\/wp-json\/wp\/v2\/comments?post=3681"}],"version-history":[{"count":1,"href":"https:\/\/blogs.hoy.es\/moterosdehoy\/wp-json\/wp\/v2\/posts\/3681\/revisions"}],"predecessor-version":[{"id":3683,"href":"https:\/\/blogs.hoy.es\/moterosdehoy\/wp-json\/wp\/v2\/posts\/3681\/revisions\/3683"}],"wp:attachment":[{"href":"https:\/\/blogs.hoy.es\/moterosdehoy\/wp-json\/wp\/v2\/media?parent=3681"}],"wp:term":[{"taxonomy":"category","embeddable":true,"href":"https:\/\/blogs.hoy.es\/moterosdehoy\/wp-json\/wp\/v2\/categories?post=3681"},{"taxonomy":"post_tag","embeddable":true,"href":"https:\/\/blogs.hoy.es\/moterosdehoy\/wp-json\/wp\/v2\/tags?post=3681"}],"curies":[{"name":"wp","href":"https:\/\/api.w.org\/{rel}","templated":true}]}}