{"id":3692,"date":"2025-12-09T18:01:27","date_gmt":"2025-12-09T18:01:27","guid":{"rendered":"https:\/\/blogs.hoy.es\/moterosdehoy\/?p=3692"},"modified":"2025-12-09T18:04:33","modified_gmt":"2025-12-09T18:04:33","slug":"ruta-de-las-luces-2025-elvas-badajoz","status":"publish","type":"post","link":"https:\/\/blogs.hoy.es\/moterosdehoy\/2025\/12\/09\/ruta-de-las-luces-2025-elvas-badajoz\/","title":{"rendered":"Ruta de las Luces 2025 \u2013 Elvas &#038; Badajoz"},"content":{"rendered":"<p>La Navidad ya ilumina nuestras calles y este a\u00f1o, el s\u00e1bado d\u00eda 13 de diciembre, volvemos a unir motores, amistad y esp\u00edritu festivo en una ruta muy especial. <em>Moteros de Hoy<\/em> recorrer\u00e1 <strong>Elvas (Portugal)<\/strong> y <strong>Badajoz (Espa\u00f1a)<\/strong> para disfrutar de sus luces, belenes y ambiente navide\u00f1o. Una cita que une dos pa\u00edses, una sola pasi\u00f3n: \u00a1las dos ruedas!<\/p>\n<p>En el caso de Espa\u00f1a seguro que se unir\u00e1n m\u00e1s clubes moteros o lobos solitarios amantes de las dos ruedas. En Portugal participan en la organizaci\u00f3n junto a Moteros de Hoy, Punishers LE\/MC Portugal y VRA Portugal, adem\u00e1s del propio Ayuntamiento de la ciudad, por medio de D. Cl\u00e1udio Monteiro.<\/p>\n<div id=\"attachment_3693\" style=\"width: 222px\" class=\"wp-caption alignleft\"><a href=\"https:\/\/static-blogs.hoy.es\/wp-content\/uploads\/sites\/45\/2025\/12\/2025-Ruta-de-las-luces-espanol-scaled.jpg\"><img aria-describedby=\"caption-attachment-3693\" loading=\"lazy\" class=\"size-medium wp-image-3693\" src=\"https:\/\/static-blogs.hoy.es\/wp-content\/uploads\/sites\/45\/2025\/12\/2025-Ruta-de-las-luces-espanol-212x300.jpg\" alt=\"\" width=\"212\" height=\"300\" srcset=\"https:\/\/static-blogs.hoy.es\/wp-content\/uploads\/sites\/45\/2025\/12\/2025-Ruta-de-las-luces-espanol-212x300.jpg 212w, https:\/\/static-blogs.hoy.es\/wp-content\/uploads\/sites\/45\/2025\/12\/2025-Ruta-de-las-luces-espanol-724x1024.jpg 724w, https:\/\/static-blogs.hoy.es\/wp-content\/uploads\/sites\/45\/2025\/12\/2025-Ruta-de-las-luces-espanol-768x1086.jpg 768w, https:\/\/static-blogs.hoy.es\/wp-content\/uploads\/sites\/45\/2025\/12\/2025-Ruta-de-las-luces-espanol-1086x1536.jpg 1086w, https:\/\/static-blogs.hoy.es\/wp-content\/uploads\/sites\/45\/2025\/12\/2025-Ruta-de-las-luces-espanol-1448x2048.jpg 1448w, https:\/\/static-blogs.hoy.es\/wp-content\/uploads\/sites\/45\/2025\/12\/2025-Ruta-de-las-luces-espanol-scaled.jpg 1810w\" sizes=\"(max-width: 212px) 100vw, 212px\" \/><\/a><p id=\"caption-attachment-3693\" class=\"wp-caption-text\">Cartel con horarios de Espa\u00f1a<\/p><\/div>\n<h3>Programa<\/h3>\n<ul>\n<li><strong>17:00h<\/strong> \u2013 Punto de encuentro en Club House MDH, Trasera Vigilio Viniegras, 7, 06009. En el pol\u00edgono Centrowagen (Badajoz).<\/li>\n<li><strong>17:30h<\/strong> \u2013 Salida hacia Elvas, donde nos esperan grupos motard portugueses para recorrer juntos su ciudad.<\/li>\n<li><strong>18:00h \u2013 20:00h<\/strong> \u2013 Paseo por la Pla\u00e7a de la Rep\u00fablica y alrededores.<\/li>\n<li><strong>20:00h<\/strong> \u2013 Convivencia y tapeo con nuestros hermanos lusos.<\/li>\n<li><strong>21:00h<\/strong> \u2013 Regreso a Badajoz. Ruta por la ciudad con parada en la <strong>Plaza de Espa\u00f1a<\/strong> para la foto de grupo junto al \u00e1rbol.<\/li>\n<li><strong>22:00h<\/strong> \u2013 Final en la <strong>Plaza de San At\u00f3n<\/strong> y visita al <strong>Paseo de San Francisco<\/strong>: puestos navide\u00f1os, chocolate caliente, churros y casta\u00f1as asadas.<\/li>\n<\/ul>\n<p><em>(El recorrido puede variar, pero el punto de encuentro a las 17:00h se mantiene.)<\/em><\/p>\n<h3>Esp\u00edritu EuroBEC<\/h3>\n<div id=\"attachment_3694\" style=\"width: 222px\" class=\"wp-caption alignright\"><a href=\"https:\/\/static-blogs.hoy.es\/wp-content\/uploads\/sites\/45\/2025\/12\/2025-Ruta-de-las-luces-portugues-scaled.jpg\"><img aria-describedby=\"caption-attachment-3694\" loading=\"lazy\" class=\"size-medium wp-image-3694\" src=\"https:\/\/static-blogs.hoy.es\/wp-content\/uploads\/sites\/45\/2025\/12\/2025-Ruta-de-las-luces-portugues-212x300.jpg\" alt=\"\" width=\"212\" height=\"300\" srcset=\"https:\/\/static-blogs.hoy.es\/wp-content\/uploads\/sites\/45\/2025\/12\/2025-Ruta-de-las-luces-portugues-212x300.jpg 212w, https:\/\/static-blogs.hoy.es\/wp-content\/uploads\/sites\/45\/2025\/12\/2025-Ruta-de-las-luces-portugues-724x1024.jpg 724w, https:\/\/static-blogs.hoy.es\/wp-content\/uploads\/sites\/45\/2025\/12\/2025-Ruta-de-las-luces-portugues-768x1086.jpg 768w, https:\/\/static-blogs.hoy.es\/wp-content\/uploads\/sites\/45\/2025\/12\/2025-Ruta-de-las-luces-portugues-1086x1536.jpg 1086w, https:\/\/static-blogs.hoy.es\/wp-content\/uploads\/sites\/45\/2025\/12\/2025-Ruta-de-las-luces-portugues-1448x2048.jpg 1448w, https:\/\/static-blogs.hoy.es\/wp-content\/uploads\/sites\/45\/2025\/12\/2025-Ruta-de-las-luces-portugues-scaled.jpg 1810w\" sizes=\"(max-width: 212px) 100vw, 212px\" \/><\/a><p id=\"caption-attachment-3694\" class=\"wp-caption-text\">Cartaz em portugu\u00eas<\/p><\/div>\n<p>Este evento forma parte de nuestro compromiso con la <strong>Eurociudad Badajoz-Elvas-Campo Maior (EUROBEC)<\/strong>, reforzando la uni\u00f3n cultural y motera entre Espa\u00f1a y Portugal.<\/p>\n<h3>Detalle motero<\/h3>\n<p>No olvides tu gorro de Pap\u00e1 Noel: con un poco de cinta adhesiva sobre el casco, \u00a1la ruta se llena de color y sonrisas!<\/p>\n<p>Ser\u00e1 una noche de luces, m\u00fasica y hermandad. Porque m\u00e1s all\u00e1 de fronteras, somos hermanos en la carretera.<\/p>\n<p>Saludos y r\u00e1fagas.<\/p>\n<!-- AddThis Advanced Settings generic via filter on the_content --><!-- AddThis Share Buttons generic via filter on the_content -->","protected":false},"excerpt":{"rendered":"<p>La Navidad ya ilumina nuestras calles y este a\u00f1o, el s\u00e1bado d\u00eda 13 de diciembre, volvemos a unir motores, amistad y esp\u00edritu festivo en una ruta muy especial. Moteros de Hoy recorrer\u00e1 Elvas (Portugal) y Badajoz (Espa\u00f1a) para disfrutar de sus luces, belenes y ambiente navide\u00f1o. Una cita que une dos pa\u00edses, una sola pasi\u00f3n: [&hellip;]<!-- AddThis Advanced Settings generic via filter on get_the_excerpt --><!-- AddThis Share Buttons generic via filter on get_the_excerpt --><\/p>\n","protected":false},"author":49,"featured_media":0,"comment_status":"open","ping_status":"closed","sticky":false,"template":"","format":"standard","meta":[],"categories":[9,13,1],"tags":[87,1540,1633,622,1634,1261],"_links":{"self":[{"href":"https:\/\/blogs.hoy.es\/moterosdehoy\/wp-json\/wp\/v2\/posts\/3692"}],"collection":[{"href":"https:\/\/blogs.hoy.es\/moterosdehoy\/wp-json\/wp\/v2\/posts"}],"about":[{"href":"https:\/\/blogs.hoy.es\/moterosdehoy\/wp-json\/wp\/v2\/types\/post"}],"author":[{"embeddable":true,"href":"https:\/\/blogs.hoy.es\/moterosdehoy\/wp-json\/wp\/v2\/users\/49"}],"replies":[{"embeddable":true,"href":"https:\/\/blogs.hoy.es\/moterosdehoy\/wp-json\/wp\/v2\/comments?post=3692"}],"version-history":[{"count":2,"href":"https:\/\/blogs.hoy.es\/moterosdehoy\/wp-json\/wp\/v2\/posts\/3692\/revisions"}],"predecessor-version":[{"id":3696,"href":"https:\/\/blogs.hoy.es\/moterosdehoy\/wp-json\/wp\/v2\/posts\/3692\/revisions\/3696"}],"wp:attachment":[{"href":"https:\/\/blogs.hoy.es\/moterosdehoy\/wp-json\/wp\/v2\/media?parent=3692"}],"wp:term":[{"taxonomy":"category","embeddable":true,"href":"https:\/\/blogs.hoy.es\/moterosdehoy\/wp-json\/wp\/v2\/categories?post=3692"},{"taxonomy":"post_tag","embeddable":true,"href":"https:\/\/blogs.hoy.es\/moterosdehoy\/wp-json\/wp\/v2\/tags?post=3692"}],"curies":[{"name":"wp","href":"https:\/\/api.w.org\/{rel}","templated":true}]}}