{"id":370,"date":"2012-09-15T21:19:54","date_gmt":"2012-09-15T21:19:54","guid":{"rendered":"http:\/\/blogs.hoy.es\/moterosdehoy\/?p=370"},"modified":"2012-09-15T21:19:54","modified_gmt":"2012-09-15T21:19:54","slug":"ii-reunion-motera-en-navalvillar-de-pela-badajoz","status":"publish","type":"post","link":"https:\/\/blogs.hoy.es\/moterosdehoy\/2012\/09\/15\/ii-reunion-motera-en-navalvillar-de-pela-badajoz\/","title":{"rendered":"II Reuni\u00f3n motera en Navalvillar de Pela (Badajoz)"},"content":{"rendered":"<p style=\"text-align: justify;\"><span style=\"color: #000000;\">\u00a0 \u00a0 El pr\u00f3ximo d\u00eda 30 de septiembre 2012, el<\/span> <a title=\"Motoclub El Pist\u00f3n Bellotero\" href=\"http:\/\/elpistonbellotero.es\/\" target=\"_blank\" rel=\"external nofollow\">Motoclub &#8220;El Pist\u00f3n Bellotero&#8221;<\/a> <span style=\"color: #000000;\">de<\/span> <a title=\"Navalvillar de Pela\" href=\"http:\/\/www.navalvillardepela.es\/\" target=\"_blank\" rel=\"external nofollow\">Navalvillar de Pela<\/a> <span style=\"color: #000000;\">(Badajoz), tras el \u00e9xito obtenido el a\u00f1o pasado celebrar\u00e1\u00a0su II Reuni\u00f3n Motera.<\/span><\/p>\n<div id=\"attachment_371\" style=\"width: 310px\" class=\"wp-caption alignright\"><a href=\"\/moterosdehoy\/wp-content\/uploads\/sites\/45\/2012\/09\/El-Pist\u00f3n-Bellotero.jpg\"><img aria-describedby=\"caption-attachment-371\" loading=\"lazy\" class=\"size-medium wp-image-371\" title=\"El Pist\u00f3n Bellotero\" src=\"\/moterosdehoy\/wp-content\/uploads\/sites\/45\/2012\/09\/El-Pist\u00f3n-Bellotero.jpg\" alt=\"\" width=\"300\" height=\"170\" srcset=\"https:\/\/static-blogs.hoy.es\/wp-content\/uploads\/sites\/45\/2012\/09\/El-Pist\u00f3n-Bellotero.jpg 330w, https:\/\/static-blogs.hoy.es\/wp-content\/uploads\/sites\/45\/2012\/09\/El-Pist\u00f3n-Bellotero-300x171.jpg 300w\" sizes=\"(max-width: 300px) 100vw, 300px\" \/><\/a><p id=\"caption-attachment-371\" class=\"wp-caption-text\">Motoclub El Pist\u00f3n Bellotero<\/p><\/div>\n<p style=\"text-align: justify;\">\u00a0<span style=\"color: #000000;\"> \u00a0El importe de la <strong>inscripci\u00f3n<\/strong> es de <strong>11 \u20ac<\/strong>, e incluye: bolsa de bienvenida (150 primeros inscritos), desayuno, pasacalles, ruta tur\u00edstica por los alrededores, consumiciones en la ruta, almuerzo en restaurante, trofeos y regalos.<\/span><\/p>\n<p style=\"text-align: justify;\" align=\"justify\"><span style=\"color: #000000;\"><strong>\u00a0 \u00a0<\/strong><span style=\"text-decoration: underline;\"><strong> Programa:<\/strong><\/span><\/span><\/p>\n<p style=\"text-align: justify;\" align=\"justify\"><span style=\"color: #000000;\"><strong>\u00a0 \u00a0 9:00-11:00 h:<\/strong>\u00a0apertura de inscripciones y desayuno, en el Bar 101.<\/span><\/p>\n<p style=\"text-align: justify;\" align=\"justify\"><span style=\"color: #000000;\"><strong>\u00a0 \u00a0 11:15 h:<\/strong>\u00a0pasacalles por la parte antigua de Navalvillar de Pela.<\/span><\/p>\n<p style=\"text-align: justify;\" align=\"justify\"><span style=\"color: #000000;\"><strong>\u00a0 \u00a0 11:30 h:<\/strong>\u00a0ruta direcci\u00f3n a Puerto Pe\u00f1a (N430), lugar en que habr\u00e1 el <strong>primer aperitivo<\/strong>. Despu\u00e9s, se bordear\u00e1 el embalse de Garc\u00eda de Sola, hacia Valdecaballeros (EX316), hasta el cruce con la carretera de Guadalupe (EX116), para tomar direcci\u00f3n Sur hasta llegar a Obando, donde ser\u00e1 el<strong> segundo aperitivo<\/strong>, en el Bar Mar\u00eda. Desde all\u00ed, se continuar\u00e1 hasta el cruce con la N430, para terminar en Navalvillar de Pela. En total, unos 100 km.<\/span><\/p>\n<p style=\"text-align: justify;\" align=\"justify\"><span style=\"color: #000000;\"><strong>\u00a0 \u00a0 14:15 h:<\/strong>\u00a0almuerzo en el<\/span> <a title=\"Restaurante Acorde\u00f3n\" href=\"http:\/\/hayrestaurantes.com\/acordeon\/navalvillar-de-pela\/id22260\" target=\"_blank\" rel=\"external nofollow\">Restaurante Acorde\u00f3n<\/a>.<\/p>\n<p style=\"text-align: justify;\" align=\"justify\">\u00a0<span style=\"color: #000000;\"> \u00a0 Al terminar la comida, se entregar\u00e1n los trofeos, que este a\u00f1o son para:<\/span><\/p>\n<ul style=\"text-align: justify;\">\n<li><span style=\"color: #000000;\">El primer inscrito\/a.<\/span><\/li>\n<li><span style=\"color: #000000;\">La moto inscrita m\u00e1s antigua.<\/span><\/li>\n<li><span style=\"color: #000000;\">La moto inscrita m\u00e1s nueva.<\/span><\/li>\n<li><span style=\"color: #000000;\">El motero\/a inscrito de mayor edad.<\/span><\/li>\n<li><span style=\"color: #000000;\">El motero\/a inscrito de menor edad.<\/span><\/li>\n<\/ul>\n<p style=\"text-align: justify;\" align=\"justify\"><span style=\"color: #000000;\">\u00a0 \u00a0 A continuaci\u00f3n, se sortear\u00e1n numerosos regalos, donados por los establecimientos colaboradores y el propio Motoclub. Para ello, es necesario conservar la matriz de la inscripci\u00f3n, que contiene el n\u00famero de concurso.<\/span><\/p>\n<p style=\"text-align: justify;\" align=\"justify\"><span style=\"color: #000000;\"><strong>\u00a0 \u00a0 16:30 h:<\/strong>\u00a0despedida y cierre de la II Reuni\u00f3n Motera.<\/span><\/p>\n<p style=\"text-align: justify;\" align=\"justify\"><span style=\"color: #000000;\">\u00a0 \u00a0 Si quieres saber m\u00e1s o ponerte en contacto con la organizaci\u00f3n haz<\/span> <a title=\"Contacto con Motoclub El Pist\u00f3n Bellotero\" href=\"http:\/\/elpistonbellotero.es\/7.html\" target=\"_blank\" rel=\"external nofollow\">click aqu\u00ed<\/a>.<\/p>\n<p style=\"text-align: justify;\" align=\"justify\"><span style=\"color: #000000;\"><strong>\u00a0 \u00a0 Saludos y r\u00e1fagas.<\/strong><\/span><\/p>\n<p align=\"justify\"><span style=\"color: #000000;\"><br \/>\n<\/span><\/p>\n<!-- AddThis Advanced Settings generic via filter on the_content --><!-- AddThis Share Buttons generic via filter on the_content -->","protected":false},"excerpt":{"rendered":"<p>\u00a0 \u00a0 El pr\u00f3ximo d\u00eda 30 de septiembre 2012, el Motoclub &#8220;El Pist\u00f3n Bellotero&#8221; de Navalvillar de Pela (Badajoz), tras el \u00e9xito obtenido el a\u00f1o pasado celebrar\u00e1\u00a0su II Reuni\u00f3n Motera. \u00a0 \u00a0El importe de la inscripci\u00f3n es de 11 \u20ac, e incluye: bolsa de bienvenida (150 primeros inscritos), desayuno, pasacalles, ruta tur\u00edstica por los alrededores, [&hellip;]<!-- AddThis Advanced Settings generic via filter on get_the_excerpt --><!-- AddThis Share Buttons generic via filter on get_the_excerpt --><\/p>\n","protected":false},"author":49,"featured_media":0,"comment_status":"open","ping_status":"closed","sticky":false,"template":"","format":"standard","meta":[],"categories":[13],"tags":[492,622,624,629,639],"_links":{"self":[{"href":"https:\/\/blogs.hoy.es\/moterosdehoy\/wp-json\/wp\/v2\/posts\/370"}],"collection":[{"href":"https:\/\/blogs.hoy.es\/moterosdehoy\/wp-json\/wp\/v2\/posts"}],"about":[{"href":"https:\/\/blogs.hoy.es\/moterosdehoy\/wp-json\/wp\/v2\/types\/post"}],"author":[{"embeddable":true,"href":"https:\/\/blogs.hoy.es\/moterosdehoy\/wp-json\/wp\/v2\/users\/49"}],"replies":[{"embeddable":true,"href":"https:\/\/blogs.hoy.es\/moterosdehoy\/wp-json\/wp\/v2\/comments?post=370"}],"version-history":[{"count":0,"href":"https:\/\/blogs.hoy.es\/moterosdehoy\/wp-json\/wp\/v2\/posts\/370\/revisions"}],"wp:attachment":[{"href":"https:\/\/blogs.hoy.es\/moterosdehoy\/wp-json\/wp\/v2\/media?parent=370"}],"wp:term":[{"taxonomy":"category","embeddable":true,"href":"https:\/\/blogs.hoy.es\/moterosdehoy\/wp-json\/wp\/v2\/categories?post=370"},{"taxonomy":"post_tag","embeddable":true,"href":"https:\/\/blogs.hoy.es\/moterosdehoy\/wp-json\/wp\/v2\/tags?post=370"}],"curies":[{"name":"wp","href":"https:\/\/api.w.org\/{rel}","templated":true}]}}