{"id":3701,"date":"2026-01-09T11:28:43","date_gmt":"2026-01-09T11:28:43","guid":{"rendered":"https:\/\/blogs.hoy.es\/moterosdehoy\/?p=3701"},"modified":"2026-01-09T11:28:43","modified_gmt":"2026-01-09T11:28:43","slug":"invernales-2026-arrancamos-el-ano-sobre-dos-ruedas","status":"publish","type":"post","link":"https:\/\/blogs.hoy.es\/moterosdehoy\/2026\/01\/09\/invernales-2026-arrancamos-el-ano-sobre-dos-ruedas\/","title":{"rendered":"Invernales 2026: arrancamos el a\u00f1o sobre dos ruedas"},"content":{"rendered":"<p>Comienza 2026 y, con \u00e9l, vuelven los eventos moteros, las rutas, los reencuentros con viejos amigos y las nuevas amistades que siempre nacen al calor \u2014o al fr\u00edo\u2014 de la carretera. Porque s\u00ed, hablamos de invernales, y eso significa lluvia, heladas, nieve, fr\u00edo\u2026 y aun as\u00ed miles de motos avanzando con la misma ilusi\u00f3n de siempre.<\/p>\n<div id=\"attachment_3702\" style=\"width: 310px\" class=\"wp-caption alignleft\"><a href=\"https:\/\/static-blogs.hoy.es\/wp-content\/uploads\/sites\/45\/2026\/01\/Elefantentreffen.jpg\"><img aria-describedby=\"caption-attachment-3702\" loading=\"lazy\" class=\"size-medium wp-image-3702\" src=\"https:\/\/static-blogs.hoy.es\/wp-content\/uploads\/sites\/45\/2026\/01\/Elefantentreffen-300x225.jpg\" alt=\"\" width=\"300\" height=\"225\" srcset=\"https:\/\/static-blogs.hoy.es\/wp-content\/uploads\/sites\/45\/2026\/01\/Elefantentreffen-300x225.jpg 300w, https:\/\/static-blogs.hoy.es\/wp-content\/uploads\/sites\/45\/2026\/01\/Elefantentreffen-768x577.jpg 768w, https:\/\/static-blogs.hoy.es\/wp-content\/uploads\/sites\/45\/2026\/01\/Elefantentreffen.jpg 823w\" sizes=\"(max-width: 300px) 100vw, 300px\" \/><\/a><p id=\"caption-attachment-3702\" class=\"wp-caption-text\">Created with GIMP<\/p><\/div>\n<p>El invierno trae temperaturas duras, pero tambi\u00e9n ropa t\u00e9rmica, equipaciones t\u00e9cnicas y motos preparadas para cualquier clima. Y con todo ello llegan las primeras concentraciones del a\u00f1o, las cl\u00e1sicas invernales que marcan el inicio de la temporada.<\/p>\n<p><strong>Las grandes citas de enero y febrero<\/strong><\/p>\n<ul>\n<li><strong> Del 8 al 11 de enero \u2013 Cantalejo (Segovia)<\/strong> El Moto Club <a href=\"https:\/\/www.laleyendacontinua.info\/\" rel=\"external nofollow\"><strong><em>La Leyenda Contin\u00faa<\/em><\/strong><\/a> celebra su 43\u00aa edici\u00f3n, una veterana que lleva desde 1977 reuniendo a motoristas de muy diversos puntos. Este a\u00f1o incorpora una novedad: la <em>1\u00aa Reuni\u00f3n de Motos de Leyenda<\/em>, con inscripci\u00f3n independiente para motos anteriores a 1990.<\/li>\n<li><strong> Del 8 al 11 de enero \u2013 Valladolid: \u201c<\/strong><a href=\"https:\/\/www.clubturismoto.com\/\" rel=\"external nofollow\"><strong>Ping\u00fcinos 2026<\/strong><\/a><strong>\u201d<\/strong> Organizada por el Club Turismoto, es la invernal m\u00e1s multitudinaria y medi\u00e1tica. Si buscas ambiente, esta es la tuya. Eso s\u00ed, recuerda que donde hay miles de motos\u2026 tambi\u00e9n hay m\u00e1s controles que bares en la ruta.<\/li>\n<li><strong> Del 15 al 18 de enero \u2013 Tordesillas (Valladolid): \u201c<a href=\"https:\/\/motauros.es\/\" rel=\"external nofollow\">Motauros 2026<\/a>\u201d<\/strong> Una cita imprescindible organizada por el Moto Club Tordesillas Motauros, con su ambiente caracter\u00edstico y ese esp\u00edritu que mezcla tradici\u00f3n, m\u00fasica y hermandad.<\/li>\n<li><strong> Del 6 al 9 de febrero \u2013 Rota (C\u00e1diz)<\/strong> El Moto Club Rote\u00f1o <em>Los Camaleones<\/em> celebra su <a href=\"https:\/\/cronocheck.com\/41-concentracion-invernal-villa-de-rota-2025\" rel=\"external nofollow\"><em>41\u00aa Concentraci\u00f3n Invernal Villa de Rota<\/em><\/a>, una opci\u00f3n perfecta para quienes buscan clima m\u00e1s suave sin renunciar al esp\u00edritu invernal.<\/li>\n<\/ul>\n<p>Todos estos eventos cuentan con el apoyo de sus Ayuntamientos, conscientes del impacto tur\u00edstico y econ\u00f3mico que generan. No es solo que miles de motoristas visiten la zona: es la proyecci\u00f3n, la vida y el movimiento que llevan consigo.<\/p>\n<p><strong>Para los m\u00e1s aventureros: Elefantentreffen<\/strong><\/p>\n<p>Si buscas una experiencia extrema, ah\u00ed est\u00e1 la m\u00edtica <strong>Elefantentreffen<\/strong>, la madre de todas las invernales. Nacida en 1956, celebrar\u00e1 su <strong>68\u00aa edici\u00f3n del 29 de enero al 1 de febrero de 2026<\/strong>, en Thurmansbang-Solla\/Loh (Baviera, Alemania). Solo el viaje ya es una aventura que muchos guardan para toda la vida.<\/p>\n<p><strong>Consejos para disfrutar sin contratiempos<\/strong><\/p>\n<ul>\n<li><strong>No apures el dep\u00f3sito.<\/strong> En invierno pueden aparecer carreteras cortadas y desv\u00edos inesperados.<\/li>\n<li><strong>M\u00f3vil cargado.<\/strong> Una aver\u00eda sin bater\u00eda es una mala combinaci\u00f3n.<\/li>\n<li><strong>Ropa adecuada.<\/strong> Gore\u2011Tex, t\u00e9rmicas, capas\u2026 la comodidad y el calor son parte de la seguridad.<\/li>\n<li><strong>Moto revisada.<\/strong> Ruedas con buen dibujo y bater\u00eda en perfecto estado. El fr\u00edo no perdona.<\/li>\n<li><strong>Actitud tranquila.<\/strong> No es llegar: es disfrutar del viaje, de cada curva y cada parada.<\/li>\n<\/ul>\n<p>Las invernales no son solo eventos: son una forma de empezar el a\u00f1o recordando por qu\u00e9 amamos la moto. El fr\u00edo une, la carretera ense\u00f1a y la hermandad motera hace el resto.<\/p>\n<p><strong>Saludos y r\u00e1fagas.<\/strong><\/p>\n<!-- AddThis Advanced Settings generic via filter on the_content --><!-- AddThis Share Buttons generic via filter on the_content -->","protected":false},"excerpt":{"rendered":"<p>Comienza 2026 y, con \u00e9l, vuelven los eventos moteros, las rutas, los reencuentros con viejos amigos y las nuevas amistades que siempre nacen al calor \u2014o al fr\u00edo\u2014 de la carretera. Porque s\u00ed, hablamos de invernales, y eso significa lluvia, heladas, nieve, fr\u00edo\u2026 y aun as\u00ed miles de motos avanzando con la misma ilusi\u00f3n de [&hellip;]<!-- AddThis Advanced Settings generic via filter on get_the_excerpt --><!-- AddThis Share Buttons generic via filter on get_the_excerpt --><\/p>\n","protected":false},"author":49,"featured_media":0,"comment_status":"open","ping_status":"closed","sticky":false,"template":"","format":"standard","meta":[],"categories":[9,11,12,13,1],"tags":[1637,364,1462,1464,1402,1638,622,664,1636],"_links":{"self":[{"href":"https:\/\/blogs.hoy.es\/moterosdehoy\/wp-json\/wp\/v2\/posts\/3701"}],"collection":[{"href":"https:\/\/blogs.hoy.es\/moterosdehoy\/wp-json\/wp\/v2\/posts"}],"about":[{"href":"https:\/\/blogs.hoy.es\/moterosdehoy\/wp-json\/wp\/v2\/types\/post"}],"author":[{"embeddable":true,"href":"https:\/\/blogs.hoy.es\/moterosdehoy\/wp-json\/wp\/v2\/users\/49"}],"replies":[{"embeddable":true,"href":"https:\/\/blogs.hoy.es\/moterosdehoy\/wp-json\/wp\/v2\/comments?post=3701"}],"version-history":[{"count":1,"href":"https:\/\/blogs.hoy.es\/moterosdehoy\/wp-json\/wp\/v2\/posts\/3701\/revisions"}],"predecessor-version":[{"id":3703,"href":"https:\/\/blogs.hoy.es\/moterosdehoy\/wp-json\/wp\/v2\/posts\/3701\/revisions\/3703"}],"wp:attachment":[{"href":"https:\/\/blogs.hoy.es\/moterosdehoy\/wp-json\/wp\/v2\/media?parent=3701"}],"wp:term":[{"taxonomy":"category","embeddable":true,"href":"https:\/\/blogs.hoy.es\/moterosdehoy\/wp-json\/wp\/v2\/categories?post=3701"},{"taxonomy":"post_tag","embeddable":true,"href":"https:\/\/blogs.hoy.es\/moterosdehoy\/wp-json\/wp\/v2\/tags?post=3701"}],"curies":[{"name":"wp","href":"https:\/\/api.w.org\/{rel}","templated":true}]}}