{"id":3713,"date":"2026-03-12T16:39:11","date_gmt":"2026-03-12T16:39:11","guid":{"rendered":"https:\/\/blogs.hoy.es\/moterosdehoy\/?p=3713"},"modified":"2026-03-12T17:06:25","modified_gmt":"2026-03-12T17:06:25","slug":"xii-marcha-motorista-en-cordoba-rodando-por-la-memoria-y-la-dignidad","status":"publish","type":"post","link":"https:\/\/blogs.hoy.es\/moterosdehoy\/2026\/03\/12\/xii-marcha-motorista-en-cordoba-rodando-por-la-memoria-y-la-dignidad\/","title":{"rendered":"XII Marcha Motorista en C\u00f3rdoba: Rodando por la Memoria y la Dignidad"},"content":{"rendered":"<p data-path-to-node=\"4\">Este pr\u00f3ximo fin de semana, el rugir de los motores en <a href=\"https:\/\/www.turismodecordoba.org\/\" rel=\"external nofollow\"><b data-path-to-node=\"4\" data-index-in-node=\"55\">C\u00f3rdoba<\/b><\/a> tendr\u00e1 un eco especial. No se trata solo de una ruta m\u00e1s; se trata de respeto, de recuerdo y de unidad.<\/p>\n<p data-path-to-node=\"4\"><a href=\"https:\/\/static-blogs.hoy.es\/wp-content\/uploads\/sites\/45\/2026\/03\/XII-Marcha-motorista-victimas-terrorismo.jpg\"><img loading=\"lazy\" class=\"alignleft size-medium wp-image-3715\" src=\"https:\/\/static-blogs.hoy.es\/wp-content\/uploads\/sites\/45\/2026\/03\/XII-Marcha-motorista-victimas-terrorismo-300x212.jpg\" alt=\"\" width=\"300\" height=\"212\" srcset=\"https:\/\/static-blogs.hoy.es\/wp-content\/uploads\/sites\/45\/2026\/03\/XII-Marcha-motorista-victimas-terrorismo-300x212.jpg 300w, https:\/\/static-blogs.hoy.es\/wp-content\/uploads\/sites\/45\/2026\/03\/XII-Marcha-motorista-victimas-terrorismo-1024x724.jpg 1024w, https:\/\/static-blogs.hoy.es\/wp-content\/uploads\/sites\/45\/2026\/03\/XII-Marcha-motorista-victimas-terrorismo-768x543.jpg 768w, https:\/\/static-blogs.hoy.es\/wp-content\/uploads\/sites\/45\/2026\/03\/XII-Marcha-motorista-victimas-terrorismo-1536x1086.jpg 1536w, https:\/\/static-blogs.hoy.es\/wp-content\/uploads\/sites\/45\/2026\/03\/XII-Marcha-motorista-victimas-terrorismo.jpg 1600w\" sizes=\"(max-width: 300px) 100vw, 300px\" \/><\/a>Se celebrar\u00e1 la <b data-path-to-node=\"4\" data-index-in-node=\"181\">XII Marcha Motorista en Honor, Memoria y Dignidad de todas las V\u00edctimas del Terrorismo<\/b>, un evento que ya es un referente para el colectivo motero solidario.<\/p>\n<p data-path-to-node=\"5\">Si tienes moto y quieres sumarte a un homenaje necesario, no te puedes perder este gran evento, que dar\u00e1 comienzo el <strong>s\u00e1bado 14 de marzo<\/strong> con una emotiva visita a la localidad de Adamuz, y por la tarde Conferencia v\u00edctimas del terrorismo a las 18h, para una vez finalizada visitar el Clubhouse de ALAS MC C\u00f3rdoba. El <strong>domingo<\/strong>, ruta por la ciudad de C\u00f3rdoba con la entrega de varios ramos florales para recordar a las v\u00edctimas, la cual, tendr\u00e1 hora de <strong>salida a las 09:30h, desde el Parking del Recinto Ferial<\/strong> <b data-path-to-node=\"7,1,0\" data-index-in-node=\"47\">El Arenal<\/b> (C\u00f3rdoba). Si est\u00e1s interesado acude con antelaci\u00f3n, <span style=\"text-decoration: underline;\">a las 09:30h iniciar\u00e1n ruta<\/span>.<\/p>\n<p data-path-to-node=\"7,3,0\">El evento est\u00e1 <strong>organizado<\/strong> por:<\/p>\n<ul>\n<li data-path-to-node=\"7,3,0\"><b data-path-to-node=\"2,0,0\" data-index-in-node=\"0\"><a href=\"https:\/\/www.facebook.com\/groups\/493757461754715\" rel=\"external nofollow\">Grupo Motorista Linces Almer\u00eda<\/a>.<\/b><\/li>\n<\/ul>\n<p>Con el <strong>apoyo\u00a0 y colaboraci\u00f3n <\/strong>de colectivos de fuerzas de seguridad, asociaciones de veteranos, empresas y grupos moteros de toda la pen\u00ednsula, entre algunos de ellos:<\/p>\n<ul>\n<li data-path-to-node=\"7,3,0\"><b data-path-to-node=\"2,1,0\" data-index-in-node=\"0\">Amuvite<\/b> (Asociaci\u00f3n Murciana V\u00edctimas del Terrorismo).<\/li>\n<li data-path-to-node=\"7,3,0\"><b data-path-to-node=\"2,2,0\" data-index-in-node=\"0\">AAVT<\/b> (Asociaci\u00f3n Andaluza V\u00edctimas del Terrorismo).<\/li>\n<li data-path-to-node=\"7,3,0\">Motos PN (Secci\u00f3n de motos de la Polic\u00eda Nacional &#8211; <strong>Mastines<\/strong>).<\/li>\n<li data-path-to-node=\"7,3,0\">Grupo Motorista Linces Almer\u00eda<\/li>\n<li data-path-to-node=\"7,3,0\">Veteranos MC Espa\u00f1a.<\/li>\n<li data-path-to-node=\"7,3,0\">Asociaci\u00f3n Preventiva del Suicidio Policial (APSP).<\/li>\n<li data-path-to-node=\"7,3,0\"><strong><a href=\"https:\/\/www.facebook.com\/moteroshoy\" rel=\"external nofollow\">Moteros de Hoy<\/a> <a href=\"https:\/\/www.facebook.com\/moterosdehoymc\" rel=\"external nofollow\">MC<\/a>.<\/strong><\/li>\n<li data-path-to-node=\"7,3,0\">GAR (Moteros Veteranos).<\/li>\n<li data-path-to-node=\"7,3,0\">Moto Grupo Pacense.<\/li>\n<li data-path-to-node=\"7,3,0\">ALAS MC Espa\u00f1a.<\/li>\n<li data-path-to-node=\"7,3,0\">Agrupaci\u00f3n Motera JUSAPOL C\u00f3rdoba.<\/li>\n<li data-path-to-node=\"7,3,0\">\u00c1ngeles Guardianes C\u00f3rdoba.<\/li>\n<li data-path-to-node=\"7,3,0\">VMTV (Voz y Memoria de las V\u00edctimas del Terrorismo).<\/li>\n<li data-path-to-node=\"7,3,0\">Caballeros azules.<\/li>\n<li data-path-to-node=\"7,3,0\">\u00c1ngeles Verdes (Asociaci\u00f3n de motoristas de la Guardia Civil).<\/li>\n<\/ul>\n<p data-path-to-node=\"9\">Esta duod\u00e9cima edici\u00f3n es mucho m\u00e1s que una ruta, une a motoristas de toda Espa\u00f1a bajo un mismo lema: <b data-path-to-node=\"9\" data-index-in-node=\"75\">Honor, Memoria y Dignidad<\/b>. Es una oportunidad para demostrar que la comunidad motera est\u00e1 comprometida con los valores de justicia y apoyo a quienes m\u00e1s han sufrido.<\/p>\n<p data-path-to-node=\"10\">El cartel, con la ic\u00f3nica Mezquita de C\u00f3rdoba de fondo, nos recuerda que la ciudad califal ser\u00e1 el escenario perfecto para este fin de semana de hermandad y compromiso.<\/p>\n<p data-path-to-node=\"10\">Si necesitas m\u00e1s informaci\u00f3n, en el cartel aparece un c\u00f3digo QR donde podr\u00e1s obtener informaci\u00f3n m\u00e1s detallada sobre el itinerario y posibles inscripciones de \u00faltima hora.<\/p>\n<p data-path-to-node=\"16,1,0\"><b>Recuerda el fondo solidario del evento y comparte<\/b> la entrada en tus redes sociales para que la columna de motos sea lo m\u00e1s grande posible.<\/p>\n<p data-path-to-node=\"16,1,0\">\u00a1Nos vemos en C\u00f3rdoba!. Saludos y r\u00e1fagas.<\/p>\n<!-- AddThis Advanced Settings generic via filter on the_content --><!-- AddThis Share Buttons generic via filter on the_content -->","protected":false},"excerpt":{"rendered":"<p>Este pr\u00f3ximo fin de semana, el rugir de los motores en C\u00f3rdoba tendr\u00e1 un eco especial. No se trata solo de una ruta m\u00e1s; se trata de respeto, de recuerdo y de unidad. Se celebrar\u00e1 la XII Marcha Motorista en Honor, Memoria y Dignidad de todas las V\u00edctimas del Terrorismo, un evento que ya es [&hellip;]<!-- AddThis Advanced Settings generic via filter on get_the_excerpt --><!-- AddThis Share Buttons generic via filter on get_the_excerpt --><\/p>\n","protected":false},"author":49,"featured_media":0,"comment_status":"open","ping_status":"closed","sticky":false,"template":"","format":"standard","meta":[],"categories":[9,13,1],"tags":[194,1639,1643,1641,1640,622,1593,1642],"_links":{"self":[{"href":"https:\/\/blogs.hoy.es\/moterosdehoy\/wp-json\/wp\/v2\/posts\/3713"}],"collection":[{"href":"https:\/\/blogs.hoy.es\/moterosdehoy\/wp-json\/wp\/v2\/posts"}],"about":[{"href":"https:\/\/blogs.hoy.es\/moterosdehoy\/wp-json\/wp\/v2\/types\/post"}],"author":[{"embeddable":true,"href":"https:\/\/blogs.hoy.es\/moterosdehoy\/wp-json\/wp\/v2\/users\/49"}],"replies":[{"embeddable":true,"href":"https:\/\/blogs.hoy.es\/moterosdehoy\/wp-json\/wp\/v2\/comments?post=3713"}],"version-history":[{"count":6,"href":"https:\/\/blogs.hoy.es\/moterosdehoy\/wp-json\/wp\/v2\/posts\/3713\/revisions"}],"predecessor-version":[{"id":3720,"href":"https:\/\/blogs.hoy.es\/moterosdehoy\/wp-json\/wp\/v2\/posts\/3713\/revisions\/3720"}],"wp:attachment":[{"href":"https:\/\/blogs.hoy.es\/moterosdehoy\/wp-json\/wp\/v2\/media?parent=3713"}],"wp:term":[{"taxonomy":"category","embeddable":true,"href":"https:\/\/blogs.hoy.es\/moterosdehoy\/wp-json\/wp\/v2\/categories?post=3713"},{"taxonomy":"post_tag","embeddable":true,"href":"https:\/\/blogs.hoy.es\/moterosdehoy\/wp-json\/wp\/v2\/tags?post=3713"}],"curies":[{"name":"wp","href":"https:\/\/api.w.org\/{rel}","templated":true}]}}