{"id":3721,"date":"2026-03-12T17:24:45","date_gmt":"2026-03-12T17:24:45","guid":{"rendered":"https:\/\/blogs.hoy.es\/moterosdehoy\/?p=3721"},"modified":"2026-03-12T17:24:45","modified_gmt":"2026-03-12T17:24:45","slug":"el-pub-el-refugio-celebra-14-anos-de-puro-rock-en-badajoz","status":"publish","type":"post","link":"https:\/\/blogs.hoy.es\/moterosdehoy\/2026\/03\/12\/el-pub-el-refugio-celebra-14-anos-de-puro-rock-en-badajoz\/","title":{"rendered":"El Pub El Refugio celebra 14 a\u00f1os de puro Rock en Badajoz"},"content":{"rendered":"<p data-path-to-node=\"4\">Si ves a Eddie (la m\u00edtica mascota de Iron Maiden) con peluca rubia y lentejuelas, solo puede significar una cosa: <b data-path-to-node=\"4\" data-index-in-node=\"114\">\u00a1Se viene el fiest\u00f3n del a\u00f1o en Badajoz!<\/b><\/p>\n<p data-path-to-node=\"4\"><a href=\"https:\/\/static-blogs.hoy.es\/wp-content\/uploads\/sites\/45\/2026\/03\/14-Aniversario-Pub-El-Refugio.jpg\"><img loading=\"lazy\" class=\"alignleft size-medium wp-image-3722\" src=\"https:\/\/static-blogs.hoy.es\/wp-content\/uploads\/sites\/45\/2026\/03\/14-Aniversario-Pub-El-Refugio-217x300.jpg\" alt=\"\" width=\"217\" height=\"300\" srcset=\"https:\/\/static-blogs.hoy.es\/wp-content\/uploads\/sites\/45\/2026\/03\/14-Aniversario-Pub-El-Refugio-217x300.jpg 217w, https:\/\/static-blogs.hoy.es\/wp-content\/uploads\/sites\/45\/2026\/03\/14-Aniversario-Pub-El-Refugio-741x1024.jpg 741w, https:\/\/static-blogs.hoy.es\/wp-content\/uploads\/sites\/45\/2026\/03\/14-Aniversario-Pub-El-Refugio-768x1061.jpg 768w, https:\/\/static-blogs.hoy.es\/wp-content\/uploads\/sites\/45\/2026\/03\/14-Aniversario-Pub-El-Refugio-1112x1536.jpg 1112w, https:\/\/static-blogs.hoy.es\/wp-content\/uploads\/sites\/45\/2026\/03\/14-Aniversario-Pub-El-Refugio.jpg 1158w\" sizes=\"(max-width: 217px) 100vw, 217px\" \/><\/a>Este s\u00e1bado, el <b data-path-to-node=\"4\" data-index-in-node=\"171\">Pub El Refugio<\/b> tira la casa por la ventana para celebrar su <b data-path-to-node=\"4\" data-index-in-node=\"231\">14\u00ba Aniversario<\/b>. Catorce a\u00f1os siendo el punto de encuentro de moteros, rockeros y gente que sabe apreciar la buena m\u00fasica y el ambiente aut\u00e9ntico de la ciudad. Bajo el lema <strong><i data-path-to-node=\"4\" data-index-in-node=\"404\">&#8220;\u00a1Qu\u00e9 fant\u00e1stica esta fiesta!&#8221;<\/i><\/strong>, prometen una jornada que va a quedar para el recuerdo.<\/p>\n<p data-path-to-node=\"4\">Tendr\u00e1 lugar el s\u00e1bado, <strong>14 de marzo<\/strong>. A partir de las <b data-path-to-node=\"6,1,0\" data-index-in-node=\"22\">14:00 h.<\/b> (ideal para empezar con el &#8220;tardeo&#8221; motero).\u00a0 Por supuesto, en Pub El Refugio (C\/ Rafael Lucenqui, 5, 06004, Badajoz).<\/p>\n<p data-path-to-node=\"4\">\u00bfQu\u00e9 nos han preparado de men\u00fa? Pues no solo de gasolina vive el motero, y en El Refugio lo saben bien. Para este aniversario han preparado un plan completo:<\/p>\n<ul data-path-to-node=\"9\">\n<li>\n<p data-path-to-node=\"9,0,0\"><b data-path-to-node=\"9,0,0\" data-index-in-node=\"0\">Comida:<\/b> Para cargar pilas desde mediod\u00eda.<\/p>\n<\/li>\n<li>\n<p data-path-to-node=\"9,1,0\"><b data-path-to-node=\"9,1,0\" data-index-in-node=\"0\">Regalos y Sorteos:<\/b> Habr\u00e1 detalles para los asistentes y sorteos gracias a los colaboradores.<\/p>\n<\/li>\n<li>\n<p data-path-to-node=\"9,2,0\"><b data-path-to-node=\"9,2,0\" data-index-in-node=\"0\">Buena M\u00fasica:<\/b> Rock, metal y ese toque divertido que solo ellos saben darle a la noche pacense.<\/p>\n<\/li>\n<\/ul>\n<p data-path-to-node=\"11\">Como todo evento para llevarse a cabo necesita apoyo y grandes colaboradores, que como bien dice Estefi <em>&#8220;Un aniversario as\u00ed no se cumple solo&#8221;<\/em>. El evento cuenta con el apoyo de grandes colaboradores locales que tambi\u00e9n forman parte de nuestra comunidad: <em>Bebidas<\/em> <i data-path-to-node=\"12,0,0\" data-index-in-node=\"0\">Carballo, Arquitectura Insert Design, Asistencia Gr\u00e1fica, Almas Dulces, Tienda de Cervezas Lusitania<\/i> y <i data-path-to-node=\"12,0,0\" data-index-in-node=\"103\">Mes\u00f3n El Chozo Extreme\u00f1o<\/i>.<\/p>\n<p data-path-to-node=\"14\"><b data-path-to-node=\"14\" data-index-in-node=\"0\">Mi consejo:<\/b> Si est\u00e1s por Badajoz o te pilla cerca la ruta, no hay mejor refugio que este. Es el sitio perfecto para aparcar la moto, quitarse el casco y brindar por otros 14 a\u00f1os m\u00e1s de rock and roll.<\/p>\n<p data-path-to-node=\"14\">Recuerda: \u00a1D\u00eda 14, a las 14, celebra su 14 cumple!.<\/p>\n<p data-path-to-node=\"15\"><b data-path-to-node=\"15\" data-index-in-node=\"0\">\u00bfTe vas a perder a Eddie-Carr\u00e0 en acci\u00f3n?<\/b> \u00a1Yo no lo har\u00eda!<\/p>\n<p data-path-to-node=\"16\"><b data-path-to-node=\"16\" data-index-in-node=\"27\">\u00a1Saludos y r\u00e1fagas!<\/b><\/p>\n<!-- AddThis Advanced Settings generic via filter on the_content --><!-- AddThis Share Buttons generic via filter on the_content -->","protected":false},"excerpt":{"rendered":"<p>Si ves a Eddie (la m\u00edtica mascota de Iron Maiden) con peluca rubia y lentejuelas, solo puede significar una cosa: \u00a1Se viene el fiest\u00f3n del a\u00f1o en Badajoz! Este s\u00e1bado, el Pub El Refugio tira la casa por la ventana para celebrar su 14\u00ba Aniversario. Catorce a\u00f1os siendo el punto de encuentro de moteros, rockeros [&hellip;]<!-- AddThis Advanced Settings generic via filter on get_the_excerpt --><!-- AddThis Share Buttons generic via filter on get_the_excerpt --><\/p>\n","protected":false},"author":49,"featured_media":0,"comment_status":"open","ping_status":"closed","sticky":false,"template":"","format":"standard","meta":[],"categories":[9,13,1],"tags":[87,382,622,805,1294],"_links":{"self":[{"href":"https:\/\/blogs.hoy.es\/moterosdehoy\/wp-json\/wp\/v2\/posts\/3721"}],"collection":[{"href":"https:\/\/blogs.hoy.es\/moterosdehoy\/wp-json\/wp\/v2\/posts"}],"about":[{"href":"https:\/\/blogs.hoy.es\/moterosdehoy\/wp-json\/wp\/v2\/types\/post"}],"author":[{"embeddable":true,"href":"https:\/\/blogs.hoy.es\/moterosdehoy\/wp-json\/wp\/v2\/users\/49"}],"replies":[{"embeddable":true,"href":"https:\/\/blogs.hoy.es\/moterosdehoy\/wp-json\/wp\/v2\/comments?post=3721"}],"version-history":[{"count":1,"href":"https:\/\/blogs.hoy.es\/moterosdehoy\/wp-json\/wp\/v2\/posts\/3721\/revisions"}],"predecessor-version":[{"id":3723,"href":"https:\/\/blogs.hoy.es\/moterosdehoy\/wp-json\/wp\/v2\/posts\/3721\/revisions\/3723"}],"wp:attachment":[{"href":"https:\/\/blogs.hoy.es\/moterosdehoy\/wp-json\/wp\/v2\/media?parent=3721"}],"wp:term":[{"taxonomy":"category","embeddable":true,"href":"https:\/\/blogs.hoy.es\/moterosdehoy\/wp-json\/wp\/v2\/categories?post=3721"},{"taxonomy":"post_tag","embeddable":true,"href":"https:\/\/blogs.hoy.es\/moterosdehoy\/wp-json\/wp\/v2\/tags?post=3721"}],"curies":[{"name":"wp","href":"https:\/\/api.w.org\/{rel}","templated":true}]}}