{"id":377,"date":"2012-09-19T19:50:42","date_gmt":"2012-09-19T19:50:42","guid":{"rendered":"http:\/\/blogs.hoy.es\/moterosdehoy\/?p=377"},"modified":"2012-09-19T19:50:42","modified_gmt":"2012-09-19T19:50:42","slug":"i-salon-del-motor-y-la-bicicleta-en-ifeba","status":"publish","type":"post","link":"https:\/\/blogs.hoy.es\/moterosdehoy\/2012\/09\/19\/i-salon-del-motor-y-la-bicicleta-en-ifeba\/","title":{"rendered":"I Sal\u00f3n del motor y la bicicleta en IFEBA"},"content":{"rendered":"<p style=\"text-align: justify;\">\u00a0 \u00a0 \u00a0El fin de semana transcurrido <strong>del viernes 28 \u00a0al domingo 30 de septiembre de 2012<\/strong>, tuvo lugar en la <a title=\"IFEBA\" href=\"http:\/\/www.aytobadajoz.es\/es\/ifeba\/ifeba\" target=\"_blank\" rel=\"external nofollow\">Instituci\u00f3n Ferial de Badajoz<\/a>, el I Sal\u00f3n del Motor y la Bicicleta, que cont\u00f3 con las primeras marcas de los sectores de la motocicleta y la bicicleta.<\/p>\n<div class=\"mceTemp\" style=\"text-align: justify;\">\n<dl id=\"attachment_378\" class=\"wp-caption alignright\" style=\"width: 310px;\">\n<dt class=\"wp-caption-dt\"><a href=\"\/moterosdehoy\/wp-content\/uploads\/sites\/45\/2012\/09\/Cartel-salon-de-la-moto-y-bici.jpg\"><img loading=\"lazy\" class=\"size-medium wp-image-378\" title=\"Cartel salon de la moto y bici\" src=\"\/moterosdehoy\/wp-content\/uploads\/sites\/45\/2012\/09\/Cartel-salon-de-la-moto-y-bici.jpg\" alt=\"\" width=\"300\" height=\"142\" srcset=\"https:\/\/static-blogs.hoy.es\/wp-content\/uploads\/sites\/45\/2012\/09\/Cartel-salon-de-la-moto-y-bici.jpg 1323w, https:\/\/static-blogs.hoy.es\/wp-content\/uploads\/sites\/45\/2012\/09\/Cartel-salon-de-la-moto-y-bici-300x143.jpg 300w, https:\/\/static-blogs.hoy.es\/wp-content\/uploads\/sites\/45\/2012\/09\/Cartel-salon-de-la-moto-y-bici-768x366.jpg 768w, https:\/\/static-blogs.hoy.es\/wp-content\/uploads\/sites\/45\/2012\/09\/Cartel-salon-de-la-moto-y-bici-1024x488.jpg 1024w\" sizes=\"(max-width: 300px) 100vw, 300px\" \/><\/a><\/dt>\n<dd class=\"wp-caption-dd\">Cartel del I Sal\u00f3n motor &#038; bike, en IFEBA<\/dd>\n<\/dl>\n<p>\u00a0\u00a0\u00a0\u00a0 Si quieres ver <strong>fotos<\/strong> de como se desarroy\u00f3 haz <strong><a title=\"Fotos del I sal\u00f3n del motor y la bicicleta en IFEBA\" href=\"http:\/\/www.hoy.es\/multimedia\/fotos\/ultimos\/107387-salon-motor-bicicleta-ifeba-0.html\" target=\"_blank\" rel=\"external nofollow\">click aqu\u00ed<\/a><\/strong>.<\/p>\n<\/div>\n<p style=\"text-align: justify;\">\u00a0 \u00a0 \u00a0La apertura fue el viernes 28 a las 11 horas, abriendo posteriormente tanto el s\u00e1bado como el domingo a las 10 horas, siendo el cierre a las 21 horas.<\/p>\n<p style=\"text-align: justify;\">\u00a0 \u00a0 \u00a0<strong>El\u00a0programa cont\u00f3 entre otras actividades:<\/strong><\/p>\n<p style=\"text-align: justify;\"><strong>Viernes<\/strong><\/p>\n<p style=\"text-align: justify;\"><strong><\/strong>Apertura de 11:00 a 21:00, con inauguraci\u00f3n oficial a las 12:00 h.<\/p>\n<p style=\"text-align: justify;\"><strong>S\u00e1bado<\/strong><\/p>\n<p style=\"text-align: justify;\"><strong><\/strong>Apertura de 10:00 a 21:00<\/p>\n<p style=\"text-align: justify;\">-Presentaci\u00f3n del equipo de bicicletas por parte de recambios Antolin.<\/p>\n<p style=\"text-align: justify;\">-Seminarios por parte de urbano bike donde mostr\u00f3 t\u00e9cnicas de arreglos de pinchazos, engrase de bicicletas&#8230;.<\/p>\n<p style=\"text-align: justify;\"><strong>Domingo<\/strong><\/p>\n<p style=\"text-align: justify;\"><strong><\/strong>Apertura de 10:00 a 21:00<\/p>\n<p style=\"text-align: justify;\">&#8211; <strong>concentraci\u00f3n motera a las 11:00<\/strong> con salida desde el recinto de ifeba direcci\u00f3n\u00a0<!--more-->restaurante <a title=\"Restaurante Laguna Seca\" href=\"http:\/\/www.restaurantelagunaseca.com\/\" target=\"_blank\" rel=\"external nofollow\">laguna seca<\/a> donde realizaron un descanso, regresando al recinto de ifeba para tomar la paellada gratuita.<\/p>\n<p style=\"text-align: justify;\">-Quedada ciclista a las 13:00 donde se encontraron los diversos clubes, mostrando sus bicis y se unieron a la paellada.<\/p>\n<p>&#8211; <strong>Paellada gratuita para todos los asistentes al recinto a las 14:30<\/strong><\/p>\n<p>-Exhibici\u00f3n de STUNT a las 17:00<\/p>\n<p>-Concurso motos cl\u00e1sicas a las 18:30<\/p>\n<p>-Resoluci\u00f3n del s<strong>orteo de las papeletas a las 20:00<\/strong> en directo.<\/p>\n<p style=\"text-align: justify;\">\u00a0 \u00a0 \u00a0 Adem\u00e1s de <strong>fotocall<\/strong> para todo el p\u00fablico que pudieron hacerse fotos con las chicas y la moto o bici que se encontrara en ese momento. Adem\u00e1s contaron con la<strong> presencia de toro loco<\/strong> que anim\u00f3 el evento y dio muestras de su producto. Tambi\u00e9n hubo dos chicas moteras por las proximidades del centro comercial <a title=\"Centro comercial El faro del Guadiana\" href=\"http:\/\/www.galapagar-info.net\/compras\/Centro-Comercial-Faro-de-Guadiana-en-Badajoz.php\" target=\"_blank\" rel=\"external nofollow\">El faro del Guadiana<\/a>, informando acerca del evento los d\u00edas 28 29 y 30.<\/p>\n<div><strong>\u00a0 \u00a0 \u00a0Saludos y r\u00e1fagas.<\/strong><\/div>\n<!-- AddThis Advanced Settings generic via filter on the_content --><!-- AddThis Share Buttons generic via filter on the_content -->","protected":false},"excerpt":{"rendered":"<p>\u00a0 \u00a0 \u00a0El fin de semana transcurrido del viernes 28 \u00a0al domingo 30 de septiembre de 2012, tuvo lugar en la Instituci\u00f3n Ferial de Badajoz, el I Sal\u00f3n del Motor y la Bicicleta, que cont\u00f3 con las primeras marcas de los sectores de la motocicleta y la bicicleta. Cartel del I Sal\u00f3n motor &#038; bike, [&hellip;]<!-- AddThis Advanced Settings generic via filter on get_the_excerpt --><!-- AddThis Share Buttons generic via filter on get_the_excerpt --><\/p>\n","protected":false},"author":49,"featured_media":0,"comment_status":"open","ping_status":"closed","sticky":false,"template":"","format":"standard","meta":[],"categories":[7,13],"tags":[476,477,622,624,639,641],"_links":{"self":[{"href":"https:\/\/blogs.hoy.es\/moterosdehoy\/wp-json\/wp\/v2\/posts\/377"}],"collection":[{"href":"https:\/\/blogs.hoy.es\/moterosdehoy\/wp-json\/wp\/v2\/posts"}],"about":[{"href":"https:\/\/blogs.hoy.es\/moterosdehoy\/wp-json\/wp\/v2\/types\/post"}],"author":[{"embeddable":true,"href":"https:\/\/blogs.hoy.es\/moterosdehoy\/wp-json\/wp\/v2\/users\/49"}],"replies":[{"embeddable":true,"href":"https:\/\/blogs.hoy.es\/moterosdehoy\/wp-json\/wp\/v2\/comments?post=377"}],"version-history":[{"count":0,"href":"https:\/\/blogs.hoy.es\/moterosdehoy\/wp-json\/wp\/v2\/posts\/377\/revisions"}],"wp:attachment":[{"href":"https:\/\/blogs.hoy.es\/moterosdehoy\/wp-json\/wp\/v2\/media?parent=377"}],"wp:term":[{"taxonomy":"category","embeddable":true,"href":"https:\/\/blogs.hoy.es\/moterosdehoy\/wp-json\/wp\/v2\/categories?post=377"},{"taxonomy":"post_tag","embeddable":true,"href":"https:\/\/blogs.hoy.es\/moterosdehoy\/wp-json\/wp\/v2\/tags?post=377"}],"curies":[{"name":"wp","href":"https:\/\/api.w.org\/{rel}","templated":true}]}}