{"id":379,"date":"2012-09-20T22:13:13","date_gmt":"2012-09-20T22:13:13","guid":{"rendered":"http:\/\/blogs.hoy.es\/moterosdehoy\/?p=379"},"modified":"2012-09-20T22:13:13","modified_gmt":"2012-09-20T22:13:13","slug":"i-convivencia-varadero-custratur-varavera","status":"publish","type":"post","link":"https:\/\/blogs.hoy.es\/moterosdehoy\/2012\/09\/20\/i-convivencia-varadero-custratur-varavera\/","title":{"rendered":"I Convivencia Varadero-Custratur &#8220;VARAVERA&#8221;"},"content":{"rendered":"<p style=\"text-align: justify;\">\u00a0 \u00a0 De la mano de nuestro amigo &#8220;Fran&#8221; y apoyado con la colaboraci\u00f3n del motoclub <a title=\"P\u00e1gina de bienvenida del VCE\" href=\"http:\/\/www.xl1000v.es\/todo\/conocenos.htm\" target=\"_blank\" rel=\"external nofollow\">VCE (Varadero Club Espa\u00f1a)<\/a> y el grupo <a title=\"Blog de Custratur\" href=\"http:\/\/custratur.blogspot.com.es\/\" target=\"_blank\" rel=\"external nofollow\">Custratur<\/a> (Custom-Trail-Turismo), han organizado una ruta por la zona de la Vera, para disfrutar de un d\u00eda de convivencia motera.<a href=\"\/moterosdehoy\/wp-content\/uploads\/sites\/45\/2012\/09\/Varavera.jpg\"><img loading=\"lazy\" class=\"alignright size-medium wp-image-380\" title=\"Varavera\" src=\"\/moterosdehoy\/wp-content\/uploads\/sites\/45\/2012\/09\/Varavera.jpg\" alt=\"\" width=\"300\" height=\"170\" srcset=\"https:\/\/static-blogs.hoy.es\/wp-content\/uploads\/sites\/45\/2012\/09\/Varavera.jpg 1280w, https:\/\/static-blogs.hoy.es\/wp-content\/uploads\/sites\/45\/2012\/09\/Varavera-300x170.jpg 300w, https:\/\/static-blogs.hoy.es\/wp-content\/uploads\/sites\/45\/2012\/09\/Varavera-768x436.jpg 768w, https:\/\/static-blogs.hoy.es\/wp-content\/uploads\/sites\/45\/2012\/09\/Varavera-1024x581.jpg 1024w\" sizes=\"(max-width: 300px) 100vw, 300px\" \/><\/a><\/p>\n<p style=\"text-align: justify;\">\u00a0 \u00a0 Para ello se reunir\u00e1n en la gasolinera de <strong><a title=\"Talayuela\" href=\"http:\/\/es.wikipedia.org\/wiki\/Talayuela\" target=\"_blank\" rel=\"external nofollow\">Talayuela<\/a><\/strong> (es la \u00fanica que hay, de <a title=\"Repsol\" href=\"http:\/\/www.repsol.com\/es_es\/\" target=\"_blank\" rel=\"external nofollow\">Repsol<\/a>) el pr\u00f3ximo <strong>30 de Septiembre 2012<\/strong> (Si el tiempo no lo impide), para salir a las 11:00 h. a una<strong> <a title=\"Haz click para ver la ruta de la I Varavera\" href=\"http:\/\/quikmaps.com\/show\/215176\" target=\"_blank\" rel=\"external nofollow\">ruta de 97 km<\/a><\/strong>, que llevar\u00e1 desde Talayuela\u00a0a Madrigal de la Vera, pasando por los Pueblos Nuevos y el pantano de Rosarito, para despu\u00e9s de una paradita, seguir ruta a Losar de la vera (famoso por sus jardines), donde tambi\u00e9n habr\u00e1 un refrigerio y de ah\u00ed de vuelta a Talayuela. (En las paradas cada uno se pagar\u00e1 su consumici\u00f3n).<\/p>\n<p style=\"text-align: justify;\"><strong>\u00a0 \u00a0 No hay inscripciones<\/strong>, ni patrocinadores, ni nada que se le parezca, sin compromisos, solo quieren que salga lo m\u00e1s econ\u00f3mico posible para los participantes.<\/p>\n<p style=\"text-align: justify;\">\u00a0 \u00a0 Los que quieran quedarse a dormir la noche anterior tendr\u00e1n un precio especial (rebajado 20\u20ac) en el <a title=\"Hotel Talayuela Golf\" href=\"http:\/\/www.hoteltalayuelagolf.com\/\" target=\"_blank\" rel=\"external nofollow\">Hotel Talayuela Golf<\/a>, para hacer la reserva, indicar que\u00a0vais a la Varavera.<\/p>\n<p style=\"text-align: justify;\">\u00a0 \u00a0 En los postres habr\u00e1 un par de sorpresas. Para las moteras, tanto pilotando como de acompa\u00f1ante, se sortear\u00e1 un caso, y para los moteros un pack de libros y\u00a0dem\u00e1s.<\/p>\n<div id=\"attachment_381\" style=\"width: 160px\" class=\"wp-caption alignright\"><a href=\"\/moterosdehoy\/wp-content\/uploads\/sites\/45\/2012\/09\/Varavera-Men\u00fa.jpg\"><img aria-describedby=\"caption-attachment-381\" loading=\"lazy\" class=\"size-thumbnail wp-image-381\" title=\"Varavera Men\u00fa\" src=\"\/moterosdehoy\/wp-content\/uploads\/sites\/45\/2012\/09\/Varavera-Men\u00fa.jpg\" alt=\"\" width=\"150\" height=\"150\" \/><\/a><p id=\"caption-attachment-381\" class=\"wp-caption-text\">Men\u00fa<\/p><\/div>\n<p style=\"text-align: justify;\"><strong>\u00a0 \u00a0 La ruta ser\u00e1 libre, pero para reservar las comidas deber\u00e1s entrar en contacto<\/strong> con el\u00a0m\u00f3vil: 607 850 902, o fran@arexweb.es, o tambi\u00e9n\u00a0al movil: 659 669 439, o skovarh@gmail.com.<\/p>\n<p style=\"text-align: justify;\"><strong>\u00a0 \u00a0 Si deseas saber el men\u00fa haz click sobre la imagen de la derecha.\u00a0<\/strong><\/p>\n<p style=\"text-align: justify;\">\u00a0 \u00a0Y si el tiempo acompa\u00f1a, dejar\u00e1n utilizar la piscina del Hotel.<\/p>\n<p style=\"text-align: justify;\"><strong>\u00a0 \u00a0 Saludos y r\u00e1fagas.<\/strong><\/p>\n<!-- AddThis Advanced Settings generic via filter on the_content --><!-- AddThis Share Buttons generic via filter on the_content -->","protected":false},"excerpt":{"rendered":"<p>\u00a0 \u00a0 De la mano de nuestro amigo &#8220;Fran&#8221; y apoyado con la colaboraci\u00f3n del motoclub VCE (Varadero Club Espa\u00f1a) y el grupo Custratur (Custom-Trail-Turismo), han organizado una ruta por la zona de la Vera, para disfrutar de un d\u00eda de convivencia motera. \u00a0 \u00a0 Para ello se reunir\u00e1n en la gasolinera de Talayuela (es [&hellip;]<!-- AddThis Advanced Settings generic via filter on get_the_excerpt --><!-- AddThis Share Buttons generic via filter on get_the_excerpt --><\/p>\n","protected":false},"author":49,"featured_media":0,"comment_status":"open","ping_status":"closed","sticky":false,"template":"","format":"standard","meta":[],"categories":[11,13],"tags":[313,622,624,639,641],"_links":{"self":[{"href":"https:\/\/blogs.hoy.es\/moterosdehoy\/wp-json\/wp\/v2\/posts\/379"}],"collection":[{"href":"https:\/\/blogs.hoy.es\/moterosdehoy\/wp-json\/wp\/v2\/posts"}],"about":[{"href":"https:\/\/blogs.hoy.es\/moterosdehoy\/wp-json\/wp\/v2\/types\/post"}],"author":[{"embeddable":true,"href":"https:\/\/blogs.hoy.es\/moterosdehoy\/wp-json\/wp\/v2\/users\/49"}],"replies":[{"embeddable":true,"href":"https:\/\/blogs.hoy.es\/moterosdehoy\/wp-json\/wp\/v2\/comments?post=379"}],"version-history":[{"count":0,"href":"https:\/\/blogs.hoy.es\/moterosdehoy\/wp-json\/wp\/v2\/posts\/379\/revisions"}],"wp:attachment":[{"href":"https:\/\/blogs.hoy.es\/moterosdehoy\/wp-json\/wp\/v2\/media?parent=379"}],"wp:term":[{"taxonomy":"category","embeddable":true,"href":"https:\/\/blogs.hoy.es\/moterosdehoy\/wp-json\/wp\/v2\/categories?post=379"},{"taxonomy":"post_tag","embeddable":true,"href":"https:\/\/blogs.hoy.es\/moterosdehoy\/wp-json\/wp\/v2\/tags?post=379"}],"curies":[{"name":"wp","href":"https:\/\/api.w.org\/{rel}","templated":true}]}}