{"id":387,"date":"2012-09-26T21:25:28","date_gmt":"2012-09-26T21:25:28","guid":{"rendered":"http:\/\/blogs.hoy.es\/moterosdehoy\/?p=387"},"modified":"2012-09-26T21:25:28","modified_gmt":"2012-09-26T21:25:28","slug":"concentraciones-moteras-en-octubre-2012","status":"publish","type":"post","link":"https:\/\/blogs.hoy.es\/moterosdehoy\/2012\/09\/26\/concentraciones-moteras-en-octubre-2012\/","title":{"rendered":"Concentraciones moteras en octubre 2012"},"content":{"rendered":"<h3 style=\"text-align: justify;\">\u00a0 \u00a0 Aqu\u00ed os dejo las principales concentraciones y kedadas moteras para <strong>octubre<\/strong>, como pod\u00e9is ver hay muchas e ir\u00e9 a\u00f1adiendo m\u00e1s. Est\u00e1n separadas primero las de dentro de Extremadura y luego las dem\u00e1s.<\/h3>\n<h3 style=\"text-align: left;\">Relaci\u00f3n de concentraciones y quedadas moteras a lo largo de\u00a0<strong>octubre<\/strong>\u00a02012 dentro de\u00a0<strong>Extremadura<\/strong>:<\/h3>\n<p>D\u00edas\u00a0<strong>5, 6 y 7<\/strong>\u00a0\u2013\u00a0<a title=\"VI Concentraci\u00f3n motoclub La Serena\" href=\"http:\/\/www.tumotoweb.com\/destacada.php?id=1838\" target=\"_blank\" rel=\"external nofollow\">VI Concentraci\u00f3n motoclub La Serena<\/a>, en Castuera (<strong>Badajoz<\/strong>)<\/p>\n<p>D\u00edas <strong>5, 6 y 7<\/strong> &#8211; <a title=\"I Encuentro motero Berrea en Monfrag\u00fce\" href=\"http:\/\/www.tumotoweb.com\/destacada.php?id=2254\" target=\"_blank\" rel=\"external nofollow\">I Encuentro motero. Berrea en Monfrag\u00fce<\/a>, en Malpartida de Plasencia (<strong>C\u00e1ceres<\/strong>)<\/p>\n<p>D\u00edas<strong>\u00a06 y 7<\/strong>\u00a0\u2013\u00a0<a title=\"XVIII Concentraci\u00f3n motera El Lince Veloz\" href=\"http:\/\/www.tumotoweb.com\/destacada.php?id=2244\" target=\"_blank\" rel=\"external nofollow\">XVIII\u00a0Concentraci\u00f3n motera El Lince Veloz<\/a>, en Zarza de Granadilla (<strong>C\u00e1ceres<\/strong>)<\/p>\n<p>D\u00eda <strong>7<\/strong> &#8211; <a title=\"I Encuentro motero y d\u00eda de convivencia en Badajoz\" href=\"https:\/\/blogs.hoy.es\/moterosdehoy\/2012\/09\/27\/kedada-motera-en-badajoz\/\" target=\"_blank\">I Encuentro motero y d\u00eda de convivencia<\/a> en <strong>Badajoz\u00a0<\/strong><\/p>\n<p>D\u00eda <strong>7<\/strong> &#8211; <a title=\"III Convivencia motera Milanes\" href=\"http:\/\/www.mcalikates.com\/calconcentra\/index.php\" target=\"_blank\" rel=\"external nofollow\">III Convivencia motera Millanes<\/a>, en Milanes de la Mata\u00a0(<strong>C\u00e1ceres<\/strong>)<\/p>\n<p>D\u00eda <strong>14<\/strong> &#8211; <a title=\"II Kedada motera en Navalvillar de Pela\" href=\"https:\/\/blogs.hoy.es\/moterosdehoy\/2012\/10\/01\/ii-kedada-motera-en-navalvillar-de-pela\/\" target=\"_blank\">II Kedada motera en Navalvillar de Pela<\/a> (<strong>Badajoz<\/strong>)<\/p>\n<p>D\u00eda <strong>20<\/strong> &#8211; <a title=\"II Kedada Hornachos - Cochinillos\" href=\"https:\/\/blogs.hoy.es\/moterosdehoy\/2012\/10\/12\/ii-kedada-hornachos-cochinillos\/\" target=\"_blank\">II Kedada Hornachos &#8211; Cochinillos<\/a>, con salida y regreso desde <strong>Badajoz<\/strong><\/p>\n<p>D\u00eda <strong>21<\/strong> &#8211; <a title=\"II Encuentro motero Curva Recta\" href=\"https:\/\/blogs.hoy.es\/moterosdehoy\/2012\/10\/18\/ii-encuentro-motero-en-higuera-la-real\/\" target=\"_blank\">II Encuentro motero Curva Recta<\/a>, en Higuera la Real (<strong>Badajoz<\/strong>)<\/p>\n<p>D\u00eda <strong>21<\/strong> &#8211; <a title=\"IV Convivencia motera \"Los Compadres\"\" href=\"https:\/\/blogs.hoy.es\/moterosdehoy\/2012\/10\/20\/iv-convivencia-motera-en-ribera-del-fresno\/\" target=\"_blank\">IV Convivencia motera &#8220;Los Compadres&#8221;<\/a>, en Ribera del Fresno (<strong>Badajoz<\/strong>)<\/p>\n<p>D\u00eda <strong>27 y 28<\/strong> &#8211; <a title=\"V Convivencia motera oto\u00f1al en Almaraz\" href=\"https:\/\/blogs.hoy.es\/moterosdehoy\/2012\/10\/17\/v-convivencia-motera-otonal-en-almaraz\/\" target=\"_blank\">V Convivencia motera oto\u00f1al en Almaraz<\/a> (<strong>C\u00e1ceres<\/strong>)<\/p>\n<p>D\u00eda <strong>28<\/strong> &#8211; <a title=\"I Reuni\u00f3n de Vespas y motos cl\u00e1sicas en Badajoz\" href=\"https:\/\/blogs.hoy.es\/moterosdehoy\/2012\/10\/15\/i-reunion-de-vespas-y-motos-clasicas-en-badajoz\/\" target=\"_blank\">I Reuni\u00f3n de Vespas y motos cl\u00e1sicas<\/a> en <strong>Badajoz<\/strong>.<\/p>\n<div id=\"attachment_388\" style=\"width: 310px\" class=\"wp-caption aligncenter\"><a href=\"\/moterosdehoy\/wp-content\/uploads\/sites\/45\/2012\/09\/Concentraci\u00f3n-motos.jpg\"><img aria-describedby=\"caption-attachment-388\" loading=\"lazy\" class=\"size-medium wp-image-388\" title=\"Concentraci\u00f3n motos\" src=\"\/moterosdehoy\/wp-content\/uploads\/sites\/45\/2012\/09\/Concentraci\u00f3n-motos.jpg\" alt=\"\" width=\"300\" height=\"201\" srcset=\"https:\/\/static-blogs.hoy.es\/wp-content\/uploads\/sites\/45\/2012\/09\/Concentraci\u00f3n-motos.jpg 600w, https:\/\/static-blogs.hoy.es\/wp-content\/uploads\/sites\/45\/2012\/09\/Concentraci\u00f3n-motos-300x201.jpg 300w\" sizes=\"(max-width: 300px) 100vw, 300px\" \/><\/a><p id=\"caption-attachment-388\" class=\"wp-caption-text\">Concentraciones en octubre<\/p><\/div>\n<h3>Concentraciones y quedadas moteras a lo largo de <strong>octubre\u00a0<\/strong>2012\u00a0<strong>fuera de Extremadura<\/strong>:<\/h3>\n<p>D\u00edas <strong>del 1 al 7<\/strong> &#8211; <a title=\"XXV Reuni\u00f3n internacional de motos antiguas\" href=\"http:\/\/www.mcpiston.com\/index.htm\" target=\"_blank\" rel=\"external nofollow\">XXV Reuni\u00f3n internacional de motos antiguas<\/a> Santander &#8211; El Sardinero (<strong>Santander<\/strong>)<\/p>\n<p>D\u00eda<strong>\u00a06<\/strong>\u00a0&#8211;<a title=\"II Reuni\u00f3n mototur\u00edstica en Torremolinos\" href=\"http:\/\/eventosmoterosyconcentraciones.blogspot.com.es\/2012\/09\/2-reunion-mototuristica-ciudad-de.html\" target=\"_blank\" rel=\"external nofollow\">\u00a0II Reuni\u00f3n mototur\u00edstica &#8220;Ciudad de Torremolinos&#8221;<\/a>, en Torremolinos (<strong>M\u00e1laga<\/strong>)<\/p>\n<p>D\u00eda <strong>6<\/strong> &#8211; <a title=\"I Concentraci\u00f3n y ruta de motos cl\u00e1sicas\" href=\"https:\/\/www.facebook.com\/events\/451642941535918\/\" target=\"_blank\" rel=\"external nofollow\">I Concentraci\u00f3n y ruta de motos cl\u00e1sicas<\/a>, en Sig\u00fcenza (<strong>Madrid<\/strong>)<\/p>\n<p>D\u00eda<strong> 6<\/strong> &#8211; <a title=\"I Kedada motera en Velada\" href=\"http:\/\/www.orgullosodesermotero.com\/index.php\/agosto-24-25-26\/100-concentraciones-2012\/octubre-2012\/octubre-5-6-7\/142-i-kedada-motera-en-velada-toledo-el-6-octubre-2012\" target=\"_blank\" rel=\"external nofollow\">I Kedada motera, en Velada<\/a> (<strong>Toledo<\/strong>)<\/p>\n<p>D\u00eda <strong>6<\/strong> &#8211; <a title=\"La kedada de octubre\" href=\"http:\/\/www.motoclubasturias.com\/foro\/index.php\/topic,10369.0.html\" target=\"_blank\" rel=\"external nofollow\">La kedada de octubre<\/a>, en parque natural de Muniellos (<strong>Asturias<\/strong>)<\/p>\n<p>D\u00edas\u00a0<strong>6 y 7<\/strong>\u00a0&#8211;\u00a0<a title=\"XV Concentraci\u00f3n motera Dinosaurios\" href=\"http:\/\/www.alarca.es\/xv-concentracion-de-motos-dinosaurios-2012-.html\" target=\"_blank\" rel=\"external nofollow\">XV Concentraci\u00f3n motera Dinosaurios<\/a>, en Oy\u00f3n &#8211; Oi\u00f3n (<strong>\u00c1lava<\/strong>)<\/p>\n<p>D\u00edas <strong>6 y 7<\/strong> &#8211; <a title=\"XVII Concentraci\u00f3 motociclista en Flix\" href=\"http:\/\/www.orgullosodesermotero.com\/index.php\/octubre-5-6-7\/100-concentraciones-2012\/octubre-2012\/octubre-5-6-7\/105-xvii-concentracion-vila-de-flix-tarragona-el-6-7-octubre-2012\" target=\"_blank\" rel=\"external nofollow\">XVII Concentraci\u00f3 motociclista &#8220;Villa de Flix&#8221;<\/a>, en Flix (<strong>Tarragona<\/strong>)<\/p>\n<p>D\u00edas <strong>6 y 7<\/strong> &#8211; <a title=\"II Fiesta quemasangres en Villagordo\" href=\"http:\/\/www.orgullosodesermotero.com\/index.php\/agosto-24-25-26\/100-concentraciones-2012\/octubre-2012\/octubre-5-6-7\/140-ii-fiesta-quemasangres-en-villargordo-jaen-el-6-7-octubre-2012\" target=\"_blank\" rel=\"external nofollow\">II Fiesta quemasangres<\/a>, en Villagordo (<strong>Ja\u00e9n<\/strong>)<\/p>\n<p>D\u00edas <strong>6 y 7<\/strong> &#8211; <a title=\"Sixty Rider Festival 2012\" href=\"http:\/\/www.motociclismo.es\/comunidad\/concentraciones\/articulo\/sixty-rider-festival-2012\" target=\"_blank\" rel=\"external nofollow\">Sixty Rider Festival 201<\/a>2, en Villaca\u00f1as (<strong>Toledo<\/strong>)<\/p>\n<p>D\u00edas<strong> 6 y 7<\/strong> &#8211; <a title=\"I Concentraci\u00f3n motera Segovia\" href=\"http:\/\/www.mcalikates.com\/calconcentra\/index.php\" target=\"_blank\" rel=\"external nofollow\">Concentraci\u00f3n motera Segovia<\/a>, en <strong>Segovia<\/strong>.<\/p>\n<p>D\u00eda <strong>7<\/strong> &#8211; <a title=\"VIII Motoalmuerzo \"Ciudad de Elche\"\" href=\"http:\/\/www.tumotoweb.com\/destacada.php?id=1928\" target=\"_blank\" rel=\"external nofollow\">VIII Motoalmuerzo &#8220;Ciudad de Elche&#8221;<\/a>, en Elche (<strong>Alicante<\/strong>)<\/p>\n<p>D\u00eda <strong>7<\/strong> &#8211; <a title=\"II Ruta Mototur\u00edstica en Villalba del Alcor\" href=\"http:\/\/alas9saliendo.blogspot.com.es\/2012\/08\/ii-ruta-mototuristica-villalba-del-alcor.html\" target=\"_blank\" rel=\"external nofollow\">II Ruta Mototur\u00edstica<\/a>, en Villalba del Alcor (<strong>Huelva<\/strong>)<\/p>\n<p>D\u00eda <strong>7<\/strong> &#8211; <a title=\"II Reuni\u00f3n moto-rock La Sierrecilla\" href=\"http:\/\/www.tumotoweb.com\/destacada.php?id=2227\" target=\"_blank\" rel=\"external nofollow\">IV Reuni\u00f3n moto-rock, V aniversario<\/a>, en Humilladero (<strong>M\u00e1laga<\/strong>)<\/p>\n<p>D\u00eda <strong>7<\/strong> &#8211; <a title=\"II Reuni\u00f3n motera Mikonos\" href=\"http:\/\/www.tumotoweb.com\/destacada.php?id=2241\" target=\"_blank\" rel=\"external nofollow\">II Reuni\u00f3n motera Mikonos<\/a>, en Herrera (<strong>Sevilla<\/strong>)<!--more--><\/p>\n<p>D\u00eda <strong>7<\/strong> &#8211; <a title=\"VI Aniversario Los Galgos\" href=\"http:\/\/www.voydeconcentracion.com\/2012\/09\/6-aniversario-los-galgos-tragamillas.html\" target=\"_blank\" rel=\"external nofollow\">VI Aniversario Los Galgos, en Maruanas<\/a> &#8220;El Carpio&#8221; (<strong>C\u00f3rdoba<\/strong>)<\/p>\n<p>D\u00eda <strong>7<\/strong> &#8211; <a title=\"VIII Custom &#038; Clasic\" href=\"http:\/\/www.contumoto.com\/verEvento.php?IDEvento=498\" target=\"_blank\" rel=\"external nofollow\">VIII Custom &#038; Clasic,<\/a> en Vilanova del Cami (<strong>Barcelona<\/strong>)<\/p>\n<p>D\u00eda <strong>10<\/strong> &#8211; <a title=\"XVI Ruta mototur\u00edstica Sierra Norte\" href=\"http:\/\/eventosmoterosyconcentraciones.blogspot.com.es\/2010\/09\/xvi-ruta-mototuristica-sierra-norte.html\" target=\"_blank\" rel=\"external nofollow\">XVI Ruta mototur\u00edstica Sierra Norte<\/a>, en La Rinconada (<strong>Sevilla<\/strong>)<\/p>\n<p>D\u00edas <strong>11, 12, 13 y 14<\/strong> &#8211; <a title=\"II Concentraci\u00f3n Anual Federaci\u00f3n Espa\u00f1ola Harley Riders\" href=\"http:\/\/www.cafe-hdc.com\/\" target=\"_blank\" rel=\"external nofollow\">II CAFE HDC<\/a>, en Llucmayor (<strong>Baleares<\/strong>) &#8211; &#8211; &#8211; <strong>Anulada<\/strong><\/p>\n<p>D\u00edas <strong>12, 13 y 14<\/strong> &#8211; <a title=\"I Feria de cl\u00e1sicos en Lucena\" href=\"http:\/\/www.vespaclublucena.es\/?p=742\" target=\"_blank\" rel=\"external nofollow\">I Feria de cl\u00e1sicos, en Lucena<\/a> (<strong>C\u00f3rdoba<\/strong>)<\/p>\n<p>D\u00edas <strong>12, 13 y 14<\/strong> &#8211; <a title=\"XII Concentraci\u00f3n mototur\u00edstica Salm\u00f3n 2012\" href=\"http:\/\/www.orgullosodesermotero.com\/index.php\/agosto-24-25-26\/101-concentraciones-2012\/octubre-2012\/octubre-12-13-14\/141-12-concentracion-mototuristica-salmon-2012-en-ramales-de-la-victoria-cantabria-el-12-13-14-octubre-2012\" target=\"_blank\" rel=\"external nofollow\">XII Concentraci\u00f3n mototur\u00edstica Salm\u00f3n 2012<\/a>, en Ramales de la Victoria (<strong>Cant\u00e1bria<\/strong>)<\/p>\n<p>D\u00edas <strong>12, 13 y 14<\/strong> &#8211; <a title=\"XXII Crossroad Meeting, en Calahorra\" href=\"http:\/\/eventosmoterosyconcentraciones.blogspot.com.es\/2012\/08\/xxii-crossroads-meeting.html\" target=\"_blank\" rel=\"external nofollow\">XXII Crossroad Meeting<\/a>, en Calahorra (<strong>La Rioja<\/strong>)<\/p>\n<p>D\u00edas <strong>12, 13 y 14<\/strong> &#8211; <a title=\"V Aniversario V.O.C.S. Mallorca\" href=\"https:\/\/docs.google.com\/viewer?embedded=true&#038;url=http:\/\/www.vocs.org\/documentos\/files\/Inscripciones\/programa%20V%20Aniversario.pdf\" target=\"_blank\">V Aniversario V.O.C.S. Mallorca<\/a>, en <strong>Mallorca &#8211; &#8211; &#8211; <\/strong>Concentraci\u00f3n especial Vulcan<\/p>\n<p>D\u00eda <strong>13<\/strong> &#8211; <a title=\"II Aniversario Krakens MC Nomadas\" href=\"http:\/\/www.alanos.es\/t51-ii-aniversario-de-krakens-mc-nomadas\" target=\"_blank\" rel=\"external nofollow\">II Aniversario Krakens MC Nomadas<\/a>, en ciudad de Parla (<strong>Madrid<\/strong>)<\/p>\n<p>D\u00edas <strong>13 y 14<\/strong> &#8211; <a title=\"VIII Concentraci\u00f3n motera en Villa de Algar\" href=\"http:\/\/www.tumotoweb.com\/destacada.php?id=2228\" target=\"_blank\" rel=\"external nofollow\">VIII Concentraci\u00f3n motera &#8220;Kita q t kito&#8221;<\/a>, en Villa de Algar (<strong>C\u00e1diz<\/strong>)<\/p>\n<p>D\u00edas<strong> 13 y 14<\/strong> &#8211; <a title=\"C\u00e1rbula 2012\" href=\"http:\/\/www.guiatourracing.com\/concentracion_motera_carbula_almodovar_del_rio_cordoba.html\" target=\"_blank\" rel=\"external nofollow\">C\u00e1rbula 2012, en Almod\u00f3var del R\u00edo<\/a> (<strong>Cordoba<\/strong>)<\/p>\n<p>D\u00edas <strong>13 y 14<\/strong> &#8211; <a title=\"I Concentraci\u00f3n motera Regueiro Sport\" href=\"http:\/\/www.contumoto.com\/verEvento.php?IDEvento=496\" target=\"_blank\" rel=\"external nofollow\">I Concentraci\u00f3n motera Regueiro Sport<\/a>, en Soto de Cibuyo &#8211; Cangas del Narcea (<strong>Asturias<\/strong>)<\/p>\n<p>D\u00eda <strong>14<\/strong> &#8211; <a title=\"VIII Concentraci\u00f3n y paseo internacional motos cl\u00e1sicas\" href=\"http:\/\/lamaneta.com\/news\/blog\/2012\/08\/13\/viii-concentracion-y-paseo-internacional-de-motos-clasicas-y-antiguas\/\" target=\"_blank\" rel=\"external nofollow\">VIII Concentraci\u00f3n y paseo internacional de motos cl\u00e1sicas<\/a> (antiguas), en Bellavista (<strong>Sevilla<\/strong>)<\/p>\n<p>D\u00eda <strong>14<\/strong> &#8211; <a title=\"XVIII Ruta mototur\u00edstica Sierra Norte\" href=\"http:\/\/www.tumotoweb.com\/destacada.php?id=2232\" target=\"_blank\" rel=\"external nofollow\">XVIII Ruta mototur\u00edstica Sierra Norte<\/a>, en La Rinconada (<strong>C\u00f3rdoba<\/strong>)<\/p>\n<p>D\u00eda <strong>14<\/strong> &#8211; <a title=\"Reuni\u00f3n de motoristas M\u00e1s Gas\" href=\"http:\/\/www.tumotoweb.com\/destacada.php?id=2240\" target=\"_blank\" rel=\"external nofollow\">Reuni\u00f3n de motoristas M\u00e1s Gas<\/a>, en <strong>C\u00f3rdoba<\/strong><\/p>\n<p>D\u00eda <strong>14<\/strong> &#8211; <a title=\"V Reuni\u00f3n motera Rociana del Condado\" href=\"http:\/\/www.tumotoweb.com\/destacada.php?id=2262\" target=\"_blank\" rel=\"external nofollow\">V Reuni\u00f3n motera<\/a>, en Rociana del Condado (<strong>Huelva<\/strong>)<\/p>\n<p>D\u00eda <strong>14<\/strong> &#8211; VIII Concentraci\u00f3n motera Ciudad de Carmona (<strong>Sevilla<\/strong>) &#8211; Sin datos.<\/p>\n<p>D\u00eda <strong>14<\/strong> &#8211; <a title=\"4 par motor jjpolit\" href=\"http:\/\/www.planetacustom.es\/index.php?it=7&#038;evn=270\" target=\"_blank\" rel=\"external nofollow\">4 par motor jjpolit<\/a>, en La Vall Duixo (<strong>Castell\u00f3n<\/strong>)<\/p>\n<p>D\u00eda <strong>14<\/strong> &#8211; <a title=\"II Moto almuerzo villa de las Pedro\u00f1eras\" href=\"http:\/\/www.mcalikates.com\/calconcentra\/index.php?paginado=25\" target=\"_blank\" rel=\"external nofollow\">II Moto almuerzo villa de las Pedro\u00f1eras<\/a> (<strong>Cuenca<\/strong>)<\/p>\n<p>D\u00eda <strong>14<\/strong> &#8211; <a title=\"II Encuentro motero en Pruna\" href=\"http:\/\/www.moterus.es\/eventos\/ii-encuentro-motero-de-pruna-atencion-cambio-de-fecha-2012-11-4\" target=\"_blank\" rel=\"external nofollow\">II Encuentro motero en Pruna<\/a> (<strong>Sevilla<\/strong>) &#8212; Cambia al 4 de Nov<\/p>\n<p>D\u00edas <strong>19, 20 y 21<\/strong> &#8211; <a title=\"XVIII Congregaci\u00f3n motera Ribera del Duero\" href=\"http:\/\/www.tumotoweb.com\/destacada.php?id=2157\" target=\"_blank\" rel=\"external nofollow\">XVIII Congregaci\u00f3n motera Ribera del Duero<\/a>, en Ribera del Duero (<strong>Valladolid<\/strong>)<\/p>\n<p>D\u00eda <strong>20<\/strong> &#8211; <a title=\"Ducati Day 2012\" href=\"http:\/\/www.tumotoweb.com\/destacada.php?id=2257\" target=\"_blank\" rel=\"external nofollow\">Ducati Day 2012<\/a>, en Circuito de Albacete (<strong>Albacete<\/strong>)<\/p>\n<p>D\u00edas <strong>20 y 21<\/strong> &#8211; <a title=\"IV Gran concentraci\u00f3n motera en Mandala Beach Moj\u00e1car\" href=\"http:\/\/www.tumotoweb.com\/destacada.php?id=2231\" target=\"_blank\" rel=\"external nofollow\">IV Gran concentraci\u00f3n motera<\/a>, en Mandala Beach Moj\u00e1car (<strong>Almer\u00eda<\/strong>)<\/p>\n<p>D\u00edas <strong>20 y 21<\/strong> &#8211; <a title=\"I Encuentro motero solidario Atecea\" href=\"http:\/\/www.wherevent.com\/detail\/Cimmerios-Zaragoza-I-ENCUENTRO-MOTERO-SOLIDARIO-ATECEA\" target=\"_blank\" rel=\"external nofollow\">I Encuentro motero solidario Atecea<\/a>, en <strong>Zaragoza<\/strong>.<\/p>\n<p>D\u00eda <strong>21<\/strong> &#8211; <a title=\"III Paellada motera en Ciudad de Lebrija\" href=\"http:\/\/www.tumotoweb.com\/destacada.php?id=2197\" target=\"_blank\" rel=\"external nofollow\">III Paellada motera 2012<\/a>, en Ciudad de Lebrija (<strong>Sevilla<\/strong>)<\/p>\n<p>D\u00eda <strong>21<\/strong> &#8211; <a title=\"XIII Matinal motera REVOLTS 2012\" href=\"http:\/\/caballerosdesion.foroactivo.com\/\" target=\"_blank\" rel=\"external nofollow\">XII+I Matinal Motera Revolts 2012<\/a>, en Sabadell (<strong>Barcelona<\/strong>)<\/p>\n<p>D\u00eda <strong>21<\/strong> &#8211; <a title=\"VIII Motoalmuerzo boulevard racing\" href=\"http:\/\/www.portalmotos.com\/eventos-moteros\/viii-motoalmuerzo-motoclub-boulevard-racing-rafal\/2125.html\" target=\"_blank\" rel=\"external nofollow\">VIII Motoalmuerzo boulevard racing Rafal<\/a>, en Rafal (<strong>Alicante<\/strong>)<\/p>\n<p>Del <strong>25 al 29<\/strong> &#8211; <a title=\"Crazy Rhythm Festival 2012\" href=\"http:\/\/www.facebook.com\/events\/147990245298631\/\" target=\"_blank\" rel=\"external nofollow\">Crazy Rhythm Festival 2012<\/a>, en <strong>Valencia<\/strong>.<\/p>\n<p>Del <strong>26 al 30<\/strong> &#8211; <a title=\"Evento mototur\u00edstico internacional Segovia-Castilla\" href=\"http:\/\/www.moterus.es\/eventos\/evento-moto-turistico-segovia-castilla-2012-10-26\" target=\"_blank\" rel=\"external nofollow\">Evento mototur\u00edstico internacional Segovia-Castilla<\/a>, en <strong>Segovia.<\/strong><\/p>\n<p>D\u00edas <strong>27 y 28<\/strong> &#8211; <a title=\"VIII Concentraci\u00f3n motera ciudad de Constantina\" href=\"http:\/\/www.tumotoweb.com\/destacada.php?id=2261\" target=\"_blank\" rel=\"external nofollow\">VIII Concentraci\u00f3n motera ciudad de Constantina<\/a>, GAMBRINUS 2012, en Constantina (<strong>Sevilla<\/strong>)<\/p>\n<p>D\u00eda <strong>27<\/strong> &#8211; <a title=\"II Gran Slam K9\" href=\"http:\/\/www.tumotoweb.com\/destacada.php?id=2280\" target=\"_blank\" rel=\"external nofollow\">II Gran Slam K9<\/a>, en Estepona (<strong>M\u00e1laga<\/strong>)<\/p>\n<p>D\u00eda <strong>27<\/strong> &#8211; <a title=\"II Quedada motera en favor de ADACE CLM\" href=\"http:\/\/www.tumotoweb.com\/destacada.php?id=2280\" target=\"_blank\" rel=\"external nofollow\">II Quedada motera en favor de ADACE CLM<\/a>, en Noblejas (<strong>Toledo<\/strong>)<\/p>\n<p>D\u00eda <strong>27<\/strong> &#8211; <a title=\"Fiesta Custom Rock en Xativa\" href=\"http:\/\/www.mcalikates.com\/calconcentra\/index.php\" target=\"_blank\" rel=\"external nofollow\">Fiesta Custom Rock<\/a>, en Xativa (<strong>Valencia<\/strong>)<\/p>\n<p>D\u00eda <strong>28<\/strong> &#8211; <a title=\"II Desayuno motero gratuito Factory Bike\" href=\"http:\/\/www.motociclismo.es\/comunidad\/concentraciones\/evento\/ii-desayuno-motero-factory-bike-pontevedra\" target=\"_blank\" rel=\"external nofollow\">II Desayuno motero gratuito Factory Bike Pontevedra<\/a>, en <strong>Pontevedra.<\/strong><\/p>\n<p>D\u00eda <strong>28<\/strong> &#8211; <a title=\"Matinal diab\u00f3lica custom\" href=\"http:\/\/www.contumoto.com\/verEvento.php?IDEvento=504\" target=\"_blank\" rel=\"external nofollow\">Matinal diab\u00f3lica custom<\/a>, en <strong>Valencia.<\/strong><\/p>\n<p>D\u00eda <strong>28<\/strong> &#8211; <a title=\"V Aniversario motoclub Guadaira\" href=\"http:\/\/www.motoclubguadaira.com\/portal\/rutas-y-actividades\/\" target=\"_blank\" rel=\"external nofollow\">V Aniversario motoclub Guadaira<\/a>, en Alcal\u00e1 de Guadaira (<strong>Sevilla<\/strong>)<\/p>\n<p>D\u00eda <strong>28<\/strong> &#8211; <a title=\"Jornada Motera \"El Revent\u00f3n\"\" href=\"http:\/\/www.facebook.com\/events\/438686936166547\/443905122311395\/?ref=notif&#038;notif_t=plan_mall_activity\" target=\"_blank\" rel=\"external nofollow\">Jornada Motera &#8220;El revent\u00f3n&#8221;<\/a>, en Calahorra (<strong>La Rioja<\/strong>)<\/p>\n<p>D\u00eda <strong>28<\/strong> &#8211; <a title=\"III Reuni\u00f3n motera en Cartama\" href=\"http:\/\/www.tumotoweb.com\/destacada.php?id=2265\" target=\"_blank\" rel=\"external nofollow\">III Reuni\u00f3n motera Extreme Customs Bikers<\/a>, en Cartama (<strong>M\u00e1laga<\/strong>)<\/p>\n<p>D\u00eda <strong>28<\/strong> &#8211; <a title=\"IX Reuni\u00f3n motera en Campillos\" href=\"http:\/\/www.tumotoweb.com\/destacada.php?id=2275\" target=\"_blank\" rel=\"external nofollow\">IX Reuni\u00f3n motera<\/a>, en Campillos (<strong>M\u00e1laga<\/strong>)<\/p>\n<p>D\u00eda <strong>28<\/strong> &#8211; <a title=\"VIII Reuni\u00f3n motera Escapes Libres\" href=\"http:\/\/www.tumotoweb.com\/destacada.php?id=2276\" target=\"_blank\" rel=\"external nofollow\">VIII Reuni\u00f3n motera escapes libres<\/a>, en Monturque (<strong>C\u00f3rdoba<\/strong>)<\/p>\n<p>D\u00eda <strong>28<\/strong> &#8211; <a title=\"XX Aniversario motoclub Rum Rum\" href=\"http:\/\/www.tumotoweb.com\/destacada.php?id=2277\" target=\"_blank\" rel=\"external nofollow\">XX Aniversario motoclub Rum Rum<\/a>, en Palos de la Frontera (<strong>Huelva<\/strong>)<\/p>\n<p>D\u00eda <strong>28<\/strong> &#8211; <a title=\"I Concentraci\u00f3n motera A TO PASTO\" href=\"http:\/\/www.contumoto.com\/verEvento.php?IDEvento=521\" target=\"_blank\" rel=\"external nofollow\">I Concentraci\u00f3n motera &#8220;A TO PASTO&#8221;<\/a>, en Villarrasa (<strong>Huelva<\/strong>)<\/p>\n<p>D\u00eda <strong>28<\/strong> &#8211; <a title=\"VIII Motoalmuerzo Bolulevard Racing\" href=\"http:\/\/www.portalmotos.com\/eventos-moteros\/viii-motoalmuerzo-motoclub-boulevard-racing-rafal\/2125.html\" target=\"_blank\" rel=\"external nofollow\">VIII Motoalmuerzo Boulevard Racing<\/a>, en Rafal (<strong>Alicante<\/strong>)<\/p>\n<p>.<\/p>\n<h3>Concentraciones y quedadas moteras a lo largo de\u00a0<strong>octubre<\/strong>\u00a02012\u00a0<strong>fuera de Espa\u00f1a<\/strong>:<\/h3>\n<p>D\u00edas <strong>6 y 7<\/strong> &#8211; <a title=\"X Concentraci\u00f3 Motos en Andorra\" href=\"http:\/\/www.motoclubandorra.com\/motoclubandorra\/index.html\" target=\"_blank\" rel=\"external nofollow\">X Concentraci\u00f3 Motos<\/a>, en Ordino, <strong>Andorra<\/strong><\/p>\n<p>D\u00edas <strong>6 y 7<\/strong> &#8211; <a title=\"FRICORUN 2012\" href=\"http:\/\/www.mantovachapter.it\/?ai1ec_event=frico-run-pordenone-chapter&#038;instance_id=\" target=\"_blank\" rel=\"external nofollow\">VII edizione FRICORUN<\/a>, en Friuli-Venezi Giulia, <strong>Italia<\/strong><\/p>\n<p>D\u00eda <strong>14<\/strong> &#8211; <a title=\"Open Day Harley Davidson Mantova\" href=\"http:\/\/www.mantovachapter.it\/?ai1ec_event=open-day-in-concessionaria-2&#038;instance_id=2445\" target=\"_blank\" rel=\"external nofollow\">Open Day Harley Davidson Mantova<\/a>, en Roncoferraro MN, <strong>Italia<\/strong><\/p>\n<p>.<\/p>\n<p>Ir\u00e9 poniendo m\u00e1s y sus enlaces a medida que se aproximen y me vaya enterando.<\/p>\n<p>Espero que disfrut\u00e9is de muchas de ellas e igual nos vemos por ah\u00ed.<\/p>\n<p><strong>\u00a0 \u00a0Saludos y r\u00e1fagas.<\/strong><\/p>\n<!-- AddThis Advanced Settings generic via filter on the_content --><!-- AddThis Share Buttons generic via filter on the_content -->","protected":false},"excerpt":{"rendered":"<p>\u00a0 \u00a0 Aqu\u00ed os dejo las principales concentraciones y kedadas moteras para octubre, como pod\u00e9is ver hay muchas e ir\u00e9 a\u00f1adiendo m\u00e1s. Est\u00e1n separadas primero las de dentro de Extremadura y luego las dem\u00e1s. Relaci\u00f3n de concentraciones y quedadas moteras a lo largo de\u00a0octubre\u00a02012 dentro de\u00a0Extremadura: D\u00edas\u00a05, 6 y 7\u00a0\u2013\u00a0VI Concentraci\u00f3n motoclub La Serena, en [&hellip;]<!-- AddThis Advanced Settings generic via filter on get_the_excerpt --><!-- AddThis Share Buttons generic via filter on get_the_excerpt --><\/p>\n","protected":false},"author":49,"featured_media":0,"comment_status":"open","ping_status":"closed","sticky":false,"template":"","format":"standard","meta":[],"categories":[5,13],"tags":[268,275,622,629,639],"_links":{"self":[{"href":"https:\/\/blogs.hoy.es\/moterosdehoy\/wp-json\/wp\/v2\/posts\/387"}],"collection":[{"href":"https:\/\/blogs.hoy.es\/moterosdehoy\/wp-json\/wp\/v2\/posts"}],"about":[{"href":"https:\/\/blogs.hoy.es\/moterosdehoy\/wp-json\/wp\/v2\/types\/post"}],"author":[{"embeddable":true,"href":"https:\/\/blogs.hoy.es\/moterosdehoy\/wp-json\/wp\/v2\/users\/49"}],"replies":[{"embeddable":true,"href":"https:\/\/blogs.hoy.es\/moterosdehoy\/wp-json\/wp\/v2\/comments?post=387"}],"version-history":[{"count":0,"href":"https:\/\/blogs.hoy.es\/moterosdehoy\/wp-json\/wp\/v2\/posts\/387\/revisions"}],"wp:attachment":[{"href":"https:\/\/blogs.hoy.es\/moterosdehoy\/wp-json\/wp\/v2\/media?parent=387"}],"wp:term":[{"taxonomy":"category","embeddable":true,"href":"https:\/\/blogs.hoy.es\/moterosdehoy\/wp-json\/wp\/v2\/categories?post=387"},{"taxonomy":"post_tag","embeddable":true,"href":"https:\/\/blogs.hoy.es\/moterosdehoy\/wp-json\/wp\/v2\/tags?post=387"}],"curies":[{"name":"wp","href":"https:\/\/api.w.org\/{rel}","templated":true}]}}