{"id":390,"date":"2012-09-27T17:32:06","date_gmt":"2012-09-27T17:32:06","guid":{"rendered":"http:\/\/blogs.hoy.es\/moterosdehoy\/?p=390"},"modified":"2012-09-27T17:32:06","modified_gmt":"2012-09-27T17:32:06","slug":"kedada-motera-en-badajoz","status":"publish","type":"post","link":"https:\/\/blogs.hoy.es\/moterosdehoy\/2012\/09\/27\/kedada-motera-en-badajoz\/","title":{"rendered":"Kedada motera en Badajoz"},"content":{"rendered":"<p style=\"text-align: justify;\">\u00a0 \u00a0 \u00a0El <strong>d\u00eda 7 de Octubre 2012<\/strong> tendr\u00e1 lugar <strong>en Badajoz\u00a0<\/strong>una kedada motera, con la idea de realizar una ruta hacia la zona norte, en torno a unos 150 km y posteriormente comer juntos en el Hollister Club Custom (sito en\u00a0Pol\u00edgono el Nevero, Av de Manuel Pi\u00f1ero, Badajoz. Traseras antigua discoteca Praya), n\u00ba6).<br \/>\n<a href=\"\/moterosdehoy\/wp-content\/uploads\/sites\/45\/2012\/09\/Sektor-oscuro1.jpg\"><img loading=\"lazy\" class=\"alignright size-thumbnail wp-image-392\" title=\"Sektor oscuro\" src=\"\/moterosdehoy\/wp-content\/uploads\/sites\/45\/2012\/09\/Sektor-oscuro1.jpg\" alt=\"\" width=\"150\" height=\"150\" srcset=\"https:\/\/static-blogs.hoy.es\/wp-content\/uploads\/sites\/45\/2012\/09\/Sektor-oscuro1.jpg 599w, https:\/\/static-blogs.hoy.es\/wp-content\/uploads\/sites\/45\/2012\/09\/Sektor-oscuro1-150x150.jpg 150w, https:\/\/static-blogs.hoy.es\/wp-content\/uploads\/sites\/45\/2012\/09\/Sektor-oscuro1-300x300.jpg 300w\" sizes=\"(max-width: 150px) 100vw, 150px\" \/><\/a><\/p>\n<div class=\"mceTemp\" style=\"text-align: justify;\">\u00a0 \u00a0 Para ello <strong>el grupo <a title=\"Sektor Oscuro\" href=\"http:\/\/www.sektores.com\/foro\/forumdisplay.php?f=71\" target=\"_blank\" rel=\"external nofollow\">Sektor Oscuro<\/a><\/strong>, ha organizado lo que llaman el <strong>\u201cPrimer encuentro motero y d\u00eda de convivencia en Badajoz\u201d<\/strong>, e invitan a todo aquel que quiera asistir a la misma, para pasar un buen d\u00eda de convivencia motera y como dicen ellos: en buen rollo y buena camarader\u00eda.<\/div>\n<div class=\"mceTemp\" style=\"text-align: justify;\"><\/div>\n<div class=\"mceTemp\" style=\"text-align: justify;\"><strong>\u00a0 \u00a0 \u00a0El programa comprende:<\/strong><\/div>\n<p style=\"text-align: justify;\"><strong>9:30<\/strong> H. <strong>Desayuno<\/strong> en <a title=\"Restaurante Laguna Seca\" href=\"http:\/\/www.extremadura.com\/social\/pageitem\/cafeteria-restaurante-laguna-seca\" target=\"_blank\" rel=\"external nofollow\">Laguna Seca<\/a>.<\/p>\n<p style=\"text-align: justify;\"><strong>10:30<\/strong> H. <strong>Salida a la ruta<\/strong>, (Badajoz, Gevora, Valdebotoa, Villar del Rey, Pantano del \u00c1guila, San Vicente de Alcantara, La Codosera, Albuquerque, Valdebotoa, Gevora, Badajoz).<\/p>\n<div id=\"attachment_393\" style=\"width: 310px\" class=\"wp-caption alignright\"><a href=\"\/moterosdehoy\/wp-content\/uploads\/sites\/45\/2012\/09\/Ruta-I-Encuentro-Badajoz.jpg\"><img aria-describedby=\"caption-attachment-393\" loading=\"lazy\" class=\"size-medium wp-image-393\" title=\"Ruta I Encuentro Badajoz\" src=\"\/moterosdehoy\/wp-content\/uploads\/sites\/45\/2012\/09\/Ruta-I-Encuentro-Badajoz.jpg\" alt=\"\" width=\"300\" height=\"251\" srcset=\"https:\/\/static-blogs.hoy.es\/wp-content\/uploads\/sites\/45\/2012\/09\/Ruta-I-Encuentro-Badajoz.jpg 684w, https:\/\/static-blogs.hoy.es\/wp-content\/uploads\/sites\/45\/2012\/09\/Ruta-I-Encuentro-Badajoz-300x252.jpg 300w\" sizes=\"(max-width: 300px) 100vw, 300px\" \/><\/a><p id=\"caption-attachment-393\" class=\"wp-caption-text\">Haz click sobre la imagen para ampliarla.<\/p><\/div>\n<p style=\"text-align: justify;\"><strong>14:00<\/strong> H. Llegada estimada a Hollister Club Custom donde tendr\u00e1n preparada la barbacoa y se dar\u00e1 cuenta de una buena <strong>parrillada<\/strong>.<\/p>\n<p style=\"text-align: justify;\">\u00a0 \u00a0 Las <strong>inscripciones<\/strong> ser\u00e1n de <strong>5 euros<\/strong> por persona (el s\u00e1bado 29 de septiembre a las 19:30 H. se realizar\u00e1 una reuni\u00f3n en el mismo lugar de la parrillada, solicitando a todo aquel que est\u00e9 interesado en participar en el evento, que en medida de lo posible se acerque ese d\u00eda y esa hora a hacer dicha suscripci\u00f3n. Si por alg\u00fan motivo no pudiera, puede hacerlo cualquier otro d\u00eda, pero siempre antes del d\u00eda da la reuni\u00f3n).<\/p>\n<p style=\"text-align: justify;\">\u00a0 \u00a0Si alguien quiere invitar a alg\u00fan familiar solo a la parrillada puede hacerlo abonando los 5\u20ac. La suscripci\u00f3n solo es para la parrillada, las bebidas son a cuenta del consumidor pero al igual tienen precios reducidos.<\/p>\n<p style=\"text-align: justify;\">\u00a0 \u00a0 Os dejo un enlace a la p\u00e1gina del Sektor Oscuro por si quer\u00e9is entrar en contacto con ellos, adem\u00e1s en la p\u00e1gina han puesto una lista para que se vaya apuntando el personal.<\/p>\n<p style=\"text-align: justify;\">\u00a0 \u00a0 Tener en cuenta y para facilitar la organizaci\u00f3n, que<strong> cuando se asiste a una kedada motera con la idea de hacer una ruta, hay que llegar con el dep\u00f3sito de la moto ya repostado<\/strong> y as\u00ed evitar engorros de esperas, cualquier motocicleta est\u00e1 capacitada para realizar la ruta que proponen, por lo que no hay escusa para posteriormente parar a repostar. Por eso a la hora del desayuno se debe de asistir con el dep\u00f3sito lleno. \u00c9ste p\u00e1rrafo me recuerda algo, ya s\u00e9, cuando me dec\u00edan: hay que llegar comido, bebido, meao y cagao. Pero aqu\u00ed no es el caso.<\/p>\n<p style=\"text-align: justify;\"><strong>\u00a0 \u00a0 Saludos y r\u00e1fagas.<\/strong><\/p>\n<!-- AddThis Advanced Settings generic via filter on the_content --><!-- AddThis Share Buttons generic via filter on the_content -->","protected":false},"excerpt":{"rendered":"<p>\u00a0 \u00a0 \u00a0El d\u00eda 7 de Octubre 2012 tendr\u00e1 lugar en Badajoz\u00a0una kedada motera, con la idea de realizar una ruta hacia la zona norte, en torno a unos 150 km y posteriormente comer juntos en el Hollister Club Custom (sito en\u00a0Pol\u00edgono el Nevero, Av de Manuel Pi\u00f1ero, Badajoz. Traseras antigua discoteca Praya), n\u00ba6). \u00a0 [&hellip;]<!-- AddThis Advanced Settings generic via filter on get_the_excerpt --><!-- AddThis Share Buttons generic via filter on get_the_excerpt --><\/p>\n","protected":false},"author":49,"featured_media":0,"comment_status":"open","ping_status":"closed","sticky":false,"template":"","format":"standard","meta":[],"categories":[13],"tags":[369,547,622,624,639,641,899],"_links":{"self":[{"href":"https:\/\/blogs.hoy.es\/moterosdehoy\/wp-json\/wp\/v2\/posts\/390"}],"collection":[{"href":"https:\/\/blogs.hoy.es\/moterosdehoy\/wp-json\/wp\/v2\/posts"}],"about":[{"href":"https:\/\/blogs.hoy.es\/moterosdehoy\/wp-json\/wp\/v2\/types\/post"}],"author":[{"embeddable":true,"href":"https:\/\/blogs.hoy.es\/moterosdehoy\/wp-json\/wp\/v2\/users\/49"}],"replies":[{"embeddable":true,"href":"https:\/\/blogs.hoy.es\/moterosdehoy\/wp-json\/wp\/v2\/comments?post=390"}],"version-history":[{"count":0,"href":"https:\/\/blogs.hoy.es\/moterosdehoy\/wp-json\/wp\/v2\/posts\/390\/revisions"}],"wp:attachment":[{"href":"https:\/\/blogs.hoy.es\/moterosdehoy\/wp-json\/wp\/v2\/media?parent=390"}],"wp:term":[{"taxonomy":"category","embeddable":true,"href":"https:\/\/blogs.hoy.es\/moterosdehoy\/wp-json\/wp\/v2\/categories?post=390"},{"taxonomy":"post_tag","embeddable":true,"href":"https:\/\/blogs.hoy.es\/moterosdehoy\/wp-json\/wp\/v2\/tags?post=390"}],"curies":[{"name":"wp","href":"https:\/\/api.w.org\/{rel}","templated":true}]}}