{"id":40,"date":"2012-05-29T10:20:06","date_gmt":"2012-05-29T10:20:06","guid":{"rendered":"http:\/\/blogs.hoy.es\/moterosdehoy\/?p=40"},"modified":"2012-05-29T10:20:06","modified_gmt":"2012-05-29T10:20:06","slug":"reunion-motera-en-monterrubio-de-la-serena","status":"publish","type":"post","link":"https:\/\/blogs.hoy.es\/moterosdehoy\/2012\/05\/29\/reunion-motera-en-monterrubio-de-la-serena\/","title":{"rendered":"2012-06-03 Reuni\u00f3n motera en Monterrubio de la Serena"},"content":{"rendered":"<p style=\"text-align: justify;\">El pr\u00f3ximo domingo d\u00eda <strong>3 de junio 2012<\/strong>, se celebra la <strong>III reuni\u00f3n motera en Monterrubio de la Serena<\/strong>, lo organiza el motoclub \u201cLa Serena\u201d y la idea es pasar un buen d\u00eda rodeados de nuestros amigos moteros y como no, disfrutar de las carreras de motociclismo.<\/p>\n<p style=\"text-align: justify;\"><a href=\"\/moterosdehoy\/wp-content\/uploads\/sites\/45\/2012\/05\/III-reuni\u00f3n-motera-Monterrubio-de-la-Serena.jpg\"><img loading=\"lazy\" class=\"alignright size-medium wp-image-41\" title=\"III reuni\u00f3n motera Monterrubio de la Serena\" src=\"\/moterosdehoy\/wp-content\/uploads\/sites\/45\/2012\/05\/III-reuni\u00f3n-motera-Monterrubio-de-la-Serena.jpg\" alt=\"\" width=\"211\" height=\"300\" srcset=\"https:\/\/static-blogs.hoy.es\/wp-content\/uploads\/sites\/45\/2012\/05\/III-reuni\u00f3n-motera-Monterrubio-de-la-Serena.jpg 600w, https:\/\/static-blogs.hoy.es\/wp-content\/uploads\/sites\/45\/2012\/05\/III-reuni\u00f3n-motera-Monterrubio-de-la-Serena-212x300.jpg 212w\" sizes=\"(max-width: 211px) 100vw, 211px\" \/><\/a><\/p>\n<p style=\"text-align: justify;\">El lugar de <strong>encuentro<\/strong> ser\u00e1 <strong>en La Caseta del Ayuntamiento<\/strong> de la localidad de Monterrubio de la Serena, que est\u00e1 climatizada por si castiga la calor y adem\u00e1s est\u00e1 rodeada de una amplia zona de aparcamiento, para tener a la moto cerca.<\/p>\n<p style=\"text-align: justify;\">De <strong>9 a 11<\/strong> horas se realizar\u00e1n las <strong>inscripciones<\/strong>, para a las 11 salir de Monterrubio de la Serena a realizar una <strong>ruta<\/strong> entre las localidades de Helechal, Castuera, Zalamea de la Serena y Peraleda del Zucejo, donde se realizar\u00e1 una parada para tomar un refrigerio y aprovechar para ver las carreras de \u201cMoto 2\u201d, posteriormente se continuar\u00e1 hacia Monterrubio de la Serena, donde en La Caseta se podr\u00e1 ver la carrera de \u201cMoto GP\u201d, y a continuaci\u00f3n sin salir de all\u00ed habr\u00e1 comida, consistente en <strong>\u201cCaldereta de Venado\u201d<\/strong>. Para finalizar habr\u00e1 el tradicional <strong>sorteo y entrega de trofeos<\/strong>.<\/p>\n<p style=\"text-align: justify;\">El precio es de <strong>12 euros<\/strong> por persona y a la hora de realizar la inscripci\u00f3n te har\u00e1n entrega de una <strong>bolsa de bienvenida<\/strong>, con un pa\u00f1uelo de la pe\u00f1a, una camiseta de la concentraci\u00f3n, un porta llaves y una botellita de aceite de la zona.<\/p>\n<p style=\"text-align: justify;\">Si quer\u00e9is saber algo m\u00e1s sobre el motoclub o tener contacto con ellos, lo ten\u00e9is en el blog\u00a0<a href=\"http:\/\/motoclublaserena.blogspot.com.es\/\" rel=\"external nofollow\">http:\/\/motoclublaserena.blogspot.com.es\/<\/a>\u00a0o directamente si pinchas en la fotograf\u00eda ver\u00e1s los tel\u00e9fonos de los organizadores.<\/p>\n<p style=\"text-align: justify;\"><strong>\u00a0 \u00a0Saludos y r\u00e1fagas.\u00a0<\/strong><\/p>\n<p>&nbsp;<\/p>\n<!-- AddThis Advanced Settings generic via filter on the_content --><!-- AddThis Share Buttons generic via filter on the_content -->","protected":false},"excerpt":{"rendered":"<p>El pr\u00f3ximo domingo d\u00eda 3 de junio 2012, se celebra la III reuni\u00f3n motera en Monterrubio de la Serena, lo organiza el motoclub \u201cLa Serena\u201d y la idea es pasar un buen d\u00eda rodeados de nuestros amigos moteros y como no, disfrutar de las carreras de motociclismo. El lugar de encuentro ser\u00e1 en La Caseta [&hellip;]<!-- AddThis Advanced Settings generic via filter on get_the_excerpt --><!-- AddThis Share Buttons generic via filter on get_the_excerpt --><\/p>\n","protected":false},"author":49,"featured_media":0,"comment_status":"open","ping_status":"closed","sticky":false,"template":"","format":"standard","meta":[],"categories":[13],"tags":[215,227,622,875],"_links":{"self":[{"href":"https:\/\/blogs.hoy.es\/moterosdehoy\/wp-json\/wp\/v2\/posts\/40"}],"collection":[{"href":"https:\/\/blogs.hoy.es\/moterosdehoy\/wp-json\/wp\/v2\/posts"}],"about":[{"href":"https:\/\/blogs.hoy.es\/moterosdehoy\/wp-json\/wp\/v2\/types\/post"}],"author":[{"embeddable":true,"href":"https:\/\/blogs.hoy.es\/moterosdehoy\/wp-json\/wp\/v2\/users\/49"}],"replies":[{"embeddable":true,"href":"https:\/\/blogs.hoy.es\/moterosdehoy\/wp-json\/wp\/v2\/comments?post=40"}],"version-history":[{"count":0,"href":"https:\/\/blogs.hoy.es\/moterosdehoy\/wp-json\/wp\/v2\/posts\/40\/revisions"}],"wp:attachment":[{"href":"https:\/\/blogs.hoy.es\/moterosdehoy\/wp-json\/wp\/v2\/media?parent=40"}],"wp:term":[{"taxonomy":"category","embeddable":true,"href":"https:\/\/blogs.hoy.es\/moterosdehoy\/wp-json\/wp\/v2\/categories?post=40"},{"taxonomy":"post_tag","embeddable":true,"href":"https:\/\/blogs.hoy.es\/moterosdehoy\/wp-json\/wp\/v2\/tags?post=40"}],"curies":[{"name":"wp","href":"https:\/\/api.w.org\/{rel}","templated":true}]}}