{"id":407,"date":"2012-10-02T21:43:21","date_gmt":"2012-10-02T21:43:21","guid":{"rendered":"http:\/\/blogs.hoy.es\/moterosdehoy\/?p=407"},"modified":"2012-10-02T21:43:21","modified_gmt":"2012-10-02T21:43:21","slug":"una-moto-muy-economica","status":"publish","type":"post","link":"https:\/\/blogs.hoy.es\/moterosdehoy\/2012\/10\/02\/una-moto-muy-economica\/","title":{"rendered":"Una moto muy econ\u00f3mica"},"content":{"rendered":"<p style=\"text-align: justify;\">\u00a0 \u00a0 Bajo el nombre de <strong>Zero XU<\/strong> nos encontramos una motocicleta <strong>innovadora, ligera y el\u00e9ctrica<\/strong>, que combina tecnolog\u00eda punta, rendimiento y funcionalidad para ofrecer lo \u00faltimo en Urban-Commuter.<\/p>\n<p style=\"text-align: justify;\"><a href=\"\/moterosdehoy\/wp-content\/uploads\/sites\/45\/2012\/10\/2012_zero-xu_action.jpg\"><img loading=\"lazy\" class=\"alignright size-medium wp-image-408\" title=\"2012_zero-xu_action\" src=\"\/moterosdehoy\/wp-content\/uploads\/sites\/45\/2012\/10\/2012_zero-xu_action.jpg\" alt=\"\" width=\"300\" height=\"214\" srcset=\"https:\/\/static-blogs.hoy.es\/wp-content\/uploads\/sites\/45\/2012\/10\/2012_zero-xu_action.jpg 1680w, https:\/\/static-blogs.hoy.es\/wp-content\/uploads\/sites\/45\/2012\/10\/2012_zero-xu_action-300x214.jpg 300w, https:\/\/static-blogs.hoy.es\/wp-content\/uploads\/sites\/45\/2012\/10\/2012_zero-xu_action-768x549.jpg 768w, https:\/\/static-blogs.hoy.es\/wp-content\/uploads\/sites\/45\/2012\/10\/2012_zero-xu_action-1024x731.jpg 1024w\" sizes=\"(max-width: 300px) 100vw, 300px\" \/><\/a><\/p>\n<p style=\"text-align: justify;\">\u00a0 \u00a0 La <a title=\"Zero XU\" href=\"http:\/\/www.google.es\/search?q=zero+xu&#038;hl=es&#038;prmd=imvns&#038;tbm=isch&#038;tbo=u&#038;source=univ&#038;sa=X&#038;ei=KE9rUPL7GMeWhQfIwIDADQ&#038;ved=0CDQQsAQ&#038;biw=1280&#038;bih=699&#038;sei=FlprULKdB9SXhQf_34GoCg\" target=\"_blank\" rel=\"external nofollow\">Zero XU<\/a> tiene un estilo \u00e1gil para circular por ciudad, con el asiento bajo para facilitar su uso a cualquier tipo de motorista y a la vez, teniendo una distancia al suelo elevada, que nos permite poder subir o bajar de los bordillos de las aceras. <strong>Con una bater\u00eda extra\u00edble\u00a0y la opci\u00f3n de un cargador independiente<\/strong>, as\u00ed sus conductores pueden cargarla en cualquier lugar. Al igual que con toda la gama de modelos Zero, la recarga de una XU 2012 nos cuesta s\u00f3lo c\u00e9ntimos, con una <strong>duraci\u00f3n de m\u00e1s de 3.000 ciclos de carga completa<\/strong>, o m\u00e1s de 160.000 kms. Mientras que <strong>no requiere mantenimiento de su motor y bater\u00eda<\/strong>. Adem\u00e1s, la rueda trasera es ahora impulsada por una correa de transmisi\u00f3n libre de mantenimiento y <strong>sin marchas<\/strong>. Con una transmisi\u00f3n directa <strong>sin embrague<\/strong>, ofreci\u00e9ndonos un sofisticado <strong>silencio<\/strong>, adem\u00e1s cuenta con su sistema de propulsi\u00f3n <strong>libre de mantenimiento<\/strong>.<\/p>\n<p style=\"text-align: justify;\">\u00a0 \u00a0 Tiene una <strong>autonom\u00eda de 68 km por ciudad<\/strong> y es capaz de alcanzar una <strong>velocidad m\u00e1xima de 104 km\/h<\/strong>, pero si nos desplazamos <strong>por autopista veremos mermada la autonom\u00eda a 44 km y con una velocidad m\u00e1xima sostenida de 88 km\/h<\/strong>, lo que queda lejos de cualquier motocicleta del mercado en cuanto a autonom\u00eda o prestaciones,\u00a0qued\u00e1ndola\u00a0muy limitada a circulaci\u00f3n por ciudad, donde resulta verdaderamente econ\u00f3mica con una media <strong>en torno a los 0,50\u20ac de consumo cada 100 km<\/strong> (0,45\u20ac por ciudad y 0,66\u20ac por autopista), lo que ha hace la moto m\u00e1s econ\u00f3mica del mercado, pero para conseguirla tendremos que desembolsar previamente los cerca de 8,000\u20ac que cuesta.<\/p>\n<p style=\"text-align: justify;\">\u00a0 \u00a0 Para poder tener una carga completa tarda en torno a las tres horas, o dos en carga r\u00e1pida, siendo la bater\u00eda extra\u00edble para facilitar su carga o cambio por otra cargada.<\/p>\n<p style=\"text-align: justify;\">\u00a0 \u00a0\u00a0<strong>Chasis y Carrocer\u00eda: Ligera y Fuerte<a href=\"\/moterosdehoy\/wp-content\/uploads\/sites\/45\/2012\/10\/Chasis-de-la-Zero-XU.jpg\"><img loading=\"lazy\" class=\"alignright size-full wp-image-409\" title=\"Chasis de la Zero XU\" src=\"\/moterosdehoy\/wp-content\/uploads\/sites\/45\/2012\/10\/Chasis-de-la-Zero-XU.jpg\" alt=\"\" width=\"198\" height=\"144\" \/><\/a><\/strong><\/p>\n<p style=\"text-align: justify;\">\u00a0 \u00a0 La Zero XU est\u00e1 desarrollada a partir del chasis off-road incre\u00edblemente robusto, refinado para circular por la ciudad. El aluminio de grado aeroespacial utilizado, le proporciona un\u00a0incre\u00edble\u00a0robustez y ligereza. El resultado es una divertida motocicleta ideal para soportar las exigencias de las calles de las ciudades. En \u00e9l se puede apreciar un hueco rect\u00e1ngular que es donde se aloja la bater\u00eda.<\/p>\n<p style=\"text-align: justify;\"><strong>\u00a0 \u00a0 Cuadro de Mandos y Controles: Centrado en la conducci\u00f3n<\/strong><\/p>\n<p style=\"text-align: justify;\"><a href=\"\/moterosdehoy\/wp-content\/uploads\/sites\/45\/2012\/10\/Cuadro-de-la-Zero-XU.jpg\"><img loading=\"lazy\" class=\"alignleft size-full wp-image-410\" title=\"Cuadro de la Zero XU\" src=\"\/moterosdehoy\/wp-content\/uploads\/sites\/45\/2012\/10\/Cuadro-de-la-Zero-XU.jpg\" alt=\"\" width=\"200\" height=\"144\" \/><\/a>\u00a0 \u00a0 En el disponemos de la informaci\u00f3n de carga de la bater\u00eda y un interruptor para una <strong>conducci\u00f3n Sport o Eco<\/strong>. Adem\u00e1s de los indicadores normales de cualquier motocicleta.<\/p>\n<p style=\"text-align: justify;\">\u00a0 \u00a0 Adem\u00e1s a\u00f1adir que sus constructores dan una <strong>garant\u00eda \u201climitada\u201d de dos a\u00f1os<\/strong>. El primer a\u00f1o esta garant\u00eda limitada cubre las piezas, gastos de env\u00edo est\u00e1ndar y mano de obra de los componentes principales (incluyendo motor, controlador, grupo de potencia, horquilla, suspensi\u00f3n y cuadro). El segundo a\u00f1o de esta garant\u00eda limitada cubre las piezas de esos mismos componentes. La garant\u00eda no cubre da\u00f1os causados por un uso indebido (incluyendo competiciones y carreras), almacenamiento o modificaciones de cualquier tipo.<\/p>\n<p style=\"text-align: justify;\">\u00a0 \u00a0 Si quieres ver su ficha t\u00e9cnica haz <a title=\"Ficha t\u00e9cnica de la Zero XU\" href=\"http:\/\/www.zeromotorcycles.com\/es\/zero-xu-ficha-tecnica\" target=\"_blank\" rel=\"external nofollow\">click aqu\u00ed<\/a>.<\/p>\n<p style=\"text-align: justify;\"><strong>\u00a0 \u00a0 Saludos y r\u00e1fagas.<\/strong><\/p>\n<p>&nbsp;<\/p>\n<!-- AddThis Advanced Settings generic via filter on the_content --><!-- AddThis Share Buttons generic via filter on the_content -->","protected":false},"excerpt":{"rendered":"<p>\u00a0 \u00a0 Bajo el nombre de Zero XU nos encontramos una motocicleta innovadora, ligera y el\u00e9ctrica, que combina tecnolog\u00eda punta, rendimiento y funcionalidad para ofrecer lo \u00faltimo en Urban-Commuter. \u00a0 \u00a0 La Zero XU tiene un estilo \u00e1gil para circular por ciudad, con el asiento bajo para facilitar su uso a cualquier tipo de motorista [&hellip;]<!-- AddThis Advanced Settings generic via filter on get_the_excerpt --><!-- AddThis Share Buttons generic via filter on get_the_excerpt --><\/p>\n","protected":false},"author":49,"featured_media":0,"comment_status":"open","ping_status":"closed","sticky":false,"template":"","format":"standard","meta":[],"categories":[8,13],"tags":[622,639,641,646,1040],"_links":{"self":[{"href":"https:\/\/blogs.hoy.es\/moterosdehoy\/wp-json\/wp\/v2\/posts\/407"}],"collection":[{"href":"https:\/\/blogs.hoy.es\/moterosdehoy\/wp-json\/wp\/v2\/posts"}],"about":[{"href":"https:\/\/blogs.hoy.es\/moterosdehoy\/wp-json\/wp\/v2\/types\/post"}],"author":[{"embeddable":true,"href":"https:\/\/blogs.hoy.es\/moterosdehoy\/wp-json\/wp\/v2\/users\/49"}],"replies":[{"embeddable":true,"href":"https:\/\/blogs.hoy.es\/moterosdehoy\/wp-json\/wp\/v2\/comments?post=407"}],"version-history":[{"count":0,"href":"https:\/\/blogs.hoy.es\/moterosdehoy\/wp-json\/wp\/v2\/posts\/407\/revisions"}],"wp:attachment":[{"href":"https:\/\/blogs.hoy.es\/moterosdehoy\/wp-json\/wp\/v2\/media?parent=407"}],"wp:term":[{"taxonomy":"category","embeddable":true,"href":"https:\/\/blogs.hoy.es\/moterosdehoy\/wp-json\/wp\/v2\/categories?post=407"},{"taxonomy":"post_tag","embeddable":true,"href":"https:\/\/blogs.hoy.es\/moterosdehoy\/wp-json\/wp\/v2\/tags?post=407"}],"curies":[{"name":"wp","href":"https:\/\/api.w.org\/{rel}","templated":true}]}}