{"id":415,"date":"2012-10-06T16:44:59","date_gmt":"2012-10-06T16:44:59","guid":{"rendered":"http:\/\/blogs.hoy.es\/moterosdehoy\/?p=415"},"modified":"2012-10-06T16:44:59","modified_gmt":"2012-10-06T16:44:59","slug":"puertas-abiertas-en-harley-extremadura","status":"publish","type":"post","link":"https:\/\/blogs.hoy.es\/moterosdehoy\/2012\/10\/06\/puertas-abiertas-en-harley-extremadura\/","title":{"rendered":"Puertas abiertas en Harley Extremadura"},"content":{"rendered":"<p style=\"text-align: justify;\">\u00a0 \u00a0 \u00c9ste fin de semana en Extremadura hay una fiesta de gran arraigo y tradici\u00f3n, se trata de la 559 feria de San Miguel, o mejor conocida feria internacional de ganader\u00eda, o m\u00e1s a\u00fan <a title=\"Feria de Zafra 2012\" href=\"http:\/\/www.zafra.es\/index.php\/typography\/tablon-de-anuncios-y-novedades\/192-programa-de-actividades-de-la-feria-de-zafra-2012\" target=\"_blank\" rel=\"external nofollow\">feria de Zafra<\/a>, pero los moteros tambi\u00e9n estamos de fiesta pues podemos disfrutar una vez m\u00e1s de la famosa jornada de puertas abiertas de <a title=\"Harley Davidson Extremadura\" href=\"http:\/\/www.harley-davidsonextremadura.com\/\" target=\"_blank\" rel=\"external nofollow\">Harley Davidson Extremadura<\/a>.<\/p>\n<div id=\"attachment_417\" style=\"width: 310px\" class=\"wp-caption alignright\"><a href=\"\/moterosdehoy\/wp-content\/uploads\/sites\/45\/2012\/10\/Concensionario-Harley.jpg\"><img aria-describedby=\"caption-attachment-417\" loading=\"lazy\" class=\"size-medium wp-image-417\" title=\"Concensionario Harley\" src=\"\/moterosdehoy\/wp-content\/uploads\/sites\/45\/2012\/10\/Concensionario-Harley.jpg\" alt=\"\" width=\"300\" height=\"225\" srcset=\"https:\/\/static-blogs.hoy.es\/wp-content\/uploads\/sites\/45\/2012\/10\/Concensionario-Harley.jpg 3264w, https:\/\/static-blogs.hoy.es\/wp-content\/uploads\/sites\/45\/2012\/10\/Concensionario-Harley-300x225.jpg 300w, https:\/\/static-blogs.hoy.es\/wp-content\/uploads\/sites\/45\/2012\/10\/Concensionario-Harley-768x576.jpg 768w, https:\/\/static-blogs.hoy.es\/wp-content\/uploads\/sites\/45\/2012\/10\/Concensionario-Harley-1024x768.jpg 1024w\" sizes=\"(max-width: 300px) 100vw, 300px\" \/><\/a><p id=\"caption-attachment-417\" class=\"wp-caption-text\">Interior concesionario Harley Davidson Extremadura<\/p><\/div>\n<p style=\"text-align: justify;\">\u00a0 \u00a0 Entre <strong>los d\u00edas 5, 6 y 7 de octubre<\/strong> 2012 (viernes, s\u00e1bado y domingo) el concesionario<strong> Harley Davidson de Extremadura<\/strong>, <a title=\"Ubicaci\u00f3n Harley Davidson Extremadura\" href=\"http:\/\/www.harley-davidsonextremadura.com\/index.php?ll=situacion\" target=\"_blank\" rel=\"external nofollow\">sito en<\/a>\u00a0el m\u00e1rgen izquierdo del km \u00a0334,200 de la antigua N-V, M\u00e9rida (Badajoz), realiza una jornada de puertas abiertas de su establecimiento donde dar\u00e1 a conocer y con posibilidad de probar sus nuevos modelos, entre ellos tienen disponible:<\/p>\n<p>SPORTSTER 883 IRON<br \/>\nSPORTSTER 1200 CUSTOM<br \/>\nDYNA STREET BOB<br \/>\nTOURING STREET GLIDE<br \/>\nV-ROD NIGHT ROD SPECIAL<\/p>\n<p style=\"text-align: justify;\">\u00a0 \u00a0Para ello, adem\u00e1s de pasarte por all\u00ed para disfrutar de su tienda y restaurante abiertos durante todo el fin de semana, puedes llamar al telf. 924 123 876 y solicitar tu prueba de una de ellas.<\/p>\n<p style=\"text-align: justify;\">\u00a0 \u00a0Nosotros pasamos por all\u00ed y adem\u00e1s de disfrutar del ambiente motero, pudimos probar la <a title=\"V-ROD night Rod special\" href=\"http:\/\/www.google.es\/search?q=V-ROD+NIGHT+ROD+SPECIAL&#038;hl=es&#038;prmd=imvnsfd&#038;tbm=isch&#038;tbo=u&#038;source=univ&#038;sa=X&#038;ei=RltwULfPFa7J0AXZnYDgCw&#038;ved=0CCMQsAQ&#038;biw=1280&#038;bih=663\" target=\"_blank\" rel=\"external nofollow\">V-ROD NIGHT ROD SPECIAL<\/a>.<\/p>\n<div id=\"attachment_416\" style=\"width: 310px\" class=\"wp-caption alignright\"><a href=\"\/moterosdehoy\/wp-content\/uploads\/sites\/45\/2012\/10\/Dep\u00f3sito.jpg\"><img aria-describedby=\"caption-attachment-416\" loading=\"lazy\" class=\"size-medium wp-image-416\" title=\"Dep\u00f3sito\" src=\"\/moterosdehoy\/wp-content\/uploads\/sites\/45\/2012\/10\/Dep\u00f3sito.jpg\" alt=\"\" width=\"300\" height=\"225\" srcset=\"https:\/\/static-blogs.hoy.es\/wp-content\/uploads\/sites\/45\/2012\/10\/Dep\u00f3sito.jpg 3264w, https:\/\/static-blogs.hoy.es\/wp-content\/uploads\/sites\/45\/2012\/10\/Dep\u00f3sito-300x225.jpg 300w, https:\/\/static-blogs.hoy.es\/wp-content\/uploads\/sites\/45\/2012\/10\/Dep\u00f3sito-768x576.jpg 768w, https:\/\/static-blogs.hoy.es\/wp-content\/uploads\/sites\/45\/2012\/10\/Dep\u00f3sito-1024x768.jpg 1024w\" sizes=\"(max-width: 300px) 100vw, 300px\" \/><\/a><p id=\"caption-attachment-416\" class=\"wp-caption-text\">Ubicaci\u00f3n del dep\u00f3sito de combustible<\/p><\/div>\n<p style=\"text-align: justify;\">\u00a0 \u00a0Hay que recordar que \u00e9ste modelo de Harley es el \u00fanico que va refrigerado por agua en lugar de aire como es tradicional y en su construcci\u00f3n se vieron implicadas las grandes constructoras <a title=\"Porsche\" href=\"http:\/\/www.porsche.com\/spain\/\" target=\"_blank\" rel=\"external nofollow\">PORSCHE<\/a> y HARLEY DAVIDSON. Entre sus caracter\u00edsticas m\u00e1s estridentes encontramos que el dep\u00f3sito de la gasolina se encuentra bajo el sill\u00edn del conductor y el supuesto dep\u00f3sito de combustible es para albergar el agua del sistema de refrigeraci\u00f3n.<\/p>\n<p style=\"text-align: justify;\">\u00a0 \u00a0Entre sus cambios con el modelo anterior, se encuentra una horquilla delantera diferente, ahora es invertida y nos permite una conducci\u00f3n m\u00e1s c\u00f3moda, tambi\u00e9n <strong>la posici\u00f3n del conductor es m\u00e1s al estilo Harley<\/strong> y m\u00e1s alejada de la t\u00edpica conducci\u00f3n deportiva.<\/p>\n<p style=\"text-align: justify;\">\u00a0 \u00a0 Cuando la observamos llama la atenci\u00f3n que trat\u00e1ndose de una Harley tiene un estilo a la vez deportivo y futurista, pero una vez que subes sobre ella si no miras hacia abajo parece que est\u00e1s sentado sobre una custom. En \u00e9sta revisi\u00f3n 2012 del modelo han posicionado un poco m\u00e1s los estribos delanteros hacia delante, al igual que han acercado un poco el manillar hacia el conductor, de \u00e9ste modo a\u00fan trat\u00e1ndose de una moto deportiva con <strong>nada menos que 125 cv<\/strong>, puedes llevar una posici\u00f3n muy erguida y en el momento de querer aceleraci\u00f3n, que por cierto tiene y mucha, tan solo tienes que agacharte un poco y disfrutar.<\/p>\n<p style=\"text-align: justify;\">\u00a0 \u00a0 Continuando con las sensaciones al subir sobre ella, para los que no est\u00e1n acostumbrados a la nuevas Harleys lleva una \u00a0llave de seguridad para el bloqueo y un <strong>mando inal\u00e1mbrico<\/strong>, el cual solo con llevarlo en el bolsillo ser\u00e1 suficiente para que la moto reconozca que puede arrancar cuando accionemos el interruptor. Adem\u00e1s ese mismo mando inal\u00e1mbrico har\u00e1 que salte la <strong>alarma<\/strong> de la Harley en caso de no encontrarse cerca de ella si\u00a0alguien se sube o le cambia la inclinaci\u00f3n.<\/p>\n<p style=\"text-align: justify;\">\u00a0 \u00a0 \u00a0Una vez que iniciamos la marcha lo primero que impresiona es que parece que es autom\u00e1tica, la primera velocidad sobre todo se estira much\u00edsimo, pero luego gracias a su motor de 1.250 cc y su gran par motor, nos va ha permitir rodar en quinta velocidad a muy poca velocidad sin tener problemas a la hora de volver a dar gas.<\/p>\n<p style=\"text-align: justify;\">\u00a0 \u00a0 <strong>La conducci\u00f3n es muy suave y el paso por curva<\/strong>, a pesar de llevar una rueda trasera de 240 mm una vez que te adaptas es simplemente impresionante, parece que va por un\u00a0ra\u00edl adem\u00e1s de que <strong>permite apretar gas hasta niveles que te har\u00e1n sobrecogerte<\/strong>.<\/p>\n<p style=\"text-align: justify;\">\u00a0 \u00a0 <strong>Un consejo<\/strong>, si te vas a hacer de ella y vas a llevar pasajero, ya de entrada a\u00f1\u00e1dele un <strong>respaldo para el asiento trasero<\/strong>, los hay bajos que no rompen la est\u00e9tica de la motocicleta y tu acompa\u00f1ante te lo agradecer\u00e1, acelera mucho y si quieres disfrutar de ello el pasajero lo pasar\u00e1 mal.<\/p>\n<h3 style=\"text-align: justify;\"><strong>\u00a0 \u00a0\u00a0Ficha t\u00e9cnica de la Harley Davidson V-Rod\u00ae<\/strong><\/h3>\n<div class=\"mceTemp\" style=\"text-align: justify;\">\n<h2><!--more--><\/h2>\n<p><a id=\"ficha-tecnica\" name=\"ficha-tecnica\"><\/a><\/p>\n<table>\n<caption>\u00a0<\/caption>\n<tfoot>\n<tr>\n<td colspan=\"2\">Fuente:\u00a0<a href=\"http:\/\/www.harley-davidson.com\/wcm\/Content\/Pages\/home.jsp?locale=es_ES\" rel=\"nofollow external\">Harley Davidson Espa\u00f1a<\/a><\/td>\n<\/tr>\n<\/tfoot>\n<tbody>\n<tr>\n<th colspan=\"2\">Dimensiones<\/th>\n<\/tr>\n<tr>\n<th>Longitud<\/th>\n<td>2.455 mm<\/td>\n<\/tr>\n<tr>\n<th>Altura siento (Cargada)<\/th>\n<td>660,4 mm<\/td>\n<\/tr>\n<tr>\n<th>Distancia libre al suelo<\/th>\n<td>127 mm<\/td>\n<\/tr>\n<tr>\n<th>Lanzamiento\/avance<\/th>\n<td>34\u00b0 \/ 114.3 mm<\/td>\n<\/tr>\n<tr>\n<th>Distancia entre ejes<\/th>\n<td>1.715 mm<\/td>\n<\/tr>\n<tr>\n<th>Capacidad de gasolina<\/th>\n<td>18,9 L<\/td>\n<\/tr>\n<tr>\n<th>Capacidad de aceite<\/th>\n<td>4,3 L<\/td>\n<\/tr>\n<tr>\n<th>Peso en vac\u00edo<\/th>\n<td>292 Kg<\/td>\n<\/tr>\n<tr>\n<th>Luggage Capacity<\/th>\n<td>N\/A<\/td>\n<\/tr>\n<tr>\n<th colspan=\"2\">Motor<\/th>\n<\/tr>\n<tr>\n<th>Motor<\/th>\n<td>V-Twin a 60\u00ba con refrigeraci\u00f3n l\u00edquida Revolution\u00ae<\/td>\n<\/tr>\n<tr>\n<th>Cilindrada<\/th>\n<td>1.250 c.c.<\/td>\n<\/tr>\n<tr>\n<th>Di\u00e1metro x Carrera<\/th>\n<td>105 x 72 mm<\/td>\n<\/tr>\n<tr>\n<th>Par Motor (norma EC95\/1 de la UE)<\/th>\n<td>115Nm @ 7000 RPM<\/td>\n<\/tr>\n<tr>\n<th>Alimentaci\u00f3n<\/th>\n<td>Sistema de inyecci\u00f3n de combustible electr\u00f3nico secuencial ESPFI (Electronic Sequential Port Fuel Injection)<\/td>\n<\/tr>\n<tr>\n<th>Relaci\u00f3n de Compresi\u00f3n<\/th>\n<td>11.5 : 1<\/td>\n<\/tr>\n<tr>\n<th>Liters per 100 KM &#8211; ESPFI<\/th>\n<td>5.6 hwy \/ 6.9 city<br \/>\nCambio, relaci\u00f3n 64\/117<\/td>\n<\/tr>\n<\/tbody>\n<tbody>\n<tr>\n<th>Relaci\u00f3n de Cambios (General)<\/th>\n<td><\/td>\n<\/tr>\n<tr>\n<th>1\u00aa<\/th>\n<td>11.752<\/td>\n<\/tr>\n<tr>\n<th>2\u00aa<\/th>\n<td>7.898<\/td>\n<\/tr>\n<tr>\n<th>3\u00aa<\/th>\n<td>6.322<\/td>\n<\/tr>\n<tr>\n<th>4\u00aa<\/th>\n<td>5.459<\/td>\n<\/tr>\n<tr>\n<th>5\u00aa<\/th>\n<td>4.889<\/td>\n<\/tr>\n<tr>\n<th><\/th>\n<td><\/td>\n<\/tr>\n<tr>\n<th colspan=\"2\">Ruedas\/Neum\u00e1ticos<\/th>\n<td><\/td>\n<\/tr>\n<tr>\n<th>Rueda delantera<\/th>\n<td>Cromada, perfil de aluminio con radios<\/td>\n<\/tr>\n<tr>\n<th>rueda trasera<\/th>\n<td>Mecanizada, disco ranurado en fundici\u00f3n de aluminio<\/td>\n<\/tr>\n<tr>\n<th colspan=\"2\">Tama\u00f1o Neum\u00e1ticos<\/th>\n<td><\/td>\n<\/tr>\n<tr>\n<th>Rueda delantera<\/th>\n<td>120\/70ZR-19 60W<\/td>\n<\/tr>\n<tr>\n<th>Rueda trasera<\/th>\n<td>240\/40R-18 79V<\/td>\n<\/tr>\n<tr>\n<th colspan=\"2\">Instrumentos<\/th>\n<td><\/td>\n<\/tr>\n<tr>\n<th>Instrumentos<\/th>\n<td>Veloc\u00edmetro electr\u00f3nico con od\u00f3metro; Od\u00f3metro con reloj horario; Cuentakil\u00f3metros parcial dual ajustable a cero; Tac\u00f3metro<\/td>\n<\/tr>\n<tr>\n<th>Indicadores luminosos<\/th>\n<td>Luz larga, punto muerto, baja presi\u00f3n de aceite, indicadores de intermitentes, diagn\u00f3stico del motor, avisos de entrada en reserva, sistema de seguridad<\/td>\n<\/tr>\n<tr>\n<th>Reverse Function<\/th>\n<td>N\/A<\/td>\n<\/tr>\n<tr>\n<th colspan=\"2\">Chasis<\/th>\n<td><\/td>\n<\/tr>\n<tr>\n<th>Frenos<\/th>\n<td>Delanteros y traseros de 4 pistones<\/td>\n<\/tr>\n<tr>\n<th>Angulo inclinaci\u00f3n<\/th>\n<td>32\u00b0 \/ 32\u00b0 seg\u00fan (SAE J1168 grados izda.\/dcha.)<\/td>\n<\/tr>\n<tr>\n<th>Sistema de escape<\/th>\n<td>Escape cromado sesgado con silenciadores dobles<\/td>\n<\/tr>\n<tr>\n<th colspan=\"2\">Opciones de color<\/th>\n<td><\/td>\n<\/tr>\n<tr>\n<th><\/th>\n<td>Vivid Black; Black Pearl; Pewter Pearl; Dark Blue Pearl (New); Candy Red Sunglo (New); doble tono Pacific Blue Pearl\/Vivid Black (New)<\/td>\n<\/tr>\n<tr>\n<th colspan=\"2\">Caracter\u00edsticas exclusivas<\/th>\n<td><\/td>\n<\/tr>\n<tr>\n<th><\/th>\n<td>Motor acabado en polvo plata y carb\u00f3n bitono con tapas cromadas; Ancho neum\u00e1tico posterior de 240 mm; Visor del faro, cromado; Embrague antirebote; Palanca de embrague revisada con menor esfuerzo de accionamiento; Reposapi\u00e9s avanzados para el conductor; Reposapi\u00e9s est\u00e1ndar para el pasajero; Manillar de acero inoxidable, retrasado; Asiento de vinilo con textura de dos plazas, dos piezas; Frenos delantero y trasero con pinzas Brembo\u00ae y dos discos<\/td>\n<\/tr>\n<tr>\n<th colspan=\"2\">Tasaci\u00f3n<\/th>\n<td><\/td>\n<\/tr>\n<tr>\n<th>Solid<\/th>\n<td>Sin ABS: 19.750 \u20ac<br \/>\nCon ABS: 20.750 \u20ac<\/td>\n<\/tr>\n<tr>\n<th>Color<\/th>\n<td>Sin ABS: 20.000 \u20ac<br \/>\nCon ABS: 21.000 \u20ac<\/td>\n<\/tr>\n<tr>\n<th>Doble color<\/th>\n<td>Sin ABS: 20.300 \u20ac<br \/>\nCon ABS: 21.300 \u20ac<\/td>\n<\/tr>\n<tr>\n<th>Custom<\/th>\n<td>N\/A \u20ac<\/td>\n<\/tr>\n<tr>\n<th>Anodized<\/th>\n<td>N\/A \u20ac<\/td>\n<\/tr>\n<tr>\n<th>Whell Option<\/th>\n<td>N\/A \u20ac<\/td>\n<\/tr>\n<tr>\n<th>Security System Option<\/th>\n<td>De serie<\/td>\n<\/tr>\n<tr>\n<th>Cruise Control<\/th>\n<td>N\/A \u20ac<\/td>\n<\/tr>\n<\/tbody>\n<\/table>\n<\/div>\n<div class=\"mceTemp\" style=\"text-align: justify;\"><\/div>\n<div class=\"mceTemp\" style=\"text-align: justify;\">\n\n<\/div>\n<div class=\"mceTemp\" style=\"text-align: justify;\"><\/div>\n<div class=\"mceTemp\" style=\"text-align: justify;\"><strong>\u00a0 \u00a0Saludos y r\u00e1fagas.<\/strong><\/div>\n<div class=\"mceTemp\" style=\"text-align: justify;\"><\/div>\n<!-- AddThis Advanced Settings generic via filter on the_content --><!-- AddThis Share Buttons generic via filter on the_content -->","protected":false},"excerpt":{"rendered":"<p>\u00a0 \u00a0 \u00c9ste fin de semana en Extremadura hay una fiesta de gran arraigo y tradici\u00f3n, se trata de la 559 feria de San Miguel, o mejor conocida feria internacional de ganader\u00eda, o m\u00e1s a\u00fan feria de Zafra, pero los moteros tambi\u00e9n estamos de fiesta pues podemos disfrutar una vez m\u00e1s de la famosa jornada [&hellip;]<!-- AddThis Advanced Settings generic via filter on get_the_excerpt --><!-- AddThis Share Buttons generic via filter on get_the_excerpt --><\/p>\n","protected":false},"author":49,"featured_media":0,"comment_status":"open","ping_status":"closed","sticky":false,"template":"","format":"standard","meta":[],"categories":[6,13],"tags":[455,530,622,624,639,641,977,978],"_links":{"self":[{"href":"https:\/\/blogs.hoy.es\/moterosdehoy\/wp-json\/wp\/v2\/posts\/415"}],"collection":[{"href":"https:\/\/blogs.hoy.es\/moterosdehoy\/wp-json\/wp\/v2\/posts"}],"about":[{"href":"https:\/\/blogs.hoy.es\/moterosdehoy\/wp-json\/wp\/v2\/types\/post"}],"author":[{"embeddable":true,"href":"https:\/\/blogs.hoy.es\/moterosdehoy\/wp-json\/wp\/v2\/users\/49"}],"replies":[{"embeddable":true,"href":"https:\/\/blogs.hoy.es\/moterosdehoy\/wp-json\/wp\/v2\/comments?post=415"}],"version-history":[{"count":0,"href":"https:\/\/blogs.hoy.es\/moterosdehoy\/wp-json\/wp\/v2\/posts\/415\/revisions"}],"wp:attachment":[{"href":"https:\/\/blogs.hoy.es\/moterosdehoy\/wp-json\/wp\/v2\/media?parent=415"}],"wp:term":[{"taxonomy":"category","embeddable":true,"href":"https:\/\/blogs.hoy.es\/moterosdehoy\/wp-json\/wp\/v2\/categories?post=415"},{"taxonomy":"post_tag","embeddable":true,"href":"https:\/\/blogs.hoy.es\/moterosdehoy\/wp-json\/wp\/v2\/tags?post=415"}],"curies":[{"name":"wp","href":"https:\/\/api.w.org\/{rel}","templated":true}]}}