{"id":425,"date":"2012-10-08T13:07:25","date_gmt":"2012-10-08T13:07:25","guid":{"rendered":"http:\/\/blogs.hoy.es\/moterosdehoy\/?p=425"},"modified":"2012-10-08T13:07:25","modified_gmt":"2012-10-08T13:07:25","slug":"los-moteros-animan-el-domingo-de-badajoz","status":"publish","type":"post","link":"https:\/\/blogs.hoy.es\/moterosdehoy\/2012\/10\/08\/los-moteros-animan-el-domingo-de-badajoz\/","title":{"rendered":"Los moteros animan el domingo de Badajoz"},"content":{"rendered":"<p style=\"text-align: justify;\">\u00a0 \u00a0 El\u00a0<strong>d\u00eda 7 de Octubre 2012<\/strong>\u00a0de la mano del grupo motero Sektor Oscuro pudimos disfrutar\u00a0<strong>en Badajoz\u00a0<\/strong>de un buen encuentro motero.<a href=\"\/moterosdehoy\/wp-content\/uploads\/sites\/45\/2012\/10\/Motero-en-Puerta-Palma.jpg\"><img loading=\"lazy\" class=\"alignright size-medium wp-image-427\" title=\"Motero en Puerta Palma\" src=\"\/moterosdehoy\/wp-content\/uploads\/sites\/45\/2012\/10\/Motero-en-Puerta-Palma.jpg\" alt=\"\" width=\"300\" height=\"225\" srcset=\"https:\/\/static-blogs.hoy.es\/wp-content\/uploads\/sites\/45\/2012\/10\/Motero-en-Puerta-Palma.jpg 3264w, https:\/\/static-blogs.hoy.es\/wp-content\/uploads\/sites\/45\/2012\/10\/Motero-en-Puerta-Palma-300x225.jpg 300w, https:\/\/static-blogs.hoy.es\/wp-content\/uploads\/sites\/45\/2012\/10\/Motero-en-Puerta-Palma-768x576.jpg 768w, https:\/\/static-blogs.hoy.es\/wp-content\/uploads\/sites\/45\/2012\/10\/Motero-en-Puerta-Palma-1024x768.jpg 1024w\" sizes=\"(max-width: 300px) 100vw, 300px\" \/><\/a><\/p>\n<p style=\"text-align: justify;\">\u00a0 \u00a0 \u00a0\u00a0En principio no iba a ser m\u00e1s que una reuni\u00f3n de unos veinte o treinta amigos moteros con sus monturas, pero entre el boca a boca y gracias a Internet con las herramientas que nos facilita para la comunicaci\u00f3n, al final, nos pudimos reunir m\u00e1s de cien motos, en las que en muchas de ellas iban dos personas. Incluso se acercaron moteros de otras localidades de la provincia como el caso de La Codosera, y otras provincias como C\u00e1ceres, Sevilla, C\u00e1diz y C\u00f3rdoba. Con asistencia de varios clubs moteros como <strong><a title=\"Motoclub V.O.C.S.\" href=\"http:\/\/www.vocs.org\/\" target=\"_blank\" rel=\"external nofollow\">V.O.C.S.<\/a><\/strong>, <a title=\"Motoclub \u00c1ngeles Guardianes\" href=\"http:\/\/www.angelesguardianesapm.es\/cms\/\" target=\"_blank\" rel=\"external nofollow\">\u00c1ngeles Guardianes<\/a>, <a title=\"Motoclub Buitres Leonaos\" href=\"http:\/\/www.buitresleonaos.com\/\" target=\"_blank\" rel=\"external nofollow\">Buitres Leonaos<\/a> y la pe\u00f1a motera\u00a0<a title=\"Pe\u00f1a motera Espantaperros\" href=\"http:\/\/espantaperros.blogspot.com.es\/\" target=\"_blank\" rel=\"external nofollow\">Espantaperros<\/a>.<\/p>\n<p style=\"text-align: justify;\">\u00a0 \u00a0 \u00a0En definitiva fue un d\u00eda en el que se demostr\u00f3 la conducci\u00f3n c\u00edvica de los moteros, en el que no hubo ning\u00fan problema, siendo \u00e9sta una de las cuestiones que los organizadores se llevaron un poco las manos a la cabeza cuando ve\u00edan que la lista de asistentes sub\u00eda y sub\u00eda.<\/p>\n<p style=\"text-align: justify;\">\u00a0 \u00a0 \u00a0 Era una pena que una ciudad como Badajoz en la que hay gran afici\u00f3n a las motos e incluso varios motoclubs, ninguno se lanzara a realizar algo. Es de esperar que para el a\u00f1o que viene los diferentes motoclubs tomen nota y adem\u00e1s de \u00e9ste buen encuentro que ojal\u00e1 se vuelva a producir, se organice una Concentraci\u00f3n Internacional Motera en toda regla, en la que ser\u00eda de esperar que se pusieran de acuerdo entre todos ellos para realizar algo serio. Desde aqu\u00ed y de ante mano tendr\u00edan todo nuestro apoyo.<\/p>\n<p style=\"text-align: justify;\">\u00a0 \u00a0 Como dicen que una imagen vale m\u00e1s que mil palabras aqu\u00ed os pongo unas <strong><a title=\"Fotos del Primer encuentro motero en Badajoz\" href=\"http:\/\/www.hoy.es\/multimedia\/fotos\/ultimos\/107897-convivencia-motera-badajoz-0.html\" target=\"_blank\" rel=\"external nofollow\">fotos de como transcurri\u00f3 el d\u00eda<\/a><\/strong>.<\/p>\n<p style=\"text-align: justify;\">\u00a0 \u00a0Todo comenz\u00f3 con un desayuno en el <strong><a title=\"Restaurante Laguna Seca\" href=\"http:\/\/www.extremadura.com\/social\/pageitem\/cafeteria-restaurante-laguna-seca\" target=\"_blank\" rel=\"external nofollow\">Restaurante Laguna Seca<\/a><\/strong>, donde nos <strong>regalaban las migas<\/strong>, como ya es costumbre todos los fines de semana a moteros y ciclistas. Posteriormente salimos a una ruta que tras pasar por la presa del \u00c1guila paseamos por la zona norte de la provincia, para parar en el <strong><a title=\"Hotel Restaurante Castillo de Luna\" href=\"http:\/\/www.bodas.net\/castillos\/hotel-restaurante-castillo-de-luna--e13604\" target=\"_blank\" rel=\"external nofollow\">Hotel Restaurante Castillo de Luna<\/a>, <\/strong>donde nos esperaban con una gran paella para servir a modo de aperitivo con las consumiciones que se pidieran.<\/p>\n<p style=\"text-align: justify;\">\u00a0 \u00a0Para finalizar con un paseo por Badajoz, para dirigirnos al Hollister Club Custom, donde nos esperaban con una parrillada.<\/p>\n<p style=\"text-align: justify;\">\u00a0 \u00a0Ya que he hecho menci\u00f3n al Hollister, indicar\u00e9 que es un club de socios en el que unos amigos est\u00e1n tratando de dar cabida a diferentes grupos de la sociedad, como es el caso de moteros. Dentro de sus instalaciones que ellos mismos van acondicionando con sus manos y material reciclado, disponen de una zona de bar con escenario para conciertos, aseo, gimnasio, estudio de fotograf\u00eda y video, sala con material de <a title=\"Paintball\" href=\"http:\/\/es.wikipedia.org\/wiki\/Paintball\" target=\"_blank\" rel=\"external nofollow\">paintball<\/a>, zonas para realizar <a title=\"Graffiti\" href=\"http:\/\/es.wikipedia.org\/wiki\/Grafiti\" target=\"_blank\" rel=\"external nofollow\">graffitis<\/a>, sal\u00f3n para esparcimiento e incluso un dormitorio. Poco a poco van dando acogida a nuevos temas, seg\u00fan van surgiendo las necesidades.<\/p>\n<p style=\"text-align: justify;\">\u00a0 \u00a0Tras el \u00e9xito del \u201c<a title=\"Primer encuentro motero de Badajoz\" href=\"https:\/\/blogs.hoy.es\/moterosdehoy\/2012\/09\/27\/kedada-motera-en-badajoz\/\" target=\"_blank\">Primer encuentro motero de Badajoz<\/a>\u201d, seguro que\u00a0<strong>el grupo\u00a0<a title=\"Sektor Oscuro\" href=\"http:\/\/www.sektores.com\/foro\/forumdisplay.php?f=71\" target=\"_blank\" rel=\"external nofollow\">Sektor Oscuro<\/a><\/strong> estar\u00e1 ya pensando en un nuevo encuentro para el a\u00f1o que viene.<\/p>\n<p style=\"text-align: justify;\"><strong>\u00a0 \u00a0 Saludos y r\u00e1fagas.<\/strong><\/p>\n<!-- AddThis Advanced Settings generic via filter on the_content --><!-- AddThis Share Buttons generic via filter on the_content -->","protected":false},"excerpt":{"rendered":"<p>\u00a0 \u00a0 El\u00a0d\u00eda 7 de Octubre 2012\u00a0de la mano del grupo motero Sektor Oscuro pudimos disfrutar\u00a0en Badajoz\u00a0de un buen encuentro motero. \u00a0 \u00a0 \u00a0\u00a0En principio no iba a ser m\u00e1s que una reuni\u00f3n de unos veinte o treinta amigos moteros con sus monturas, pero entre el boca a boca y gracias a Internet con las [&hellip;]<!-- AddThis Advanced Settings generic via filter on get_the_excerpt --><!-- AddThis Share Buttons generic via filter on get_the_excerpt --><\/p>\n","protected":false},"author":49,"featured_media":0,"comment_status":"open","ping_status":"closed","sticky":false,"template":"","format":"standard","meta":[],"categories":[7,13],"tags":[471,622,624,639,641],"_links":{"self":[{"href":"https:\/\/blogs.hoy.es\/moterosdehoy\/wp-json\/wp\/v2\/posts\/425"}],"collection":[{"href":"https:\/\/blogs.hoy.es\/moterosdehoy\/wp-json\/wp\/v2\/posts"}],"about":[{"href":"https:\/\/blogs.hoy.es\/moterosdehoy\/wp-json\/wp\/v2\/types\/post"}],"author":[{"embeddable":true,"href":"https:\/\/blogs.hoy.es\/moterosdehoy\/wp-json\/wp\/v2\/users\/49"}],"replies":[{"embeddable":true,"href":"https:\/\/blogs.hoy.es\/moterosdehoy\/wp-json\/wp\/v2\/comments?post=425"}],"version-history":[{"count":0,"href":"https:\/\/blogs.hoy.es\/moterosdehoy\/wp-json\/wp\/v2\/posts\/425\/revisions"}],"wp:attachment":[{"href":"https:\/\/blogs.hoy.es\/moterosdehoy\/wp-json\/wp\/v2\/media?parent=425"}],"wp:term":[{"taxonomy":"category","embeddable":true,"href":"https:\/\/blogs.hoy.es\/moterosdehoy\/wp-json\/wp\/v2\/categories?post=425"},{"taxonomy":"post_tag","embeddable":true,"href":"https:\/\/blogs.hoy.es\/moterosdehoy\/wp-json\/wp\/v2\/tags?post=425"}],"curies":[{"name":"wp","href":"https:\/\/api.w.org\/{rel}","templated":true}]}}